{"id":79020,"date":"2024-12-19T13:09:29","date_gmt":"2024-12-19T13:09:29","guid":{"rendered":"https:\/\/tvbrazilusa.com\/2024\/12\/19\/claudia-leitte-troca-iemanja-por-yeshua-e-e-acusada-de-racismo-veja-video\/"},"modified":"2024-12-19T13:09:32","modified_gmt":"2024-12-19T13:09:32","slug":"claudia-leitte-troca-iemanja-por-yeshua-e-e-acusada-de-racismo-veja-video","status":"publish","type":"post","link":"https:\/\/tvbrazilusa.com\/pt\/2024\/12\/19\/claudia-leitte-troca-iemanja-por-yeshua-e-e-acusada-de-racismo-veja-video\/","title":{"rendered":"Claudia Leitte troca Iemanj\u00e1 por Yeshua e \u00e9 acusada de racismo; VEJA V\u00cdDEO"},"content":{"rendered":"<p> <script async src=\"https:\/\/pagead2.googlesyndication.com\/pagead\/js\/adsbygoogle.js?client=ca-pub-8864793242727901\"\r\n     crossorigin=\"anonymous\"><\/script><br \/>\n<\/p>\n<div id=\"taboola-read-more\" style=\"display:block; width:100%\">\n<p>A cantora Claudia Leitte voltou a ser acusada de racismo por cantar a m\u00fasica Caranguejo, modificando o trecho que exalta Iemanj\u00e1 e substituindo por Yeshua. Evang\u00e9lica, a artista j\u00e1 fez essa mesma troca outra vez e tamb\u00e9m foi atacada nas redes sociais.<\/p>\n<p>Desta vez, a cr\u00edtica partiu do Secret\u00e1rio de Cultura e Turismo de Salvador, Pedro Tourinho, que publicou nesta ter\u00e7a-feira um texto nas redes sociais contra Claudia Leitte. Segundo ele, a a\u00e7\u00e3o da cantora \u00e9 \u201cracismo\u201d.\n<\/p>\n<p>ASSISTA:<\/p>\n<p>Fonte: Pleno News              <\/p>\n<\/div>\n<p><br \/>\n<br \/><a href=\"https:\/\/diariodobrasilnoticias.com.br\/noticia\/claudia-leitte-troca-iemanja-por-yeshua-e-e-acusada-de-racismo-veja-video-6764043fb3fb0\">Source link <\/a><\/p>","protected":false},"excerpt":{"rendered":"<p>A cantora Claudia Leitte voltou a ser acusada de racismo por cantar a m\u00fasica Caranguejo, modificando o trecho que exalta Iemanj\u00e1 e substituindo por Yeshua. Evang\u00e9lica, a artista j\u00e1 fez&hellip;<\/p>","protected":false},"author":1,"featured_media":79021,"comment_status":"closed","ping_status":"open","sticky":false,"template":"","format":"standard","meta":{"content-type":"","footnotes":""},"categories":[16],"tags":[123,2448,5313,1267],"class_list":["post-79020","post","type-post","status-publish","format-standard","has-post-thumbnail","hentry","category-noticias","tag-brasil","tag-diario","tag-noticia","tag-noticias"],"_links":{"self":[{"href":"https:\/\/tvbrazilusa.com\/pt\/wp-json\/wp\/v2\/posts\/79020","targetHints":{"allow":["GET"]}}],"collection":[{"href":"https:\/\/tvbrazilusa.com\/pt\/wp-json\/wp\/v2\/posts"}],"about":[{"href":"https:\/\/tvbrazilusa.com\/pt\/wp-json\/wp\/v2\/types\/post"}],"author":[{"embeddable":true,"href":"https:\/\/tvbrazilusa.com\/pt\/wp-json\/wp\/v2\/users\/1"}],"replies":[{"embeddable":true,"href":"https:\/\/tvbrazilusa.com\/pt\/wp-json\/wp\/v2\/comments?post=79020"}],"version-history":[{"count":1,"href":"https:\/\/tvbrazilusa.com\/pt\/wp-json\/wp\/v2\/posts\/79020\/revisions"}],"predecessor-version":[{"id":79022,"href":"https:\/\/tvbrazilusa.com\/pt\/wp-json\/wp\/v2\/posts\/79020\/revisions\/79022"}],"wp:featuredmedia":[{"embeddable":true,"href":"https:\/\/tvbrazilusa.com\/pt\/wp-json\/wp\/v2\/media\/79021"}],"wp:attachment":[{"href":"https:\/\/tvbrazilusa.com\/pt\/wp-json\/wp\/v2\/media?parent=79020"}],"wp:term":[{"taxonomy":"category","embeddable":true,"href":"https:\/\/tvbrazilusa.com\/pt\/wp-json\/wp\/v2\/categories?post=79020"},{"taxonomy":"post_tag","embeddable":true,"href":"https:\/\/tvbrazilusa.com\/pt\/wp-json\/wp\/v2\/tags?post=79020"}],"curies":[{"name":"wp","href":"https:\/\/api.w.org\/{rel}","templated":true}]}}