{"id":79023,"date":"2024-12-19T13:05:35","date_gmt":"2024-12-19T13:05:35","guid":{"rendered":"https:\/\/tvbrazilusa.com\/2024\/12\/19\/revolution-assina-com-o-veterano-meio-campista-jackson-yueill-um-contrato-de-tres-anos\/"},"modified":"2024-12-19T13:14:38","modified_gmt":"2024-12-19T13:14:38","slug":"revolution-assina-com-o-veterano-meio-campista-jackson-yueill-um-contrato-de-tres-anos","status":"publish","type":"post","link":"https:\/\/tvbrazilusa.com\/pt\/2024\/12\/19\/revolution-assina-com-o-veterano-meio-campista-jackson-yueill-um-contrato-de-tres-anos\/","title":{"rendered":"Revolution assina com o veterano meio-campista Jackson Yueill um contrato de tr\u00eas anos"},"content":{"rendered":"<p> <script async src=\"https:\/\/pagead2.googlesyndication.com\/pagead\/js\/adsbygoogle.js?client=ca-pub-8864793242727901\"\r\n     crossorigin=\"anonymous\"><\/script><br \/>\n<\/p>\n<div id=\"\">\n<header class=\"m-article-header m-article-header--standard\">\n\t\t\t\t\t\t\t\t\t\t\t\t<span id=\"article-header-primary-term\"><br \/>\n\t\t\t\t\t\t\t\t<a class=\"a-term a-term--primary\" href=\"https:\/\/www.boston.com\/tag\/sports-news\/\"><\/p>\n<p>\t\t\t\t\t\t\t\tNot\u00edcias esportivas\t\t\t\t\t\t\t\t<\/a><br \/>\n\t\t\t\t\t\t\t<\/span><\/p>\n<h2 class=\"m-article-header__sub-headline\">O jogador de 27 anos jogou oito temporadas no San Jose Earthquakes e fez 210 partidas na temporada regular.<\/h2>\n<figure class=\"a-photo m-article-header__photo\"><figcaption class=\"a-photo__caption\">\n<p>\tJackson Yueill (\u00e0 esquerda) passou oito temporadas no San Jose Earthquakes, das quais foi capit\u00e3o nas \u00faltimas quatro.<em> Peter McCabe<\/em>\t<\/figcaption><\/figure>\n<div class=\"m-article-header__meta\">\n<div class=\"m-article-header__byline\">\n<p class=\"m-article-header__author\">\n<p>\t\t\t\t\t\t\t\tPor Andrew Mahoney, The Boston Globe\t\t\t\t\t\t\t<\/p>\n<p>\t\t\t\t\t\t\t\t\t\t\t\t\t\t\t<time class=\"m-article-header__date\"><\/p>\n<p>\t\t\t\t\t\t\t\t\t19 de dezembro de 2024 | 8h05\t\t\t\t\t\t\t\t<\/time><\/p><\/div>\n<\/p><\/div>\n<\/header>\n<p>O <a href=\"https:\/\/www.boston.com\/tag\/new-england-revolution\/\" target=\"_blank\" rel=\"noreferrer noopener\">Revolu\u00e7\u00e3o<\/a> assinou com o meio-campista Jackson Yueill um contrato de tr\u00eas anos, com op\u00e7\u00f5es de clube para 2028 e 29.<\/p>\n<p>O nativo de Minnesota jogou oito temporadas no San Jose Earthquakes, atuando como capit\u00e3o desde 2021, e fez 210 partidas na temporada regular. Na temporada passada, ele igualou o recorde de sua carreira com 32 jogos na temporada regular, com 28 partidas, marcando um gol e duas assist\u00eancias. Em todas as competi\u00e7\u00f5es, Yueill tem 232 partidas pelo San Jose, com 13 gols e 19 assist\u00eancias. Nas \u00faltimas cinco temporadas, seus 12.275 minutos jogados foram o sexto maior entre os ativos <a href=\"https:\/\/www.boston.com\/tag\/soccer\/\" target=\"_blank\" rel=\"noreferrer noopener\">MLS<\/a> jogadores.<\/p>\n<p>\u201cJackson Yueill \u00e9 um jogador talentoso que est\u00e1 no auge de sua carreira, mas tamb\u00e9m deseja conquistar mais\u201d, disse o t\u00e9cnico do Revolution, Caleb Porter, em comunicado. \u201cA lideran\u00e7a, o profissionalismo e a durabilidade geral de Jackson tamb\u00e9m s\u00e3o ativos intang\u00edveis importantes que agregar\u00e3o valor \u00e0 nossa cultura cotidiana. Estamos extremamente satisfeitos por ele querer juntar-se \u00e0 Revolu\u00e7\u00e3o da Nova Inglaterra e aguardamos com expectativa o seu impacto.\u201d<\/p>\n<p>No jogo internacional, Yueill, de 27 anos, soma 16 internacionaliza\u00e7\u00f5es pela sele\u00e7\u00e3o dos Estados Unidos. Ele estava na escala\u00e7\u00e3o para a a\u00e7\u00e3o da Liga das Na\u00e7\u00f5es da CONCACAF de 2019-20 e para os torneios da Copa Ouro da CONCACAF de 2021 e 23.<\/p>\n<p>Originalmente escolhido na primeira rodada do draft da MLS de 2017, Yueill passou parte de suas duas primeiras temporadas profissionais emprestado ao afiliado do Earthquakes no USL Championship, Reno 1868, onde fez sete partidas. Antes de ingressar na carreira profissional, ele se destacou por dois anos na UCLA, iniciando 34 de seus 40 jogos com nove gols e 17 assist\u00eancias.<\/p>\n<div class=\"m-block m-generic-cta\t m-generic-cta--post-content\t m-generic-cta--dark\t m-generic-cta--homepage\t m-generic-cta--email-signup\t\t m-generic-cta-block-style--default \tt-amp__generic-cta\"><\/p>\n<div class=\"m-generic-cta__wrap\">\n<div class=\"m-generic-cta__content\">\n<h3 class=\"m-generic-cta__title\">Receba as \u00faltimas not\u00edcias esportivas de Boston<\/h3>\n<p class=\"m-generic-cta__subtitle\">Receba atualiza\u00e7\u00f5es sobre seus times favoritos de Boston, direto da nossa reda\u00e7\u00e3o para sua caixa de entrada.<\/p>\n<\/p><\/div>\n<\/p><\/div>\n<\/div><\/div>\n<p><script>\n\t\tvar consent=\"grant\";\n\t\t\/* The above code is parsing the JSON data from the local storage and storing it in a variable. *\/\n\t\t\t\t\tconst onetrustStorageConsent = JSON.parse(localStorage.getItem( 'consent_one_trust_bdc' ) );\n\t\t\tif ( ( onetrustStorageConsent !== null ) ) {\n\t\t\t\t\/* Checking to see if the user has consented to the use of cookies.\n\t\t\t\t* If they have not, it is deleting the cookie.\n\t\t\t\t* This will comment for now, until further notice.\n\t\t\t\t*\/\n\t\t\t\t\/\/if ( onetrustStorageConsent.C0002 === false ) {\n\t\t\t\t\/\/\tdocument.cookie=\"_fbp=;expires=Thu, 01 Jan 2010 00:00:00 UTC; path=\/; domain=.boston.com\";\n\t\t\t\t\/\/}\n\t\t\t\t\/* Checking if the user has given consent for the cookie C0002.\n\t\t\t\t* If the user has given consent, the variable consent will be set to 'grant'.\n\t\t\t\t* If the user has not given consent,the variable consent will be set to 'revoke'.\n\t\t\t\t* Documentation https:\/\/developers.facebook.com\/docs\/meta-pixel\/implementation\/gdpr\n\t\t\t\t*\/\n\t\t\t\tif ( onetrustStorageConsent.C0002 !== true ) {\n\t\t\t\t\tconsent=\"revoke\";\n\t\t\t\t}\n\t\t\t}\n\t\t\t\t!function(f,b,e,v,n,t,s)\n\t\t{if(f.fbq)return;n=f.fbq=function(){n.callMethod?\n\t\tn.callMethod.apply(n,arguments):n.queue.push(arguments)};\n\t\tif(!f._fbq)f._fbq=n;n.push=n;n.loaded=!0;n.version='2.0';\n\t\tn.queue=[];t=b.createElement(e);t.async=!0;\n\t\tt.src=v;s=b.getElementsByTagName(e)[0];\n\t\ts.parentNode.insertBefore(t,s)}(window, document,'script',\n\t\t'https:\/\/connect.facebook.net\/en_US\/fbevents.js');\n\t\tfbq('consent', consent);\n\t\tfbq('init', '989222871864976');\n\t\tfbq('track', 'PageView');\n\t<\/script><script type=\"module\">\n\t\tvar consent=\"grant\";\n\t\t\/* The above code is parsing the JSON data from the local storage and storing it in a variable. *\/\n\t\t\tconst onetrustStorageConsent = JSON.parse(localStorage.getItem( 'consent_one_trust_bdc' ) );\n\t\t\t\/* Checking to see if the user has consented to the use of cookies.\n\t\t\t* If they have not, it is deleting the cookie.\n\t\t\t* This will comment for now, until further notice.\n\t\t\t*\/\n\t\t\t\/\/if ( onetrustStorageConsent.C0002 === false ) {\n\t\t\t\/\/\tdocument.cookie=\"_fbp=;expires=Thu, 01 Jan 2010 00:00:00 UTC; path=\/; domain=.boston.com\";\n\t\t\t\/\/}\n\t\t\t\/* Checking if the user has given consent for the cookie C0002.\n\t\t\t* If the user has given consent, the variable consent will be set to 'grant'.\n\t\t\t* If the user has not given consent,the variable consent will be set to 'revoke'.\n\t\t\t* Documentation https:\/\/developers.facebook.com\/docs\/meta-pixel\/implementation\/gdpr\n\t\t\t*\/\n\t\t\tif ( ( onetrustStorageConsent !== null ) && (onetrustStorageConsent.C0002 !== true ) ) {\n\t\t\t\tconsent=\"revoke\";\n\t\t\t}\n\t\t\t\t!function(f,b,e,v,n,t,s){if(f.fbq)return;n=f.fbq=function()\n\t\t{n.callMethod? n.callMethod.apply(n,arguments):n.queue.push(arguments)}\n\t\t;if(!f._fbq)f._fbq=n;\n\t\tn.push=n;n.loaded=!0;n.version='2.0';n.queue=[];t=b.createElement(e);t.async=!0;\n\t\tt.src=v;s=b.getElementsByTagName(e)[0];s.parentNode.insertBefore(t,s)}(window,\n\t\tdocument,'script','https:\/\/connect.facebook.net\/en_US\/fbevents.js');\n\t\tfbq('consent', consent);\n\t\tfbq('init', '813236348753005');\n\t\tfbq('track', \"PageView\");\n\t<\/script><br \/>\n<br \/><br \/>\n<br \/><a href=\"https:\/\/www.boston.com\/sports\/sports-news\/2024\/12\/19\/revolution-jackson-yueill-veteran-midfielder-mls\/\">Source link <\/a><\/p>","protected":false},"excerpt":{"rendered":"<p>Not\u00edcias esportivas O jogador de 27 anos jogou oito temporadas no San Jose Earthquakes e fez 210 partidas na temporada regular. Jackson Yueill (\u00e0 esquerda) passou oito temporadas no San&hellip;<\/p>","protected":false},"author":1,"featured_media":79024,"comment_status":"closed","ping_status":"open","sticky":false,"template":"","format":"standard","meta":{"content-type":"","footnotes":""},"categories":[1],"tags":[],"class_list":["post-79023","post","type-post","status-publish","format-standard","has-post-thumbnail","hentry","category-uncategorized"],"_links":{"self":[{"href":"https:\/\/tvbrazilusa.com\/pt\/wp-json\/wp\/v2\/posts\/79023","targetHints":{"allow":["GET"]}}],"collection":[{"href":"https:\/\/tvbrazilusa.com\/pt\/wp-json\/wp\/v2\/posts"}],"about":[{"href":"https:\/\/tvbrazilusa.com\/pt\/wp-json\/wp\/v2\/types\/post"}],"author":[{"embeddable":true,"href":"https:\/\/tvbrazilusa.com\/pt\/wp-json\/wp\/v2\/users\/1"}],"replies":[{"embeddable":true,"href":"https:\/\/tvbrazilusa.com\/pt\/wp-json\/wp\/v2\/comments?post=79023"}],"version-history":[{"count":1,"href":"https:\/\/tvbrazilusa.com\/pt\/wp-json\/wp\/v2\/posts\/79023\/revisions"}],"predecessor-version":[{"id":79025,"href":"https:\/\/tvbrazilusa.com\/pt\/wp-json\/wp\/v2\/posts\/79023\/revisions\/79025"}],"wp:featuredmedia":[{"embeddable":true,"href":"https:\/\/tvbrazilusa.com\/pt\/wp-json\/wp\/v2\/media\/79024"}],"wp:attachment":[{"href":"https:\/\/tvbrazilusa.com\/pt\/wp-json\/wp\/v2\/media?parent=79023"}],"wp:term":[{"taxonomy":"category","embeddable":true,"href":"https:\/\/tvbrazilusa.com\/pt\/wp-json\/wp\/v2\/categories?post=79023"},{"taxonomy":"post_tag","embeddable":true,"href":"https:\/\/tvbrazilusa.com\/pt\/wp-json\/wp\/v2\/tags?post=79023"}],"curies":[{"name":"wp","href":"https:\/\/api.w.org\/{rel}","templated":true}]}}