{"id":79026,"date":"2024-12-19T13:20:43","date_gmt":"2024-12-19T13:20:43","guid":{"rendered":"https:\/\/tvbrazilusa.com\/2024\/12\/19\/mucio-sinaliza-que-vai-sair-da-defesa\/"},"modified":"2024-12-19T13:20:44","modified_gmt":"2024-12-19T13:20:44","slug":"mucio-sinaliza-que-vai-sair-da-defesa","status":"publish","type":"post","link":"https:\/\/tvbrazilusa.com\/pt\/2024\/12\/19\/mucio-sinaliza-que-vai-sair-da-defesa\/","title":{"rendered":"M\u00facio sinaliza que vai sair da Defesa"},"content":{"rendered":"<p> <script async src=\"https:\/\/pagead2.googlesyndication.com\/pagead\/js\/adsbygoogle.js?client=ca-pub-8864793242727901\"\r\n     crossorigin=\"anonymous\"><\/script><br \/>\n<\/p>\n<div id=\"taboola-read-more\" style=\"display:block; width:100%\">\n<p>O ministro da Defesa, Jos\u00e9 M\u00facio, deve ter uma conversa com Lula nos pr\u00f3ximos dias sobre sua perman\u00eancia no governo.\n<\/p>\n<p>Interlocutores dele e do presidente afirmam que os dois mant\u00eam uma amizade inabal\u00e1vel, mas que M\u00facio, que aceitou o delicado cargo em nome de sua lealdade com o petista, j\u00e1 teria sinalizado que sua miss\u00e3o foi cumprida \u2014e que talvez a hora de deixar o cargo, e sua rotina massacrante, esteja pr\u00f3xima.<\/p>\n<p>A substitui\u00e7\u00e3o de M\u00facio n\u00e3o seria tarefa trivial: ele tem uma rela\u00e7\u00e3o excelente com todos os comandos das For\u00e7as Armadas, que atravessam um momento turbulento com as investiga\u00e7\u00f5es da Pol\u00edcia Federal (PF) sobre uma tentativa de golpe no Brasil. Pela primeira vez desde a redemocratiza\u00e7\u00e3o, um general de quatro estrelas, Braga Netto, foi preso.\n<\/p>\n<p>Por isso Lula estuda nomes de peso para o lugar, caso M\u00facio de fato saia do governo, dizem interlocutores do presidente. E o nome que emerge \u00e9 o do vice-presidente Geraldo Alckmin (PSB-SP), que hoje comanda o Minist\u00e9rio do Desenvolvimento, Ind\u00fastria, Com\u00e9rcio e Servi\u00e7os.\n<\/p>\n<p>Alckmin teria a serenidade e a autoridade necess\u00e1rias ao cargo, al\u00e9m de contar com a plena confian\u00e7a de Lula.\n<\/p>\n<p>Ao ser deslocado para a Defesa, Alckmin deixaria a vaga para o atual presidente do Senado, Rodrigo Pacheco (PSD-MG), que deve ser incorporado ao governo neste ou em outro cargo na reforma ministerial.\n<\/p>\n<p>Lula (PT) vem intensificando os di\u00e1logos sobre altera\u00e7\u00f5es em seu governo. Uma das mudan\u00e7as consideradas certas \u00e9 na Secretaria de Comunica\u00e7\u00e3o (Secom).\n<\/p>\n<p>Como a coluna antecipou no dia 5 de dezembro, o presidente j\u00e1 convidou o publicit\u00e1rio Sid\u00f4nio Palmeira para comandar a pasta no lugar do deputado federal Paulo Pimenta (PT-RS).\n<\/p>\n<p>A partir desse deslocamento priorit\u00e1rio, outros desenhos est\u00e3o sendo debatidos no governo.\n<\/p>\n<p>A ideia inicial de Lula era a de que Pimenta retornasse ao Congresso Nacional para ser l\u00edder do governo. O presidente gosta dele e o considera combativo e preparado para um embate legislativo que se mostra cada vez mais duro para a sua administra\u00e7\u00e3o.\n<\/p>\n<p>A \u00e1rea pol\u00edtica seria refor\u00e7ada com o deslocamento do atual ministro de Portos e Aeroportos, Silvio Costa (Republicanos-PE), para a Secretaria de Rela\u00e7\u00f5es Institucionais no lugar de Alexandre Padilha (PT-SP), que iria para a Secretaria-Geral no lugar de M\u00e1rcio Macedo, ou ent\u00e3o para o minist\u00e9rio da Sa\u00fade no lugar da ministra Nisia Trindade. Ele j\u00e1 comandou a pasta.\n<\/p>\n<p>H\u00e1, no entanto, problemas e resist\u00eancias a serem superados para que esta solu\u00e7\u00e3o se consolide.\n<\/p>\n<p>O primeiro deles: Paulo Pimenta teria sinalizado que deseja permanecer no governo. Neste caso, ele poderia ir para a Secretaria-Geral. Mas h\u00e1 o segundo problema: o presidente gosta de M\u00e1rcio Macedo, que foi tesoureiro de sua campanha em 2022. E teria dificuldade em n\u00e3o desloc\u00e1-lo para outro cargo. Mas n\u00e3o h\u00e1 muitos dispon\u00edveis no atual contexto pol\u00edtico.\n<\/p>\n<p>O pr\u00f3prio Macedo, em uma conversa nesta semana em Bras\u00edlia com jornalistas sobre a eventual reforma ministerial, afirmou que tem &#8220;um monte de inimigos&#8221;.\n<\/p>\n<p>&#8220;Eu t\u00f4 muito feliz com o que eu t\u00f4 fazendo, deve incomodar muita gente, porque olha eu n\u00e3o sou do Brasil profundo, eu n\u00e3o sou de S\u00e3o Paulo, eu n\u00e3o sou, como a gente chama, &#8216;do Sul&#8217;, nem do Sudeste. Eu venho do meu estado pol\u00edtico [Sergipe], do menor estado da federa\u00e7\u00e3o. Isso deve incomodar muita gente, n\u00e9?&#8221;, afirmou ele sobre o que definiu como &#8220;planta\u00e7\u00f5es&#8221; de que poder\u00e1 deixa o minist\u00e9rio.<\/p>\n<p>Fonte: Folha de S. Paulo              <\/p>\n<\/div>\n<p><br \/>\n<br \/><a href=\"https:\/\/diariodobrasilnoticias.com.br\/noticia\/mucio-sinaliza-que-vai-sair-da-defesa-67640902f2de4\">Source link <\/a><\/p>","protected":false},"excerpt":{"rendered":"<p>O ministro da Defesa, Jos\u00e9 M\u00facio, deve ter uma conversa com Lula nos pr\u00f3ximos dias sobre sua perman\u00eancia no governo. Interlocutores dele e do presidente afirmam que os dois mant\u00eam&hellip;<\/p>","protected":false},"author":1,"featured_media":79027,"comment_status":"closed","ping_status":"open","sticky":false,"template":"","format":"standard","meta":{"content-type":"","footnotes":""},"categories":[16],"tags":[123,2448,5313,1267],"class_list":["post-79026","post","type-post","status-publish","format-standard","has-post-thumbnail","hentry","category-noticias","tag-brasil","tag-diario","tag-noticia","tag-noticias"],"_links":{"self":[{"href":"https:\/\/tvbrazilusa.com\/pt\/wp-json\/wp\/v2\/posts\/79026","targetHints":{"allow":["GET"]}}],"collection":[{"href":"https:\/\/tvbrazilusa.com\/pt\/wp-json\/wp\/v2\/posts"}],"about":[{"href":"https:\/\/tvbrazilusa.com\/pt\/wp-json\/wp\/v2\/types\/post"}],"author":[{"embeddable":true,"href":"https:\/\/tvbrazilusa.com\/pt\/wp-json\/wp\/v2\/users\/1"}],"replies":[{"embeddable":true,"href":"https:\/\/tvbrazilusa.com\/pt\/wp-json\/wp\/v2\/comments?post=79026"}],"version-history":[{"count":1,"href":"https:\/\/tvbrazilusa.com\/pt\/wp-json\/wp\/v2\/posts\/79026\/revisions"}],"predecessor-version":[{"id":79028,"href":"https:\/\/tvbrazilusa.com\/pt\/wp-json\/wp\/v2\/posts\/79026\/revisions\/79028"}],"wp:featuredmedia":[{"embeddable":true,"href":"https:\/\/tvbrazilusa.com\/pt\/wp-json\/wp\/v2\/media\/79027"}],"wp:attachment":[{"href":"https:\/\/tvbrazilusa.com\/pt\/wp-json\/wp\/v2\/media?parent=79026"}],"wp:term":[{"taxonomy":"category","embeddable":true,"href":"https:\/\/tvbrazilusa.com\/pt\/wp-json\/wp\/v2\/categories?post=79026"},{"taxonomy":"post_tag","embeddable":true,"href":"https:\/\/tvbrazilusa.com\/pt\/wp-json\/wp\/v2\/tags?post=79026"}],"curies":[{"name":"wp","href":"https:\/\/api.w.org\/{rel}","templated":true}]}}