{"id":79046,"date":"2024-12-19T13:47:22","date_gmt":"2024-12-19T13:47:22","guid":{"rendered":"https:\/\/tvbrazilusa.com\/2024\/12\/19\/descubra-qual-a-diferenca-entre-mar-e-oceano\/"},"modified":"2024-12-19T13:47:23","modified_gmt":"2024-12-19T13:47:23","slug":"descubra-qual-a-diferenca-entre-mar-e-oceano","status":"publish","type":"post","link":"https:\/\/tvbrazilusa.com\/pt\/2024\/12\/19\/descubra-qual-a-diferenca-entre-mar-e-oceano\/","title":{"rendered":"Descubra qual a diferen\u00e7a entre mar e oceano"},"content":{"rendered":"<p> <script async src=\"https:\/\/pagead2.googlesyndication.com\/pagead\/js\/adsbygoogle.js?client=ca-pub-8864793242727901\"\r\n     crossorigin=\"anonymous\"><\/script><br \/>\n<\/p>\n<div id=\"taboola-read-more\" style=\"display:block; width:100%\">\n<p>Oceanos e mares s\u00e3o dois termos frequentemente usados de maneira intercambi\u00e1vel no dia a dia, mas, na verdade, eles apresentam diferen\u00e7as significativas quanto \u00e0 sua extens\u00e3o, profundidade, localiza\u00e7\u00e3o e caracter\u00edsticas f\u00edsicas e biol\u00f3gicas.\n<\/p>\n<p>Afinal, para quem est\u00e1 na praia s\u00f3 existem duas coisas, \u00e1gua e areia, mas dependendo da localiza\u00e7\u00e3o a \u00e1gua pode ser um mar ou um oceano, qual a diferen\u00e7a?<\/p>\n<p>Em primeiro lugar, \u00e9 fundamental destacar que os oceanos s\u00e3o imensas massas de \u00e1gua salgada que cobrem a maior parte da superf\u00edcie terrestre. Eles s\u00e3o cont\u00ednuos e conectados entre si, formando um \u00fanico e vasto corpo de \u00e1gua, muitas vezes chamado de \u201cOceano Mundial\u201d. Os principais oceanos da Terra s\u00e3o o Pac\u00edfico, o Atl\u00e2ntico, o \u00cdndico, o \u00c1rtico e o Ant\u00e1rtico.\n<\/p>\n<p>Por\u00e9m, nem toda \u00e1gua salgada pode se chamar de oceano. Menores e frequentemente localizados nas margens dos continentes, os mares s\u00e3o geralmente delimitados parcial ou completamente por massas de terra, como continentes ou ilhas.\n<\/p>\n<p>Isso faz com que eles sejam mais isolados e, em certa medida, menos profundos. Um exemplo \u00e9 o Mar Mediterr\u00e2neo, que \u00e9 cercado pela Europa, \u00c1frica e \u00c1sia e conectado ao Oceano Atl\u00e2ntico apenas atrav\u00e9s do Estreito de Gibraltar. Da mesma forma, o Mar Vermelho \u00e9 limitado pela \u00c1frica e pela Pen\u00ednsula Ar\u00e1bica, possuindo uma liga\u00e7\u00e3o relativamente estreita com o Oceano \u00cdndico.\n<\/p>\n<p>Essas diferen\u00e7as de tamanho e localiza\u00e7\u00e3o geogr\u00e1fica n\u00e3o apenas influenciam a salinidade, a temperatura e a circula\u00e7\u00e3o das \u00e1guas, mas tamb\u00e9m afetam a vida marinha.\n<\/p>\n<p>Oceanos imensos e profundos apresentam uma enorme variedade de esp\u00e9cies, ecossistemas e nichos ecol\u00f3gicos. Por outro lado, mares mais restritos em extens\u00e3o podem desenvolver ecossistemas relativamente mais isolados e, em alguns casos, possuir condi\u00e7\u00f5es \u00fanicas, resultando em esp\u00e9cies adaptadas a ambientes mais espec\u00edficos.\n<\/p>\n<p>Isso tamb\u00e9m significa que mudan\u00e7as ambientais, como a polui\u00e7\u00e3o, a pesca excessiva e as altera\u00e7\u00f5es clim\u00e1ticas, podem afetar de forma mais intensa as popula\u00e7\u00f5es marinhas de um mar do que as de um oceano, devido ao menor espa\u00e7o e \u00e0 menor capacidade de dilui\u00e7\u00e3o e renova\u00e7\u00e3o das \u00e1guas.\n<\/p>\n<p>Por\u00e9m, algumas extens\u00f5es de \u00e1gua ainda s\u00e3o nomeadas historicamente como mares, mesmo quando, tecnicamente, se assemelham mais a oceanos em termos de tamanho e profundidade. Por exemplo, o Mar da China Meridional \u00e9 enorme e se conecta amplamente ao Oceano Pac\u00edfico, mas ainda \u00e9 chamado de mar.\n<\/p>\n<p>O que s\u00e3o os \u201csete mares\u201d?<br \/>Historicamente, o termo \u201csete mares\u201d se referia a diferentes grupos de extens\u00f5es de \u00e1gua salgada conhecidos por antigas civiliza\u00e7\u00f5es, como gregos, romanos, \u00e1rabes e persas, cujas listagens variavam de acordo com suas rotas comerciais e limites geogr\u00e1ficos. Com o tempo, o significado da express\u00e3o mudou, tornando-se sobretudo po\u00e9tico e liter\u00e1rio, representando o vasto conjunto de mares e oceanos que cobrem o planeta. Hoje em dia, o uso do termo \u00e9 essencialmente simb\u00f3lico, evocando a ideia de imensid\u00e3o, mist\u00e9rio e diversidade dos ambientes marinhos.<\/p>\n<p>Fonte: Olhar digital\n              <\/p>\n<\/div>\n<p><br \/>\n<br \/><a href=\"https:\/\/diariodobrasilnoticias.com.br\/noticia\/descubra-qual-a-diferenca-entre-mar-e-oceano-67640eea3ed56\">Source link <\/a><\/p>","protected":false},"excerpt":{"rendered":"<p>Oceanos e mares s\u00e3o dois termos frequentemente usados de maneira intercambi\u00e1vel no dia a dia, mas, na verdade, eles apresentam diferen\u00e7as significativas quanto \u00e0 sua extens\u00e3o, profundidade, localiza\u00e7\u00e3o e caracter\u00edsticas&hellip;<\/p>","protected":false},"author":1,"featured_media":79047,"comment_status":"closed","ping_status":"open","sticky":false,"template":"","format":"standard","meta":{"content-type":"","footnotes":""},"categories":[16],"tags":[123,2448,5313,1267],"class_list":["post-79046","post","type-post","status-publish","format-standard","has-post-thumbnail","hentry","category-noticias","tag-brasil","tag-diario","tag-noticia","tag-noticias"],"_links":{"self":[{"href":"https:\/\/tvbrazilusa.com\/pt\/wp-json\/wp\/v2\/posts\/79046","targetHints":{"allow":["GET"]}}],"collection":[{"href":"https:\/\/tvbrazilusa.com\/pt\/wp-json\/wp\/v2\/posts"}],"about":[{"href":"https:\/\/tvbrazilusa.com\/pt\/wp-json\/wp\/v2\/types\/post"}],"author":[{"embeddable":true,"href":"https:\/\/tvbrazilusa.com\/pt\/wp-json\/wp\/v2\/users\/1"}],"replies":[{"embeddable":true,"href":"https:\/\/tvbrazilusa.com\/pt\/wp-json\/wp\/v2\/comments?post=79046"}],"version-history":[{"count":1,"href":"https:\/\/tvbrazilusa.com\/pt\/wp-json\/wp\/v2\/posts\/79046\/revisions"}],"predecessor-version":[{"id":79048,"href":"https:\/\/tvbrazilusa.com\/pt\/wp-json\/wp\/v2\/posts\/79046\/revisions\/79048"}],"wp:featuredmedia":[{"embeddable":true,"href":"https:\/\/tvbrazilusa.com\/pt\/wp-json\/wp\/v2\/media\/79047"}],"wp:attachment":[{"href":"https:\/\/tvbrazilusa.com\/pt\/wp-json\/wp\/v2\/media?parent=79046"}],"wp:term":[{"taxonomy":"category","embeddable":true,"href":"https:\/\/tvbrazilusa.com\/pt\/wp-json\/wp\/v2\/categories?post=79046"},{"taxonomy":"post_tag","embeddable":true,"href":"https:\/\/tvbrazilusa.com\/pt\/wp-json\/wp\/v2\/tags?post=79046"}],"curies":[{"name":"wp","href":"https:\/\/api.w.org\/{rel}","templated":true}]}}