{"id":7905,"date":"2024-07-24T20:26:20","date_gmt":"2024-07-24T20:26:20","guid":{"rendered":"https:\/\/tvbrazilusa.com\/2024\/07\/24\/relator-de-acao-de-michelle-bolsonaro-contra-gleisi-hoffman-e-ministro-indicado-por-bolsonaro\/"},"modified":"2024-07-24T20:34:15","modified_gmt":"2024-07-24T20:34:15","slug":"relator-de-acao-de-michelle-bolsonaro-contra-gleisi-hoffman-e-ministro-indicado-por-bolsonaro","status":"publish","type":"post","link":"https:\/\/tvbrazilusa.com\/pt\/2024\/07\/24\/relator-de-acao-de-michelle-bolsonaro-contra-gleisi-hoffman-e-ministro-indicado-por-bolsonaro\/","title":{"rendered":"Relator de a\u00e7\u00e3o de Michelle Bolsonaro contra Gleisi Hoffman \u00e9 ministro indicado por Bolsonaro"},"content":{"rendered":"<p> <script async src=\"https:\/\/pagead2.googlesyndication.com\/pagead\/js\/adsbygoogle.js?client=ca-pub-8864793242727901\"\r\n     crossorigin=\"anonymous\"><\/script><br \/>\n<\/p>\n<div>\n<p><em>Foto: Isac N\u00f3brega\/PR e Jorge William\/Ag. O Globo<\/em><\/p>\n<p>O ministro do Supremo Tribunal Federal (STF), Kassio Nunes Marques, indicado pelo ex-presidente Jair Bolsonaro, foi designado como relator do pedido de Michelle Bolsonaro para que a deputada Gleisi Hoffmann (PT-PR) esclare\u00e7a declara\u00e7\u00f5es feitas nas redes sociais. A decis\u00e3o pede que Hoffmann explique suas afirma\u00e7\u00f5es que relacionam Michelle a crimes como \u201croubo de joias\u201d, \u201crachadinha\u201d e \u201cgolpe de Estado\u201d.<\/p>\n<p>Michelle Bolsonaro solicitou que Gleisi Hoffmann detalhe a quais eventos espec\u00edficos ela se referia e quais seriam as supostas condutas envolvidas. A pol\u00eamica surgiu ap\u00f3s a petista listar, na rede social X, poss\u00edveis candidaturas ao Senado de membros da fam\u00edlia Bolsonaro, incluindo Eduardo (PL-SP), Carlos (PL-RJ) e Fl\u00e1vio (PL-RJ), al\u00e9m de Michelle.<\/p>\n<h2 class=\"wp-block-heading\">Kassio Nunes Marques no Caso de Michelle Bolsonaro<\/h2>\n<p>O caso foi sorteado para a relatoria de Kassio Nunes Marques, entretanto, h\u00e1 a possibilidade de que o ministro Lu\u00eds Roberto Barroso o analise durante o recesso judicial, caso considere que o pedido tem car\u00e1ter de urg\u00eancia.<\/p>\n<h2 class=\"wp-block-heading\">Qual a Natureza das Acusa\u00e7\u00f5es Feitas por Gleisi Hoffmann?<\/h2>\n<p>As declara\u00e7\u00f5es pol\u00eamicas de Gleisi Hoffmann mencionam supostos crimes como \u201croubo de joias\u201d, \u201crachadinha\u201d e \u201cgolpe de Estado\u201d. A \u2018rachadinha\u2019 se refere \u00e0 pr\u00e1tica ilegal em que parlamentares ficariam com parte dos sal\u00e1rios de assessores contratados por eles. J\u00e1 os outros termos levantam suspeitas sobre a origem e destino de bens de valor e poss\u00edveis a\u00e7\u00f5es para subverter a ordem pol\u00edtica.<\/p>\n<h2 class=\"wp-block-heading\">Quais Ser\u00e3o os Pr\u00f3ximos Passos no Processo?<\/h2>\n<p>Com o caso em m\u00e3os, Kassio Nunes Marques deve seguir alguns procedimentos:<\/p>\n<ul class=\"wp-block-list\">\n<li>Avaliar os fatos apresentados por Michelle Bolsonaro;<\/li>\n<li>Solicitar uma manifesta\u00e7\u00e3o pr\u00e9via de Gleisi Hoffmann;<\/li>\n<li>Determinar se h\u00e1 bases concretas para avan\u00e7ar com a demanda judicial;<\/li>\n<li>Decidir se medidas urgentes s\u00e3o necess\u00e1rias durante o recesso, ou deixar a an\u00e1lise detalhada para quando o STF retomar suas atividades.<\/li>\n<\/ul>\n<p>\u00a0<\/p>\n<h2 class=\"wp-block-heading\">O Contexto Pol\u00edtico e Social das Declara\u00e7\u00f5es<\/h2>\n<p>O contexto em que as declara\u00e7\u00f5es foram feitas envolve a tens\u00e3o cont\u00ednua entre diferentes grupos pol\u00edticos no Brasil. As acusa\u00e7\u00f5es de Gleisi Hoffmann n\u00e3o apenas miram figuras da fam\u00edlia Bolsonaro, como tamb\u00e9m alimentam uma constante disputa ideol\u00f3gica entre o PT e os seguidores do ex-presidente Jair Bolsonaro. Esta movimenta\u00e7\u00e3o jur\u00eddica pode trazer desdobramentos significativos na cena pol\u00edtica brasileira.<\/p>\n<h2 class=\"wp-block-heading\">O Impacto da Decis\u00e3o de Kassio Nunes Marques<\/h2>\n<p>Como relator, a decis\u00e3o de Kassio Nunes Marques pode ter um impacto significativo sobre a reputa\u00e7\u00e3o tanto de Michelle Bolsonaro quanto de Gleisi Hoffmann, al\u00e9m de servir como um importante precedente sobre a responsabilidade com que declara\u00e7\u00f5es p\u00fablicas s\u00e3o feitas nas redes sociais.<\/p>\n<p>Por fim, \u00e9 essencial observar como o STF ir\u00e1 tratar este pedido. A repercuss\u00e3o da decis\u00e3o pode contribuir para definir limites sobre discursos e acusa\u00e7\u00f5es no cen\u00e1rio pol\u00edtico brasileiro, refletindo diretamente na forma como as disputas eleitorais e pol\u00edticas s\u00e3o conduzidas daqui em diante.<\/p>\n<\/p><\/div>\n<p><br \/>\n<br \/><a href=\"https:\/\/terrabrasilnoticias.com\/2024\/07\/relator-de-acao-de-michelle-bolsonaro-contra-gleisi-hoffman-e-ministro-indicado-por-bolsonaro\/\">Source link <\/a><\/p>","protected":false},"excerpt":{"rendered":"<p>Foto: Isac N\u00f3brega\/PR e Jorge William\/Ag. O Globo O ministro do Supremo Tribunal Federal (STF), Kassio Nunes Marques, indicado pelo ex-presidente Jair Bolsonaro, foi designado como relator do pedido de&hellip;<\/p>","protected":false},"author":1,"featured_media":7906,"comment_status":"closed","ping_status":"open","sticky":false,"template":"","format":"standard","meta":{"content-type":"","footnotes":""},"categories":[16],"tags":[],"class_list":["post-7905","post","type-post","status-publish","format-standard","has-post-thumbnail","hentry","category-noticias"],"_links":{"self":[{"href":"https:\/\/tvbrazilusa.com\/pt\/wp-json\/wp\/v2\/posts\/7905","targetHints":{"allow":["GET"]}}],"collection":[{"href":"https:\/\/tvbrazilusa.com\/pt\/wp-json\/wp\/v2\/posts"}],"about":[{"href":"https:\/\/tvbrazilusa.com\/pt\/wp-json\/wp\/v2\/types\/post"}],"author":[{"embeddable":true,"href":"https:\/\/tvbrazilusa.com\/pt\/wp-json\/wp\/v2\/users\/1"}],"replies":[{"embeddable":true,"href":"https:\/\/tvbrazilusa.com\/pt\/wp-json\/wp\/v2\/comments?post=7905"}],"version-history":[{"count":1,"href":"https:\/\/tvbrazilusa.com\/pt\/wp-json\/wp\/v2\/posts\/7905\/revisions"}],"predecessor-version":[{"id":7907,"href":"https:\/\/tvbrazilusa.com\/pt\/wp-json\/wp\/v2\/posts\/7905\/revisions\/7907"}],"wp:featuredmedia":[{"embeddable":true,"href":"https:\/\/tvbrazilusa.com\/pt\/wp-json\/wp\/v2\/media\/7906"}],"wp:attachment":[{"href":"https:\/\/tvbrazilusa.com\/pt\/wp-json\/wp\/v2\/media?parent=7905"}],"wp:term":[{"taxonomy":"category","embeddable":true,"href":"https:\/\/tvbrazilusa.com\/pt\/wp-json\/wp\/v2\/categories?post=7905"},{"taxonomy":"post_tag","embeddable":true,"href":"https:\/\/tvbrazilusa.com\/pt\/wp-json\/wp\/v2\/tags?post=7905"}],"curies":[{"name":"wp","href":"https:\/\/api.w.org\/{rel}","templated":true}]}}