{"id":79062,"date":"2024-12-19T14:22:57","date_gmt":"2024-12-19T14:22:57","guid":{"rendered":"https:\/\/tvbrazilusa.com\/2024\/12\/19\/relator-e-lider-do-governo-fazem-acordo-sobre-fundo-partidario-que-nao-sofrera-ajuste-fiscal-projeto-segue-para-sancao-de-lula\/"},"modified":"2024-12-19T14:23:01","modified_gmt":"2024-12-19T14:23:01","slug":"relator-e-lider-do-governo-fazem-acordo-sobre-fundo-partidario-que-nao-sofrera-ajuste-fiscal-projeto-segue-para-sancao-de-lula","status":"publish","type":"post","link":"https:\/\/tvbrazilusa.com\/pt\/2024\/12\/19\/relator-e-lider-do-governo-fazem-acordo-sobre-fundo-partidario-que-nao-sofrera-ajuste-fiscal-projeto-segue-para-sancao-de-lula\/","title":{"rendered":"Relator e l\u00edder do governo fazem acordo sobre fundo partid\u00e1rio que n\u00e3o sofrer\u00e1 ajuste fiscal; projeto segue para san\u00e7\u00e3o de Lula"},"content":{"rendered":"<p> <script async src=\"https:\/\/pagead2.googlesyndication.com\/pagead\/js\/adsbygoogle.js?client=ca-pub-8864793242727901\"\r\n     crossorigin=\"anonymous\"><\/script><br \/>\n<\/p>\n<div id=\"taboola-read-more\" style=\"display:block; width:100%\">\n<p>O\u00a0<a href=\"https:\/\/12ft.io\/proxy?q=https%3A%2F%2Fwww.poder360.com.br%2Fpoder-congresso%2Fcongresso-aprova-ldo-e-lula-podera-cumprir-meta-pela-tolerancia%2F\" target=\"_parent\">Congresso Nacional aprovou<\/a>\u00a0nesta 4\u00aa feira (18.dez.2024) a LDO (Lei de Diretrizes Or\u00e7ament\u00e1rias) de 2025. Uma das mudan\u00e7as em rela\u00e7\u00e3o ao relat\u00f3rio inicial do senador\u00a0<a href=\"https:\/\/12ft.io\/proxy?q=https%3A%2F%2Fmonitor.poder360.com.br%2Fpoliticos-do-brasil%2F282915%2FCONFUCIO-MOURA%3Fano%3D2018\" target=\"_parent\">Conf\u00facio Moura<\/a>\u00a0(MDB-RO) foi a derrubada da medida que limitava o crescimento do Fundo Partid\u00e1rio ao marco fiscal.\u00a0\n<\/p>\n<p>Entenda o que mudou:<\/p>\n<ul>\n<li><strong>texto inicial\u00a0<\/strong>\u2013 o reajuste das despesas ficava limitado a 2,5% ao ano, conforme as regras do governo;<\/li>\n<li><strong>como ficou\u00a0<\/strong>\u2013 permanece o aumento das despesas corrigido pela infla\u00e7\u00e3o, calculada pelo IPCA (\u00cdndice Nacional de Pre\u00e7os ao Consumidor Amplo).\u00a0<\/li>\n<\/ul>\n<p>A trava n\u00e3o impediria o crescimento das despesas, mas determinava que o aumento seria menor a cada ano. \u00c9 pouco prov\u00e1vel, por exemplo, que a infla\u00e7\u00e3o fique abaixo de 2,5% nos pr\u00f3ximos anos.\n<\/p>\n<p>O Fundo Partid\u00e1rio financia as atividades dos partidos pol\u00edticos. \u00c9 alimentado por multas eleitorais, dota\u00e7\u00f5es do Or\u00e7amento e outros meios, como doa\u00e7\u00f5es. Com isso, os congressistas beneficiam as siglas que os elegeram.\n<\/p>\n<p>Ainda n\u00e3o h\u00e1 um valor confirmado para as despesas do fundo partid\u00e1rio em 2025. O projeto do Or\u00e7amento enviado pelo governo em agosto estipulava um montante de R$ 1,3 bilh\u00e3o, mas mudan\u00e7as ainda podem vir.\n<\/p>\n<p>Um pr\u00f3ximo passo do Congresso para a pauta econ\u00f4mica \u00e9 votar a LOA (Lei Or\u00e7ament\u00e1ria Anual), que traz os grandes n\u00fameros das contas p\u00fablicas. Da\u00ed deve haver altera\u00e7\u00f5es nas cifras.\n<\/p>\n<\/p>\n<p>A retirada foi anunciada pelo senador Conf\u00facio Moura durante a vota\u00e7\u00e3o. \u201cOs presidentes dos partidos n\u00e3o concordaram, e o presidente Marcos Pereira acolheu o acordo\u201d, disse no Plen\u00e1rio.\n<\/p>\n<p>Marcos Pereira (SP) \u00e9 o presidente do Republicanos, partido que deve ter o comando da C\u00e2mara a partir de 2025, com a prov\u00e1vel elei\u00e7\u00e3o deHugo Motta (PB). Pereira presidia a sess\u00e3o do Congresso no momento do acordo.\n<\/p>\n<p>EMENDAS NO OR\u00c7AMENTO<br \/>Os congressistas tamb\u00e9m se favoreceram durante a an\u00e1lise de um trecho sobre emendas. O governo deLuiz In\u00e1cio Lula da Silva (PT) cedeu e concordou que as emendas impositivas n\u00e3o poder\u00e3o ser bloqueadas durante a execu\u00e7\u00e3o or\u00e7ament\u00e1ria de 2025.\n<\/p>\n<p>O acordo foi feito paradestravar a vota\u00e7\u00e3o do projeto da LDO para o ano que vem. Depois do acordo, a proposta foi aprovada e enviada \u00e0 san\u00e7\u00e3o.\n<\/p>\n<p>S\u00e3o impositivas as emendas individuais (incluindo as \u201cemendas Pix\u201d) e as de bancadas estaduais. Os bloqueios s\u00e3o realizados nas despesas para cumprir as metas fiscais. \u00c9 como se o dinheiro ficasse \u201ccongelado\u201d para evitar gastos acima do esperado.\n<\/p>\n<p>O texto inicial deConf\u00facio Moura previa a possibilidade de bloqueio de emendas at\u00e9 \u201ca propor\u00e7\u00e3o aplic\u00e1vel \u00e0s demais despesas discricion\u00e1rias do Poder Executivo\u201d.\n<\/p>\n<p>Isso significa que toda vez que o governo precisasse reter despesas, as emendas poderiam entrar no bloqueio, incluindo as emendas individuais e as de bancada.\n<\/p>\n<p>Com a mudan\u00e7a, as emendas individuais e de bancada n\u00e3o poder\u00e3o ser bloqueadas. O bloqueio continuaria poss\u00edvel para emendas de comiss\u00e3o.\n<\/p>\n<p>O acordo foi anunciado pelo l\u00edder do Governo no Congresso,Randolfe Rodrigues (PT-AP). Ele afirmou que a decis\u00e3o ainda precisar\u00e1 ser confirmada durante a vota\u00e7\u00e3o do PLP (Projeto de Lei Complementar) 210 de 2024, que amplia o poder do Executivo para suspender o pagamento de emendas de congressistas.\n<\/p>\n<p>O PLP prop\u00f5e o bloqueio e o contingenciamento das emendas de congressistas at\u00e9 a mesma propor\u00e7\u00e3o daqueles aplicados \u00e0s demais despesas n\u00e3o obrigat\u00f3rias do governo, ou seja, at\u00e9 15% do valor total. A vota\u00e7\u00e3o deve ser conclu\u00edda nesta 4\u00aa feira (18.dez).\n<\/p>\n<p>Segundo Randolfe, caso haja mudan\u00e7as durante a vota\u00e7\u00e3o, elas ser\u00e3o incorporadas \u00e0 LDO posteriormente por um PLN (Projeto de Lei do Congresso Nacional).\n<\/p>\n<p>A declara\u00e7\u00e3o fez a oposi\u00e7\u00e3o ao governo anunciar que votaria o projeto da LDO.\n<\/p>\n<p>\u201cEntendemos que o Parlamento vai ter a altivez e rejeitar o destaque do PLP daqui a pouco\u201d, disse o l\u00edder da Oposi\u00e7\u00e3o,Rog\u00e9rio Marinho (PL-RN).\n<\/p>\n<p>O relator Conf\u00facio Moura afirmou discordar das mudan\u00e7as, mas disse que n\u00e3o seguiria o acordo.<\/p>\n<p>Fonte: Poder360              <\/p>\n<\/div>\n<p><br \/>\n<br \/><a href=\"https:\/\/diariodobrasilnoticias.com.br\/noticia\/relator-e-lider-do-governo-fazem-acordo-sobre-fundo-partidario-que-nao-sofrera-ajuste-fiscal-projeto-segue-para-sancao-de-lula-6764157b97ee9\">Source link <\/a><\/p>","protected":false},"excerpt":{"rendered":"<p>O\u00a0Congresso Nacional aprovou\u00a0nesta 4\u00aa feira (18.dez.2024) a LDO (Lei de Diretrizes Or\u00e7ament\u00e1rias) de 2025. Uma das mudan\u00e7as em rela\u00e7\u00e3o ao relat\u00f3rio inicial do senador\u00a0Conf\u00facio Moura\u00a0(MDB-RO) foi a derrubada da medida&hellip;<\/p>","protected":false},"author":1,"featured_media":79063,"comment_status":"closed","ping_status":"open","sticky":false,"template":"","format":"standard","meta":{"content-type":"","footnotes":""},"categories":[16],"tags":[123,2448,5313,1267],"class_list":["post-79062","post","type-post","status-publish","format-standard","has-post-thumbnail","hentry","category-noticias","tag-brasil","tag-diario","tag-noticia","tag-noticias"],"_links":{"self":[{"href":"https:\/\/tvbrazilusa.com\/pt\/wp-json\/wp\/v2\/posts\/79062","targetHints":{"allow":["GET"]}}],"collection":[{"href":"https:\/\/tvbrazilusa.com\/pt\/wp-json\/wp\/v2\/posts"}],"about":[{"href":"https:\/\/tvbrazilusa.com\/pt\/wp-json\/wp\/v2\/types\/post"}],"author":[{"embeddable":true,"href":"https:\/\/tvbrazilusa.com\/pt\/wp-json\/wp\/v2\/users\/1"}],"replies":[{"embeddable":true,"href":"https:\/\/tvbrazilusa.com\/pt\/wp-json\/wp\/v2\/comments?post=79062"}],"version-history":[{"count":1,"href":"https:\/\/tvbrazilusa.com\/pt\/wp-json\/wp\/v2\/posts\/79062\/revisions"}],"predecessor-version":[{"id":79064,"href":"https:\/\/tvbrazilusa.com\/pt\/wp-json\/wp\/v2\/posts\/79062\/revisions\/79064"}],"wp:featuredmedia":[{"embeddable":true,"href":"https:\/\/tvbrazilusa.com\/pt\/wp-json\/wp\/v2\/media\/79063"}],"wp:attachment":[{"href":"https:\/\/tvbrazilusa.com\/pt\/wp-json\/wp\/v2\/media?parent=79062"}],"wp:term":[{"taxonomy":"category","embeddable":true,"href":"https:\/\/tvbrazilusa.com\/pt\/wp-json\/wp\/v2\/categories?post=79062"},{"taxonomy":"post_tag","embeddable":true,"href":"https:\/\/tvbrazilusa.com\/pt\/wp-json\/wp\/v2\/tags?post=79062"}],"curies":[{"name":"wp","href":"https:\/\/api.w.org\/{rel}","templated":true}]}}