{"id":79071,"date":"2024-12-19T14:26:53","date_gmt":"2024-12-19T14:26:53","guid":{"rendered":"https:\/\/tvbrazilusa.com\/2024\/12\/19\/a-estrela-do-young-jets-pedira-uma-troca-apos-a-temporada-relata-uma-fonte\/"},"modified":"2024-12-19T14:33:36","modified_gmt":"2024-12-19T14:33:36","slug":"a-estrela-do-young-jets-pedira-uma-troca-apos-a-temporada-relata-uma-fonte","status":"publish","type":"post","link":"https:\/\/tvbrazilusa.com\/pt\/2024\/12\/19\/a-estrela-do-young-jets-pedira-uma-troca-apos-a-temporada-relata-uma-fonte\/","title":{"rendered":"A estrela do Young Jets &#8216;pedir\u00e1 uma troca ap\u00f3s a temporada&#8217;, relata uma fonte"},"content":{"rendered":"<script async src=\"https:\/\/pagead2.googlesyndication.com\/pagead\/js\/adsbygoogle.js?client=ca-pub-8864793242727901\"\r\n     crossorigin=\"anonymous\"><\/script>\n<div>\n<p class=\"article__paragraph article__paragraph--left\" id=\"RL776YPQDJHPZLCZKPUYZ3QV2Q\"><a href=\"https:\/\/nj.com\/jets\" target=\"_blank\">Jatos<\/a> o wide receiver Garrett Wilson quer sair.<\/p>\n<p class=\"article__paragraph article__paragraph--left\" id=\"6EJD723UFBFLTOLZJKPKZV2FXM\">No epis\u00f3dio de ter\u00e7a-feira do \u201cFlight Deck\u201d, podcast de Rich Cimini da ESPN, o insider dos Jets indicou que Wilson est\u00e1 \u201cfrustrado\u201d com sua falta de alvos. Tanto \u00e9 verdade que se espera que o Novato Ofensivo do Ano de 2022 pe\u00e7a para ser negociado.<\/p>\n<p class=\"article__paragraph article__paragraph--left\" id=\"THCWUUGXQ5BNDF4YQ3VFPEALLA\">\u201cConversei com pessoas do c\u00edrculo de Garrett Wilson\u201d, disse Cimini, . \u201cEles pensam, agora quero enfatizar que isso \u00e9 especula\u00e7\u00e3o da parte deles. Eles acham que ele pedir\u00e1 uma troca ap\u00f3s a temporada.\u201d <\/p>\n<p class=\"article__paragraph article__paragraph--left\" id=\"HK2LPOCUI5HPFNS3VY4ZP3LTLE\"><b>COMPRAR BILHETES DE JATOS:<\/b><b>,<\/b><b>,<\/b><\/p>\n<p class=\"article__paragraph article__paragraph--left\" id=\"ZLNYFGS3KNGEFGSS67ZGZN63VA\">Wilson ficou visualmente irritado no in\u00edcio do terceiro quarto da vit\u00f3ria dos Jets por 32-25 sobre o Jacksonville Jaguars no domingo. Wilson teve cobertura homem a homem sem seguran\u00e7a na primeira jogada da s\u00e9rie, em que o quarterback Aaron Rodgers levou um sack na terceira descida.<\/p>\n<p class=\"article__paragraph article__paragraph--left\" id=\"577FXVFBXFFENI7MYIQRK44RDQ\">\u201cAcho que ele queria que Rodgers sa\u00edsse de uma jogada l\u00e1 e jogasse o fade para ele\u201d, disse Cimini.<\/p>\n<p class=\"article__paragraph article__paragraph--left\" id=\"HOACZXFLCZCTZHBVOHN4DOT3LQ\">Mais tarde, as c\u00e2meras capturaram Wilson gritando com o t\u00e9cnico dos recebedores dos Jets, Sean Jefferson. Os usu\u00e1rios do X\/Twitter come\u00e7aram a circular um clipe do v\u00eddeo e a compartilhar suas leituras labiais.<\/p>\n<p class=\"article__paragraph article__paragraph--left\" id=\"LR56GBI3WBHDDGA5WQ4T7HNJ2U\">Veja por que Connor Hughes, da SNY, acredita que Wilson estava dizendo:<\/p>\n<p class=\"article__paragraph article__paragraph--left\" id=\"A7FNRXM7AZDXNCNMPO3URFHXHQ\">\u201cSe for 1 contra 1, jogue o fade\u201d, postou Hughes, <a href=\"https:\/\/x.com\/Connor_J_Hughes\/status\/1868383806161567858\" target=\"_blank\">atrav\u00e9s do X\/Twitter<\/a>.<\/p>\n<p class=\"article__paragraph article__paragraph--left\" id=\"KGAMQVGC5VAONMAIDW55MXTOWU\">As frustra\u00e7\u00f5es de Wilson provavelmente v\u00e3o al\u00e9m de uma \u00fanica jogada. Wilson viu menos alvos desde a adi\u00e7\u00e3o de Davante Adams, que <a href=\"https:\/\/www.nj.com\/jets\/2024\/11\/davante-adams-agreed-to-join-jets-under-this-aaron-rodgers-condition.html\">os Jets adquiridos do Las Vegas Raiders <\/a>em novembro. Isto, combinado com a incerteza do futuro da equipe ap\u00f3s 2024, deixou Wilson em busca de um futuro mais seguro fora de Nova York.<\/p>\n<p class=\"article__paragraph article__paragraph--left\" id=\"XO3VPJJEWVEQTH5M4HUH6TPLBU\">Os Jets est\u00e3o se preparando para reconstruir o time? Se for esse o caso, Wilson, 24 anos, provavelmente n\u00e3o quer esperar.<\/p>\n<p class=\"article__paragraph article__paragraph--left\" id=\"K4R7GR7UH5CO3POUIQUHS5OWA4\">Rodgers e Adams far\u00e3o parte do time na pr\u00f3xima temporada? Isso significaria que Wilson continua a ser o receptor n\u00famero 2, perdendo seu valor no mercado.<\/p>\n<p class=\"article__paragraph article__paragraph--left\" id=\"YJ5AIZYQU5B7HISW5IZ4STPI44\">Todas essas s\u00e3o quest\u00f5es que provavelmente giram na mente de Wilson.<\/p>\n<section class=\"Stories-By-Section-Tag-module_wrapper__69Ed7 Stories-By-Section-Tag-module_nj__RFbQx\"\/>\n<p class=\"article__paragraph article__paragraph--left\" id=\"64BODE2DHJCBBBNLMTKTSWUEAI\"><i>Obrigado por confiar em n\u00f3s para fornecer o jornalismo em que voc\u00ea pode confiar. Por favor, considere nos apoiar com uma assinatura.<\/i><\/p>\n<p class=\"article__paragraph article__paragraph--left\" id=\"HJ2L6TQCEZDLZDVYBOZTLEFHOQ\"><i>Manny G\u00f3mez pode ser contatado em <\/i><a href=\"https:\/\/www.nj.com\/jets\/2024\/12\/mailto:mgomez@njadvancemedia.com\"><i>mgomez@njadvancemedia.com<\/i><\/a><i>.<\/i><\/p>\n<\/div>\n<p><br \/>\n<br \/><a href=\"https:\/\/www.nj.com\/jets\/2024\/12\/young-jets-star-will-ask-for-a-trade-after-the-season-reports-insider.html\">Source link <\/a><\/p>","protected":false},"excerpt":{"rendered":"<p>Jatos o wide receiver Garrett Wilson quer sair. No epis\u00f3dio de ter\u00e7a-feira do \u201cFlight Deck\u201d, podcast de Rich Cimini da ESPN, o insider dos Jets indicou que Wilson est\u00e1 \u201cfrustrado\u201d&hellip;<\/p>","protected":false},"author":1,"featured_media":79072,"comment_status":"closed","ping_status":"open","sticky":false,"template":"","format":"standard","meta":{"content-type":"","footnotes":""},"categories":[1],"tags":[],"class_list":["post-79071","post","type-post","status-publish","format-standard","has-post-thumbnail","hentry","category-uncategorized"],"_links":{"self":[{"href":"https:\/\/tvbrazilusa.com\/pt\/wp-json\/wp\/v2\/posts\/79071","targetHints":{"allow":["GET"]}}],"collection":[{"href":"https:\/\/tvbrazilusa.com\/pt\/wp-json\/wp\/v2\/posts"}],"about":[{"href":"https:\/\/tvbrazilusa.com\/pt\/wp-json\/wp\/v2\/types\/post"}],"author":[{"embeddable":true,"href":"https:\/\/tvbrazilusa.com\/pt\/wp-json\/wp\/v2\/users\/1"}],"replies":[{"embeddable":true,"href":"https:\/\/tvbrazilusa.com\/pt\/wp-json\/wp\/v2\/comments?post=79071"}],"version-history":[{"count":1,"href":"https:\/\/tvbrazilusa.com\/pt\/wp-json\/wp\/v2\/posts\/79071\/revisions"}],"predecessor-version":[{"id":79073,"href":"https:\/\/tvbrazilusa.com\/pt\/wp-json\/wp\/v2\/posts\/79071\/revisions\/79073"}],"wp:featuredmedia":[{"embeddable":true,"href":"https:\/\/tvbrazilusa.com\/pt\/wp-json\/wp\/v2\/media\/79072"}],"wp:attachment":[{"href":"https:\/\/tvbrazilusa.com\/pt\/wp-json\/wp\/v2\/media?parent=79071"}],"wp:term":[{"taxonomy":"category","embeddable":true,"href":"https:\/\/tvbrazilusa.com\/pt\/wp-json\/wp\/v2\/categories?post=79071"},{"taxonomy":"post_tag","embeddable":true,"href":"https:\/\/tvbrazilusa.com\/pt\/wp-json\/wp\/v2\/tags?post=79071"}],"curies":[{"name":"wp","href":"https:\/\/api.w.org\/{rel}","templated":true}]}}