{"id":79086,"date":"2024-12-19T14:45:13","date_gmt":"2024-12-19T14:45:13","guid":{"rendered":"https:\/\/tvbrazilusa.com\/2024\/12\/19\/motorista-enfrenta-acusacao-depois-que-de-alguma-forma-acabou-nos-trilhos-da-linha-verde-perto-de-bc\/"},"modified":"2024-12-19T14:57:11","modified_gmt":"2024-12-19T14:57:11","slug":"motorista-enfrenta-acusacao-depois-que-de-alguma-forma-acabou-nos-trilhos-da-linha-verde-perto-de-bc","status":"publish","type":"post","link":"https:\/\/tvbrazilusa.com\/pt\/2024\/12\/19\/motorista-enfrenta-acusacao-depois-que-de-alguma-forma-acabou-nos-trilhos-da-linha-verde-perto-de-bc\/","title":{"rendered":"Motorista enfrenta acusa\u00e7\u00e3o depois que &#8216;de alguma forma acabou&#8217; nos trilhos da Linha Verde perto de BC"},"content":{"rendered":"<p> <script async src=\"https:\/\/pagead2.googlesyndication.com\/pagead\/js\/adsbygoogle.js?client=ca-pub-8864793242727901\"\r\n     crossorigin=\"anonymous\"><\/script><br \/>\n<\/p>\n<div id=\"\">\n<header class=\"m-article-header m-article-header--standard\">\n\t\t\t\t\t\t\t\t\t\t\t\t<span id=\"article-header-primary-term\"><br \/>\n\t\t\t\t\t\t\t\t<a class=\"a-term a-term--primary\" href=\"https:\/\/www.boston.com\/tag\/transportation\/\"><\/p>\n<p>\t\t\t\t\t\t\t\tTransporte\t\t\t\t\t\t\t\t<\/a><br \/>\n\t\t\t\t\t\t\t<\/span><\/p>\n<h2 class=\"m-article-header__sub-headline\">A pol\u00edcia n\u00e3o identificou o homem de 36 anos, que enfrenta uma acusa\u00e7\u00e3o de opera\u00e7\u00e3o n\u00e3o licenciada de um ve\u00edculo motorizado.<\/h2>\n<figure class=\"a-photo m-article-header__photo\"><figcaption class=\"a-photo__caption\">\n<p>\tUm carro bloqueou o servi\u00e7o nos trilhos da Linha Verde perto do Boston College na noite de quarta-feira, disseram autoridades.<em> Foto da equipe de Audrey Cooney \/ Boston.com<\/em>\t<\/figcaption><\/figure>\n<\/header>\n<p>Um motorista de 36 anos est\u00e1 enfrentando uma acusa\u00e7\u00e3o de opera\u00e7\u00e3o n\u00e3o licenciada de um ve\u00edculo motorizado depois que seu carro \u201cde alguma forma acabou\u201d na estrada. <a href=\"https:\/\/www.boston.com\/tag\/mbta-green-line\/\" target=\"_blank\" rel=\"noreferrer noopener\">Linha Verde<\/a> trilhas perto do Boston College na noite de quarta-feira, de acordo com a pol\u00edcia. <\/p>\n<p>A Pol\u00edcia de Tr\u00e2nsito da MBTA disse que o Toyota 2013 parou nos trilhos perto do terminal B Branch por volta das 22h30. A pol\u00edcia n\u00e3o identificou o motorista nem disse como seu carro parou nos trilhos. <\/p>\n<p>O porta-voz da AT confirmou que o carro estava bloqueando o servi\u00e7o de entrada e sa\u00edda do Boston College, e a ag\u00eancia alertou sobre atrasos de 15 minutos em um <a href=\"https:\/\/x.com\/MBTA\/status\/1869595401709293584\" target=\"_blank\" rel=\"noreferrer noopener\">postar no X<\/a> pouco depois das 23h<\/p>\n<p>O ve\u00edculo foi finalmente rebocado e as autoridades inspecionaram os trilhos e liberaram a Linha Verde para retomar o servi\u00e7o, disse a Pol\u00edcia de Tr\u00e2nsito. O servi\u00e7o come\u00e7ou a funcionar novamente por volta das 23h45, disse o porta-voz do T. <\/p>\n<p>Ve\u00edculos pessoais se desviando dos trilhos da Linha Verde no n\u00edvel da rua n\u00e3o s\u00e3o uma vis\u00e3o incomum, para grande desgosto dos pilotos. Em dois incidentes separados fora de Brookline na semana passada, um motorista de carona por engano <a href=\"https:\/\/www.boston.com\/news\/transportation\/2024\/12\/12\/service-delayed-rideshare-driver-followed-gps-green-line-tracks\/\" target=\"_blank\" rel=\"noreferrer noopener\">seguiu seu GPS nas trilhas<\/a> perto de Dean Road e uma mulher supostamente dirigia b\u00eabada e <a href=\"https:\/\/www.boston.com\/news\/crime\/2024\/12\/09\/mbta-green-line-tracks-driver-under-influence-speeding-t-police\/?p1=article_recirc_inline_feature\">acelerou a faixa de dom\u00ednio<\/a> em Coolidge Corner.<\/p>\n<figure class=\"wp-block-embed is-type-rich is-provider-twitter wp-block-embed-twitter\">\n<div class=\"wp-block-embed__wrapper\">\n<blockquote class=\"twitter-tweet\" data-width=\"500\" data-dnt=\"true\">\n<p lang=\"en\" dir=\"ltr\">18\/12 10h30 BC Parada no ramal B da Linha Verde, um motorista de 36 anos de um Toyota 2013 de alguma forma acabou no <a href=\"https:\/\/twitter.com\/hashtag\/MBTA?src=hash&#038;ref_src=twsrc%5Etfw\">#MBTA<\/a> faixas. A TPD buscar\u00e1 queixas criminais por opera\u00e7\u00e3o n\u00e3o licenciada. V rebocado do local; faixas inspecionadas e liberadas para retomar o servi\u00e7o. <a href=\"https:\/\/t.co\/GGM64Bu6lM\">pic.twitter.com\/GGM64Bu6lM<\/a><\/p>\n<p>&#8211; Pol\u00edcia de Tr\u00e2nsito MBTA (@MBTATransitPD) <a href=\"https:\/\/twitter.com\/MBTATransitPD\/status\/1869740663748849666?ref_src=twsrc%5Etfw\">19 de dezembro de 2024<\/a><\/p><\/blockquote>\n<\/div>\n<\/figure>\n<div class=\"o-author-single has-avatar\">\n<header class=\"m-author-card\">\n<div class=\"a-image a-image--square m-author-card__image\">\n\t\t<img decoding=\"async\" class=\"\" src=\"https:\/\/www.boston.com\/wp-content\/uploads\/2024\/10\/cropped-Patkin-Headshot-66fea67b66dd2-scaled-1-66fea6a1c6f25.jpg\" alt=\"Imagem do perfil de Abby Patkin\"\/>\t<\/div>\n<\/header>\n<section class=\"author-info\">\n<div class=\"m-author__section\">\n<p>Abby Patkin \u00e9 uma rep\u00f3rter de not\u00edcias gerais cujo trabalho aborda transporte p\u00fablico, crime, sa\u00fade e tudo mais.<\/p>\n<\/div>\n<\/section>\n<\/div>\n<div class=\"m-block m-generic-cta\t m-generic-cta--post-content\t m-generic-cta--dark\t m-generic-cta--homepage\t m-generic-cta--email-signup\t\t m-generic-cta-block-style--default \tt-amp__generic-cta\"><\/p>\n<div class=\"m-generic-cta__wrap\">\n<div class=\"m-generic-cta__content\">\n<h3 class=\"m-generic-cta__title\">Boston.com hoje<\/h3>\n<p class=\"m-generic-cta__subtitle\">Inscreva-se para receber as \u00faltimas manchetes em sua caixa de entrada todas as manh\u00e3s.<\/p>\n<\/p><\/div>\n<\/p><\/div>\n<\/div><\/div>\n<p><script async src=\"\/\/platform.twitter.com\/widgets.js\" charset=\"utf-8\"><\/script><script>\n\t\tvar consent=\"grant\";\n\t\t\/* The above code is parsing the JSON data from the local storage and storing it in a variable. *\/\n\t\t\t\t\tconst onetrustStorageConsent = JSON.parse(localStorage.getItem( 'consent_one_trust_bdc' ) );\n\t\t\tif ( ( onetrustStorageConsent !== null ) ) {\n\t\t\t\t\/* Checking to see if the user has consented to the use of cookies.\n\t\t\t\t* If they have not, it is deleting the cookie.\n\t\t\t\t* This will comment for now, until further notice.\n\t\t\t\t*\/\n\t\t\t\t\/\/if ( onetrustStorageConsent.C0002 === false ) {\n\t\t\t\t\/\/\tdocument.cookie=\"_fbp=;expires=Thu, 01 Jan 2010 00:00:00 UTC; path=\/; domain=.boston.com\";\n\t\t\t\t\/\/}\n\t\t\t\t\/* Checking if the user has given consent for the cookie C0002.\n\t\t\t\t* If the user has given consent, the variable consent will be set to 'grant'.\n\t\t\t\t* If the user has not given consent,the variable consent will be set to 'revoke'.\n\t\t\t\t* Documentation https:\/\/developers.facebook.com\/docs\/meta-pixel\/implementation\/gdpr\n\t\t\t\t*\/\n\t\t\t\tif ( onetrustStorageConsent.C0002 !== true ) {\n\t\t\t\t\tconsent=\"revoke\";\n\t\t\t\t}\n\t\t\t}\n\t\t\t\t!function(f,b,e,v,n,t,s)\n\t\t{if(f.fbq)return;n=f.fbq=function(){n.callMethod?\n\t\tn.callMethod.apply(n,arguments):n.queue.push(arguments)};\n\t\tif(!f._fbq)f._fbq=n;n.push=n;n.loaded=!0;n.version='2.0';\n\t\tn.queue=[];t=b.createElement(e);t.async=!0;\n\t\tt.src=v;s=b.getElementsByTagName(e)[0];\n\t\ts.parentNode.insertBefore(t,s)}(window, document,'script',\n\t\t'https:\/\/connect.facebook.net\/en_US\/fbevents.js');\n\t\tfbq('consent', consent);\n\t\tfbq('init', '989222871864976');\n\t\tfbq('track', 'PageView');\n\t<\/script><script type=\"module\">\n\t\tvar consent=\"grant\";\n\t\t\/* The above code is parsing the JSON data from the local storage and storing it in a variable. *\/\n\t\t\tconst onetrustStorageConsent = JSON.parse(localStorage.getItem( 'consent_one_trust_bdc' ) );\n\t\t\t\/* Checking to see if the user has consented to the use of cookies.\n\t\t\t* If they have not, it is deleting the cookie.\n\t\t\t* This will comment for now, until further notice.\n\t\t\t*\/\n\t\t\t\/\/if ( onetrustStorageConsent.C0002 === false ) {\n\t\t\t\/\/\tdocument.cookie=\"_fbp=;expires=Thu, 01 Jan 2010 00:00:00 UTC; path=\/; domain=.boston.com\";\n\t\t\t\/\/}\n\t\t\t\/* Checking if the user has given consent for the cookie C0002.\n\t\t\t* If the user has given consent, the variable consent will be set to 'grant'.\n\t\t\t* If the user has not given consent,the variable consent will be set to 'revoke'.\n\t\t\t* Documentation https:\/\/developers.facebook.com\/docs\/meta-pixel\/implementation\/gdpr\n\t\t\t*\/\n\t\t\tif ( ( onetrustStorageConsent !== null ) && (onetrustStorageConsent.C0002 !== true ) ) {\n\t\t\t\tconsent=\"revoke\";\n\t\t\t}\n\t\t\t\t!function(f,b,e,v,n,t,s){if(f.fbq)return;n=f.fbq=function()\n\t\t{n.callMethod? n.callMethod.apply(n,arguments):n.queue.push(arguments)}\n\t\t;if(!f._fbq)f._fbq=n;\n\t\tn.push=n;n.loaded=!0;n.version='2.0';n.queue=[];t=b.createElement(e);t.async=!0;\n\t\tt.src=v;s=b.getElementsByTagName(e)[0];s.parentNode.insertBefore(t,s)}(window,\n\t\tdocument,'script','https:\/\/connect.facebook.net\/en_US\/fbevents.js');\n\t\tfbq('consent', consent);\n\t\tfbq('init', '813236348753005');\n\t\tfbq('track', \"PageView\");\n\t<\/script><br \/>\n<br \/><br \/>\n<br \/><a href=\"https:\/\/www.boston.com\/news\/transportation\/2024\/12\/19\/driver-facing-charge-after-ending-up-on-green-line-tracks\/\">Source link <\/a><\/p>","protected":false},"excerpt":{"rendered":"<p>Transporte A pol\u00edcia n\u00e3o identificou o homem de 36 anos, que enfrenta uma acusa\u00e7\u00e3o de opera\u00e7\u00e3o n\u00e3o licenciada de um ve\u00edculo motorizado. Um carro bloqueou o servi\u00e7o nos trilhos da&hellip;<\/p>","protected":false},"author":1,"featured_media":79087,"comment_status":"closed","ping_status":"open","sticky":false,"template":"","format":"standard","meta":{"content-type":"","footnotes":""},"categories":[1],"tags":[],"class_list":["post-79086","post","type-post","status-publish","format-standard","has-post-thumbnail","hentry","category-uncategorized"],"_links":{"self":[{"href":"https:\/\/tvbrazilusa.com\/pt\/wp-json\/wp\/v2\/posts\/79086","targetHints":{"allow":["GET"]}}],"collection":[{"href":"https:\/\/tvbrazilusa.com\/pt\/wp-json\/wp\/v2\/posts"}],"about":[{"href":"https:\/\/tvbrazilusa.com\/pt\/wp-json\/wp\/v2\/types\/post"}],"author":[{"embeddable":true,"href":"https:\/\/tvbrazilusa.com\/pt\/wp-json\/wp\/v2\/users\/1"}],"replies":[{"embeddable":true,"href":"https:\/\/tvbrazilusa.com\/pt\/wp-json\/wp\/v2\/comments?post=79086"}],"version-history":[{"count":1,"href":"https:\/\/tvbrazilusa.com\/pt\/wp-json\/wp\/v2\/posts\/79086\/revisions"}],"predecessor-version":[{"id":79088,"href":"https:\/\/tvbrazilusa.com\/pt\/wp-json\/wp\/v2\/posts\/79086\/revisions\/79088"}],"wp:featuredmedia":[{"embeddable":true,"href":"https:\/\/tvbrazilusa.com\/pt\/wp-json\/wp\/v2\/media\/79087"}],"wp:attachment":[{"href":"https:\/\/tvbrazilusa.com\/pt\/wp-json\/wp\/v2\/media?parent=79086"}],"wp:term":[{"taxonomy":"category","embeddable":true,"href":"https:\/\/tvbrazilusa.com\/pt\/wp-json\/wp\/v2\/categories?post=79086"},{"taxonomy":"post_tag","embeddable":true,"href":"https:\/\/tvbrazilusa.com\/pt\/wp-json\/wp\/v2\/tags?post=79086"}],"curies":[{"name":"wp","href":"https:\/\/api.w.org\/{rel}","templated":true}]}}