{"id":79098,"date":"2024-12-19T15:15:09","date_gmt":"2024-12-19T15:15:09","guid":{"rendered":"https:\/\/tvbrazilusa.com\/2024\/12\/19\/atencao-senado-aprova-reconhecimento-do-diabetes-tipo-1-como-deficiencia-legal\/"},"modified":"2024-12-19T15:15:11","modified_gmt":"2024-12-19T15:15:11","slug":"atencao-senado-aprova-reconhecimento-do-diabetes-tipo-1-como-deficiencia-legal","status":"publish","type":"post","link":"https:\/\/tvbrazilusa.com\/pt\/2024\/12\/19\/atencao-senado-aprova-reconhecimento-do-diabetes-tipo-1-como-deficiencia-legal\/","title":{"rendered":"ATEN\u00c7\u00c3O: Senado aprova reconhecimento do diabetes tipo 1 como defici\u00eancia legal"},"content":{"rendered":"<p> <script async src=\"https:\/\/pagead2.googlesyndication.com\/pagead\/js\/adsbygoogle.js?client=ca-pub-8864793242727901\"\r\n     crossorigin=\"anonymous\"><\/script><br \/>\n<\/p>\n<div id=\"taboola-read-more\" style=\"display:block; width:100%\">\n<p>O Senado aprovou o PL 2.687\/2022, que reconhece o diabetes tipo 1 como defici\u00eancia para efeitos legais.\n<\/p>\n<p>O projeto, j\u00e1 aprovado pela C\u00e2mara, segue para san\u00e7\u00e3o presidencial e beneficia cerca de 600 mil pessoas no Brasil.<\/p>\n<p>Com a medida, portadores de diabetes tipo 1 ter\u00e3o acesso a direitos previstos no Estatuto da Pessoa com Defici\u00eancia, como avalia\u00e7\u00e3o biopsicossocial realizada por equipe multiprofissional.\n<\/p>\n<p>Deu em Vero<\/p>\n<p>Fonte: Fator RRH              <\/p>\n<\/div>\n<p><br \/>\n<br \/><a href=\"https:\/\/diariodobrasilnoticias.com.br\/noticia\/atencao-senado-aprova-reconhecimento-do-diabetes-tipo-1-como-deficiencia-legal-67641f98ad2f6\">Source link <\/a><\/p>","protected":false},"excerpt":{"rendered":"<p>O Senado aprovou o PL 2.687\/2022, que reconhece o diabetes tipo 1 como defici\u00eancia para efeitos legais. O projeto, j\u00e1 aprovado pela C\u00e2mara, segue para san\u00e7\u00e3o presidencial e beneficia cerca&hellip;<\/p>","protected":false},"author":1,"featured_media":79099,"comment_status":"closed","ping_status":"open","sticky":false,"template":"","format":"standard","meta":{"content-type":"","footnotes":""},"categories":[16],"tags":[123,2448,5313,1267],"class_list":["post-79098","post","type-post","status-publish","format-standard","has-post-thumbnail","hentry","category-noticias","tag-brasil","tag-diario","tag-noticia","tag-noticias"],"_links":{"self":[{"href":"https:\/\/tvbrazilusa.com\/pt\/wp-json\/wp\/v2\/posts\/79098","targetHints":{"allow":["GET"]}}],"collection":[{"href":"https:\/\/tvbrazilusa.com\/pt\/wp-json\/wp\/v2\/posts"}],"about":[{"href":"https:\/\/tvbrazilusa.com\/pt\/wp-json\/wp\/v2\/types\/post"}],"author":[{"embeddable":true,"href":"https:\/\/tvbrazilusa.com\/pt\/wp-json\/wp\/v2\/users\/1"}],"replies":[{"embeddable":true,"href":"https:\/\/tvbrazilusa.com\/pt\/wp-json\/wp\/v2\/comments?post=79098"}],"version-history":[{"count":1,"href":"https:\/\/tvbrazilusa.com\/pt\/wp-json\/wp\/v2\/posts\/79098\/revisions"}],"predecessor-version":[{"id":79100,"href":"https:\/\/tvbrazilusa.com\/pt\/wp-json\/wp\/v2\/posts\/79098\/revisions\/79100"}],"wp:featuredmedia":[{"embeddable":true,"href":"https:\/\/tvbrazilusa.com\/pt\/wp-json\/wp\/v2\/media\/79099"}],"wp:attachment":[{"href":"https:\/\/tvbrazilusa.com\/pt\/wp-json\/wp\/v2\/media?parent=79098"}],"wp:term":[{"taxonomy":"category","embeddable":true,"href":"https:\/\/tvbrazilusa.com\/pt\/wp-json\/wp\/v2\/categories?post=79098"},{"taxonomy":"post_tag","embeddable":true,"href":"https:\/\/tvbrazilusa.com\/pt\/wp-json\/wp\/v2\/tags?post=79098"}],"curies":[{"name":"wp","href":"https:\/\/api.w.org\/{rel}","templated":true}]}}