{"id":79120,"date":"2024-12-19T15:43:10","date_gmt":"2024-12-19T15:43:10","guid":{"rendered":"https:\/\/tvbrazilusa.com\/2024\/12\/19\/agora-lula-volta-a-hospital-para-realizar-novos-exames-marcados-pelos-medicos-nesta-quinta-feira\/"},"modified":"2024-12-19T15:43:11","modified_gmt":"2024-12-19T15:43:11","slug":"agora-lula-volta-a-hospital-para-realizar-novos-exames-marcados-pelos-medicos-nesta-quinta-feira","status":"publish","type":"post","link":"https:\/\/tvbrazilusa.com\/pt\/2024\/12\/19\/agora-lula-volta-a-hospital-para-realizar-novos-exames-marcados-pelos-medicos-nesta-quinta-feira\/","title":{"rendered":"AGORA: Lula volta a hospital para realizar novos exames marcados pelos m\u00e9dicos nesta quinta-feira"},"content":{"rendered":"<p> <script async src=\"https:\/\/pagead2.googlesyndication.com\/pagead\/js\/adsbygoogle.js?client=ca-pub-8864793242727901\"\r\n     crossorigin=\"anonymous\"><\/script><br \/>\n<\/p>\n<div id=\"taboola-read-more\" style=\"display:block; width:100%\">\n<p>O presidente Luiz In\u00e1cio Lula da Silva (PT) passar\u00e1 na manh\u00e3 desta quinta-feira (19) por novos exames no Hospital S\u00edrio Liban\u00eas, no Centro de S\u00e3o Paulo, onde esteve internado na semana passada para realizar uma cirurgia de emerg\u00eancia na cabe\u00e7a.\n<\/p>\n<p>Segundo a Presid\u00eancia da Rep\u00fablica, o petista far\u00e1 uma nova tomografia como parte do protocolo do p\u00f3s-operat\u00f3rio. Ele deixou a casa dele, que fica na regi\u00e3o de Pinheiros, Zona Oeste de S\u00e3o Paulo, por volta das 8h50 e chegou ao hospital por volta das 9h10.<\/p>\n<p>Um boletim m\u00e9dico sobre o estado de sa\u00fade do petista deve ser divulgado em seguida pela equipe m\u00e9dica que acompanha o presidente.\n<\/p>\n<p>Se o resultado estiver dentro da normalidade esperada pelos m\u00e9dicos, ele deve retornar a Bras\u00edlia e retomar a rotina de trabalho.\n<\/p>\n<p>A equipe que cuida do presidente \u00e9 composta pelo cardiologista Roberto Kalil Filho, m\u00e9dico pessoal do petista, al\u00e9m da infectologista Ana Helena Germoglio, do neurologista Rog\u00e9rio Tuma, de Luiz Francisco Cardoso e de \u00c1lvaro Sarkis.\n<\/p>\n<p>Alta no domingo\n<\/p>\n<p>Lula teve alta do hospital no domingo (15) e foi autorizado a voltar para a casa dele em S\u00e3o Paulo para continuar recebendo acompanhamento m\u00e9dico de perto.\n<\/p>\n<p>Ao deixar o hospital, ele apareceu de surpresa ao final de uma entrevista coletiva dos m\u00e9dicos e falou com os jornalistas.\n<\/p>\n<p>Estou voltando para casa agora tranquilo, certo de que eu estou curado e que eu preciso apenas me cuidar.<br \/>\u2014 Lula, ap\u00f3s alta hospitalar<br \/>Ele se emocionou ao contar, ao lado da primeira-dama Janja, quando se deu conta da gravidade da sua situa\u00e7\u00e3o, que exigiu uma cirurgia de emerg\u00eancia.\n<\/p>\n<p>Como eu achava que eu tava curado, eu confesso a voc\u00eas que eu fiquei um pouco assustado pelo volume de crescimento da quantidade de l\u00edquido na minha cabe\u00e7a. Eu fiquei preocupado com a urg\u00eancia que eles pediram para vir para c\u00e1 [hospital].<br \/>\u2014 Lula, presidente da Rep\u00fablica<br \/>Dois dias ap\u00f3s a cirurgia, Lula passou ainda por um procedimento na cabe\u00e7a. A medida foi em car\u00e1ter preventivo a fim de evitar um novo sangramento.\n<\/p>\n<p>Fonte: g              <\/p>\n<\/div>\n<p><br \/>\n<br \/><a href=\"https:\/\/diariodobrasilnoticias.com.br\/noticia\/agora-lula-volta-a-hospital-para-realizar-novos-exames-marcados-pelos-medicos-nesta-quinta-feira-676419746b4b3\">Source link <\/a><\/p>","protected":false},"excerpt":{"rendered":"<p>O presidente Luiz In\u00e1cio Lula da Silva (PT) passar\u00e1 na manh\u00e3 desta quinta-feira (19) por novos exames no Hospital S\u00edrio Liban\u00eas, no Centro de S\u00e3o Paulo, onde esteve internado na&hellip;<\/p>","protected":false},"author":1,"featured_media":79121,"comment_status":"closed","ping_status":"open","sticky":false,"template":"","format":"standard","meta":{"content-type":"","footnotes":""},"categories":[16],"tags":[123,2448,5313,1267],"class_list":["post-79120","post","type-post","status-publish","format-standard","has-post-thumbnail","hentry","category-noticias","tag-brasil","tag-diario","tag-noticia","tag-noticias"],"_links":{"self":[{"href":"https:\/\/tvbrazilusa.com\/pt\/wp-json\/wp\/v2\/posts\/79120","targetHints":{"allow":["GET"]}}],"collection":[{"href":"https:\/\/tvbrazilusa.com\/pt\/wp-json\/wp\/v2\/posts"}],"about":[{"href":"https:\/\/tvbrazilusa.com\/pt\/wp-json\/wp\/v2\/types\/post"}],"author":[{"embeddable":true,"href":"https:\/\/tvbrazilusa.com\/pt\/wp-json\/wp\/v2\/users\/1"}],"replies":[{"embeddable":true,"href":"https:\/\/tvbrazilusa.com\/pt\/wp-json\/wp\/v2\/comments?post=79120"}],"version-history":[{"count":1,"href":"https:\/\/tvbrazilusa.com\/pt\/wp-json\/wp\/v2\/posts\/79120\/revisions"}],"predecessor-version":[{"id":79122,"href":"https:\/\/tvbrazilusa.com\/pt\/wp-json\/wp\/v2\/posts\/79120\/revisions\/79122"}],"wp:featuredmedia":[{"embeddable":true,"href":"https:\/\/tvbrazilusa.com\/pt\/wp-json\/wp\/v2\/media\/79121"}],"wp:attachment":[{"href":"https:\/\/tvbrazilusa.com\/pt\/wp-json\/wp\/v2\/media?parent=79120"}],"wp:term":[{"taxonomy":"category","embeddable":true,"href":"https:\/\/tvbrazilusa.com\/pt\/wp-json\/wp\/v2\/categories?post=79120"},{"taxonomy":"post_tag","embeddable":true,"href":"https:\/\/tvbrazilusa.com\/pt\/wp-json\/wp\/v2\/tags?post=79120"}],"curies":[{"name":"wp","href":"https:\/\/api.w.org\/{rel}","templated":true}]}}