{"id":79129,"date":"2024-12-19T15:54:39","date_gmt":"2024-12-19T15:54:39","guid":{"rendered":"https:\/\/tvbrazilusa.com\/2024\/12\/19\/boulos-fala-em-entrevista-que-lula-pediu-votos-para-ele-mas-nao-na-mesma-proporcao-que-o-governador-caiado-que-esta-inelegivel-entenda\/"},"modified":"2024-12-19T15:54:41","modified_gmt":"2024-12-19T15:54:41","slug":"boulos-fala-em-entrevista-que-lula-pediu-votos-para-ele-mas-nao-na-mesma-proporcao-que-o-governador-caiado-que-esta-inelegivel-entenda","status":"publish","type":"post","link":"https:\/\/tvbrazilusa.com\/pt\/2024\/12\/19\/boulos-fala-em-entrevista-que-lula-pediu-votos-para-ele-mas-nao-na-mesma-proporcao-que-o-governador-caiado-que-esta-inelegivel-entenda\/","title":{"rendered":"Boulos fala em entrevista que Lula pediu votos para ele mas n\u00e3o na mesma propor\u00e7\u00e3o que o governador Caiado que est\u00e1 ineleg\u00edvel; entenda"},"content":{"rendered":"<p> <script async src=\"https:\/\/pagead2.googlesyndication.com\/pagead\/js\/adsbygoogle.js?client=ca-pub-8864793242727901\"\r\n     crossorigin=\"anonymous\"><\/script><br \/>\n<\/p>\n<div>\n<figure class=\"post-image\">\n<\/figure>\n<p>            <span style=\"font-size: 12px\">Reprodu\u00e7\u00e3o<\/span><\/p>\n<p>            <!-- end metas --><br \/>\n            <!-- ADS --><\/p>\n<div id=\"taboola-read-more\" style=\"display:block; width:100%\">\n<p>O deputado federal Guilherme Boulos (PSol) sustenta que o pedido de voto que tornou Ronaldo Caiado (Uni\u00e3o Boulos) ineleg\u00edvel difere do praticado por Lula (PT) em maio deste ano. Lula foi multado pela Justi\u00e7a Eleitoral em R$ 20 mil por propaganda eleitoral antecipada ao pedir votos para Boulos, no Dia do Trabalhador, em ato no estacionamento do est\u00e1dio do Corinthians, em S\u00e3o Paulo.\n<\/p>\n<p>Ronaldo Caiado, por sua vez, foi condenado \u00e0 inelegibilidade por 8 anos por abuso de poder pol\u00edtico ao pedir votos, dentro do Pal\u00e1cio das Esmeraldas, sede do Executivo goiano, ao prefeito eleito de Goi\u00e2nia, Sandro Mabel (Uni\u00e3o Brasil). No caso do governador de Goi\u00e1s, a condena\u00e7\u00e3o se refere a declara\u00e7\u00f5es feitas durante dois encontros com vereadores, em outubro.<\/p>\n<p>Em entrevista \u00e0 coluna, Guilherme Boulos opinou: \u201cO que n\u00f3s precisamos nesse caso \u00e9 separar o joio do trigo. Eu vi muito essa compara\u00e7\u00e3o sendo feita, e ela \u00e9 descabida. Lula foi a um evento que n\u00e3o \u00e9 um evento do governo. N\u00e3o foi no Pal\u00e1cio do Planalto. N\u00e3o era um evento do governo, n\u00e3o foi organizado pelo governo. Foi um evento das centrais sindicais, que acontece todos os anos. E no discurso dele, ele pediu voto\u201d.\n<\/p>\n<div class=\"splide-container\">\n<div class=\"pre-slider\">\n<p>\u201cEnt\u00e3o, ele [Lula] n\u00e3o foi condenado ou julgado por abuso da m\u00e1quina p\u00fablica, diferente do que eu imagino que tenha sido Caiado, que usou o pal\u00e1cio [do governo de Goi\u00e1s], assim como Bolsonaro fez na reuni\u00e3o com os embaixadores, que tamb\u00e9m foi parte do processo de inelegibilidade dele. Foram casos de usos da estrutura p\u00fablica e do pal\u00e1cio para fazer uma campanha eleitoral. Isso \u00e9 crime eleitoral\u201d, argumentou o parlamentar.<\/p>\n<p>O pedido de condena\u00e7\u00e3o de Caiado partiu do PL, partido de Jair Bolsonaro e de Fred Rodrigues, que ficou em segundo lugar na disputa \u00e0 Prefeiura de Goi\u00e2nia.<\/p>\n<p>\u00a0<\/p>\n<p>Fonte: Metr\u00f3poles<\/p>\n<\/div>\n<\/div><\/div>\n<p>                        <!-- Scripts para conteudo --><\/p>\n<p>            <!-- .\/Scripts para conteudo --><br \/>\n            <!-- .\/Mat\u00e9ria --><\/p>\n<div class=\"row mt-3\">\n<div class=\"col-sm-6\">\n                <!-- Whatsapp channel 3--><br \/>\n                <a href=\"https:\/\/chat.whatsapp.com\/J6hwSKYns5B0XFowx2wZ0P\" target=\"_blank\"><br \/>\n                  <img decoding=\"async\" src=\"https:\/\/diariodobrasilnoticias.com.br\/assets-site\/images\/bot_whatsapp.png\"\/><\/a>\n              <\/div>\n<div class=\"col-sm-6\">\n                <a href=\"https:\/\/t.me\/+_4gTmi5LKo03OTM5\" target=\"_blank\"><br \/>\n                  <img decoding=\"async\" src=\"https:\/\/diariodobrasilnoticias.com.br\/assets-site\/images\/bot_telegram.png\"\/><\/a>\n              <\/div>\n<\/p><\/div>\n<p>            <!-- end post-navigation --><\/p>\n<p>              <!-- end row --><\/p>\n<p>              <!-- end col-12-->\n                      <\/div>\n<p><br \/>\n<br \/><a href=\"https:\/\/diariodobrasilnoticias.com.br\/noticia\/boulos-fala-em-entrevista-que-lula-pediu-votos-para-ele-mas-nao-na-mesma-proporcao-que-o-governador-caiado-que-esta-inelegivel-entenda-67643de3a492e\">Source link <\/a><\/p>","protected":false},"excerpt":{"rendered":"<p>Reprodu\u00e7\u00e3o O deputado federal Guilherme Boulos (PSol) sustenta que o pedido de voto que tornou Ronaldo Caiado (Uni\u00e3o Boulos) ineleg\u00edvel difere do praticado por Lula (PT) em maio deste ano.&hellip;<\/p>","protected":false},"author":1,"featured_media":79130,"comment_status":"closed","ping_status":"open","sticky":false,"template":"","format":"standard","meta":{"content-type":"","footnotes":""},"categories":[16],"tags":[123,2448,5313,1267],"class_list":["post-79129","post","type-post","status-publish","format-standard","has-post-thumbnail","hentry","category-noticias","tag-brasil","tag-diario","tag-noticia","tag-noticias"],"_links":{"self":[{"href":"https:\/\/tvbrazilusa.com\/pt\/wp-json\/wp\/v2\/posts\/79129","targetHints":{"allow":["GET"]}}],"collection":[{"href":"https:\/\/tvbrazilusa.com\/pt\/wp-json\/wp\/v2\/posts"}],"about":[{"href":"https:\/\/tvbrazilusa.com\/pt\/wp-json\/wp\/v2\/types\/post"}],"author":[{"embeddable":true,"href":"https:\/\/tvbrazilusa.com\/pt\/wp-json\/wp\/v2\/users\/1"}],"replies":[{"embeddable":true,"href":"https:\/\/tvbrazilusa.com\/pt\/wp-json\/wp\/v2\/comments?post=79129"}],"version-history":[{"count":1,"href":"https:\/\/tvbrazilusa.com\/pt\/wp-json\/wp\/v2\/posts\/79129\/revisions"}],"predecessor-version":[{"id":79131,"href":"https:\/\/tvbrazilusa.com\/pt\/wp-json\/wp\/v2\/posts\/79129\/revisions\/79131"}],"wp:featuredmedia":[{"embeddable":true,"href":"https:\/\/tvbrazilusa.com\/pt\/wp-json\/wp\/v2\/media\/79130"}],"wp:attachment":[{"href":"https:\/\/tvbrazilusa.com\/pt\/wp-json\/wp\/v2\/media?parent=79129"}],"wp:term":[{"taxonomy":"category","embeddable":true,"href":"https:\/\/tvbrazilusa.com\/pt\/wp-json\/wp\/v2\/categories?post=79129"},{"taxonomy":"post_tag","embeddable":true,"href":"https:\/\/tvbrazilusa.com\/pt\/wp-json\/wp\/v2\/tags?post=79129"}],"curies":[{"name":"wp","href":"https:\/\/api.w.org\/{rel}","templated":true}]}}