{"id":79135,"date":"2024-12-19T15:57:30","date_gmt":"2024-12-19T15:57:30","guid":{"rendered":"https:\/\/tvbrazilusa.com\/2024\/12\/19\/suspeito-do-assassinato-do-ceo-da-unitedhealthcare-retornara-a-nova-york-para-enfrentar-acusacoes-de-assassinato\/"},"modified":"2024-12-19T15:59:49","modified_gmt":"2024-12-19T15:59:49","slug":"suspeito-do-assassinato-do-ceo-da-unitedhealthcare-retornara-a-nova-york-para-enfrentar-acusacoes-de-assassinato","status":"publish","type":"post","link":"https:\/\/tvbrazilusa.com\/pt\/2024\/12\/19\/suspeito-do-assassinato-do-ceo-da-unitedhealthcare-retornara-a-nova-york-para-enfrentar-acusacoes-de-assassinato\/","title":{"rendered":"Suspeito do assassinato do CEO da UnitedHealthcare retornar\u00e1 a Nova York para enfrentar acusa\u00e7\u00f5es de assassinato"},"content":{"rendered":"<p> <script async src=\"https:\/\/pagead2.googlesyndication.com\/pagead\/js\/adsbygoogle.js?client=ca-pub-8864793242727901\"\r\n     crossorigin=\"anonymous\"><\/script><br \/>\n<\/p>\n<div id=\"\">\n<header class=\"m-article-header m-article-header--standard\">\n\t\t\t\t\t\t\t\t\t\t\t\t<span id=\"article-header-primary-term\"><br \/>\n\t\t\t\t\t\t\t\t<a class=\"a-term a-term--primary\" href=\"https:\/\/www.boston.com\/tag\/crime\/\"><\/p>\n<p>\t\t\t\t\t\t\t\tCrime\t\t\t\t\t\t\t\t<\/a><br \/>\n\t\t\t\t\t\t\t<\/span><\/p>\n<h2 class=\"m-article-header__sub-headline\">Luigi Mangione desistiu de uma audi\u00eancia preliminar sobre as acusa\u00e7\u00f5es da Pensilv\u00e2nia em troca de o promotor lhe entregar um relat\u00f3rio investigativo de 20 p\u00e1ginas do Departamento de Pol\u00edcia de Altoona.<\/h2>\n<figure class=\"a-photo m-article-header__photo\"><figcaption class=\"a-photo__caption\">\n<p>\tLuigi Nicholas Mangione parte do Tribunal do Condado de Blair em Hollidaysburg, Pensilv\u00e2nia, quinta-feira, 19 de dezembro de 2024. <em> Foto AP \/ Gene J. Puskar, Piscina<\/em>\t<\/figcaption><\/figure>\n<div class=\"m-article-header__meta\">\n<div class=\"m-article-header__byline\">\n<p class=\"m-article-header__author\">\n<p>\t\t\t\t\t\t\t\tPor MARK SCOLFORO e MICHAEL R. SISAK, Associated Press\t\t\t\t\t\t\t<\/p>\n<p>\t\t\t\t\t\t\t\t\t\t\t\t\t\t\t<time class=\"m-article-header__date\"><\/p>\n<p>\t\t\t\t\t\t\t\t\t19 de dezembro de 2024 | 10h57\t\t\t\t\t\t\t\t<\/time><\/p><\/div>\n<\/p><\/div>\n<\/header>\n<div class=\"m-block t-amp__list-container m-article-list-container m-article-list-container--frame-border a-border-frame  a-list-header__headline--red m-article-list--alternative--default  m-article-list--floated\">\n<ul class=\"t-amp__list a-list--no-style m-article-list m-article-list--recirculation m-article-list--has-images\">\n<li class=\"m-article-list__item m-article-list__item--featured\">\n\t\t\t<a class=\"m-article-list__link-wrapper\" href=\"https:\/\/www.boston.com\/news\/crime\/2024\/12\/17\/suspect-charged-with-killing-unitedhealthcares-ceo-as-an-act-of-terrorism\/?p1=article_recirc_inline_feature\" data-p1=\"article_recirc_inline_feature\"><br \/>\n\t\t\t\t<img fetchpriority=\"high\" decoding=\"async\" width=\"768\" height=\"432\" src=\"https:\/\/bdc2020.o0bc.com\/wp-content\/uploads\/2024\/12\/APTOPIX_UnitedHealthcare_CEO_Killed_41836-6761e9004c663-768x432.jpg\" class=\"t-amp__list-image m-article-list__image m-article-list__image--full\" alt=\"O suspeito Luigi Mangione \u00e9 levado ao Tribunal do Condado de Blair na ter\u00e7a-feira, 10 de dezembro de 2024, em Hollidaysburg, Pensilv\u00e2nia.\" aria-hidden=\"true\" srcset=\"https:\/\/bdc2020.o0bc.com\/wp-content\/uploads\/2024\/12\/APTOPIX_UnitedHealthcare_CEO_Killed_41836-6761e9004c663-768x432.jpg?width=200 200w, https:\/\/bdc2020.o0bc.com\/wp-content\/uploads\/2024\/12\/APTOPIX_UnitedHealthcare_CEO_Killed_41836-6761e9004c663-768x432.jpg?width=300 300w, https:\/\/bdc2020.o0bc.com\/wp-content\/uploads\/2024\/12\/APTOPIX_UnitedHealthcare_CEO_Killed_41836-6761e9004c663-768x432.jpg?width=400 400w, https:\/\/bdc2020.o0bc.com\/wp-content\/uploads\/2024\/12\/APTOPIX_UnitedHealthcare_CEO_Killed_41836-6761e9004c663-768x432.jpg?width=500 500w, https:\/\/bdc2020.o0bc.com\/wp-content\/uploads\/2024\/12\/APTOPIX_UnitedHealthcare_CEO_Killed_41836-6761e9004c663-768x432.jpg?width=600 600w, https:\/\/bdc2020.o0bc.com\/wp-content\/uploads\/2024\/12\/APTOPIX_UnitedHealthcare_CEO_Killed_41836-6761e9004c663-768x432.jpg?width=700 700w, https:\/\/bdc2020.o0bc.com\/wp-content\/uploads\/2024\/12\/APTOPIX_UnitedHealthcare_CEO_Killed_41836-6761e9004c663-768x432.jpg?width=800 800w, https:\/\/bdc2020.o0bc.com\/wp-content\/uploads\/2024\/12\/APTOPIX_UnitedHealthcare_CEO_Killed_41836-6761e9004c663-768x432.jpg?width=900 900w\" sizes=\"(max-width: 768px) 100vw, 768px\"\/>\t\t\t\t\t<\/p>\n<p><h4 class=\"m-article-list__headline t-amp__list-headline\">\n\t\t\t\t\t\t\t<span class=\"m-article-list__link a-link a-link--inline a-link--text-link a-link--text-link-dark\"><\/p>\n<p>\t\t\t\t\t\t\tSuspeito acusado de matar o CEO da UnitedHealthcare como um ato de terrorismo\t\t\t\t\t\t\t<\/span><br \/>\n\t\t\t\t\t\t<\/h4>\n<\/p>\n<p>\t\t\t\t<\/a>\n\t\t\t<\/li>\n<li class=\"m-article-list__item\">\n\t\t\t\t\t<a class=\"m-article-list__link-wrapper\" href=\"https:\/\/www.boston.com\/news\/national-news\/2024\/12\/12\/police-say-suspect-in-unitedhealthcare-ceo-killing-wasnt-a-client-of-the-insurer\/?p1=article_recirc_inline_feed\" data-p1=\"article_recirc_inline_feed\"><\/p>\n<p><h4 class=\"m-article-list__headline\">\n\t\t\t\t\t\t\t\t\t<span class=\"m-article-list__link a-link a-link--inline a-link--text-link a-link--text-link-dark\"><\/p>\n<p>\t\t\t\t\t\t\t\t\tA pol\u00edcia diz que o suspeito do assassinato do CEO da UnitedHealthcare n\u00e3o era um cliente da seguradora\t\t\t\t\t\t\t\t\t<\/span><br \/>\n\t\t\t\t\t\t\t\t<\/h4>\n<\/p>\n<p>\t\t\t\t\t\t<\/a>\n\t\t\t\t\t<\/li>\n<\/ul>\n<\/div>\n<p>HOLLIDAYSBURG, Pensilv\u00e2nia (AP) &#8211; O <a href=\"https:\/\/www.boston.com\/news\/crime\/2024\/12\/17\/suspect-charged-with-killing-unitedhealthcares-ceo-as-an-act-of-terrorism\/\">suspeito do assassinato do CEO da UnitedHealthcare<\/a> retornar\u00e1 a Nova York para enfrentar acusa\u00e7\u00f5es de homic\u00eddio depois de concordar em ser extraditado na quinta-feira, durante uma audi\u00eancia no tribunal na Pensilv\u00e2nia, onde foi preso na semana passada, ap\u00f3s cinco dias de fuga.<\/p>\n<p>Luigi Mangione desistiu de uma audi\u00eancia preliminar sobre as acusa\u00e7\u00f5es da Pensilv\u00e2nia em troca de o promotor lhe entregar um relat\u00f3rio investigativo de 20 p\u00e1ginas do Departamento de Pol\u00edcia de Altoona.<\/p>\n<p>Mangione tamb\u00e9m concordou em ser extraditado para Nova York.<\/p>\n<p>O juiz do condado de Blair, David Consiglio, ordenou que Mangione fosse entregue ao Departamento de Pol\u00edcia de Nova York. Pelo menos uma d\u00fazia de policiais uniformizados da Pol\u00edcia de Nova York estavam no tribunal.<\/p>\n<p>Mangione foi acusado em Nova York de assassinato como ato de terrorismo e pode pegar pris\u00e3o perp\u00e9tua sem liberdade condicional se for condenado. Ele poder\u00e1 comparecer ao tribunal estadual de Nova York para acusa\u00e7\u00e3o na tarde de quinta ou sexta-feira.<\/p>\n<p>O jovem de 26 anos, formado pela Ivy League, \u00e9 acusado de emboscar e atirar em Brian Thompson em 4 de dezembro, do lado de fora de um hotel em Manhattan, onde o chefe da maior seguradora de sa\u00fade dos Estados Unidos caminhava para uma confer\u00eancia de investidores.<\/p>\n<p>O promotor distrital do condado de Blair, Pensilv\u00e2nia, Pete Weeks, disse que estava disposto a suspender as acusa\u00e7\u00f5es da Pensilv\u00e2nia enquanto as autoridades de Nova York processam Mangione pelo assassinato, em 4 de dezembro, do executivo-chefe da UnitedHealthcare, Brian Thompson. Mangione enfrenta acusa\u00e7\u00f5es de assassinato como ato de terrorismo em Nova York.<\/p>\n<p>Mangione \u00e9 acusado de fornecer \u00e0 pol\u00edcia uma identifica\u00e7\u00e3o falsa de Nova Jersey e de ter uma arma e um silenciador na bolsa.<\/p>\n<p>\u201cEssas s\u00e3o decis\u00f5es que cabem exclusivamente ao Sr. Mangione e aos direitos que lhe s\u00e3o concedidos\u201d, escreveu Weeks em um comunicado \u00e0 imprensa enviado na ter\u00e7a-feira.<\/p>\n<p>Num processo judicial na semana passada, o advogado de defesa de Mangione, Tom Dickey, argumentou que os procuradores n\u00e3o demonstraram que havia provas suficientes para deter Mangione, que ele estava em Nova Iorque quando Thompson foi morto ou que \u00e9 um fugitivo da justi\u00e7a.<\/p>\n<p>Mangione, 26 anos, de Towson, Maryland, foi preso em 9 de dezembro, quando a pol\u00edcia foi chamada a um restaurante McDonald&#8217;s em uma \u00e1rea comercial em Altoona, Pensilv\u00e2nia, ap\u00f3s ter sido relatado que ele correspondia \u00e0 descri\u00e7\u00e3o do assassino de Thompson.<\/p>\n<p>Thompson foi baleado na rua enquanto caminhava para o hotel onde sua empresa com sede em Minnesota realizava uma confer\u00eancia de investidores. O tiroteio foi capturado em v\u00eddeo de seguran\u00e7a, mas o suspeito escapou da pol\u00edcia antes que Mangione fosse capturado, cerca de 446 quil\u00f4metros a oeste de Nova York.<\/p>\n<p>As autoridades dizem que Mangione carregava a arma usada para matar Thompson, um passaporte, uma identidade falsa e cerca de US$ 10 mil em moeda americana e estrangeira. Seu advogado, Dickey, questionou as evid\u00eancias da acusa\u00e7\u00e3o de falsifica\u00e7\u00e3o e a base legal para a acusa\u00e7\u00e3o de porte de arma. Ele j\u00e1 havia indicado que Mangione lutaria contra a extradi\u00e7\u00e3o para Nova York enquanto estava detido em uma pris\u00e3o estadual da Pensilv\u00e2nia.<\/p>\n<p>Mangione, formado em ci\u00eancia da computa\u00e7\u00e3o pela Ivy League e oriundo de uma fam\u00edlia proeminente, carregava uma carta manuscrita que chamava as companhias de seguros de sa\u00fade de \u201cparasitas\u201d e reclamava da gan\u00e2ncia corporativa, de acordo com um boletim policial obtido pela Associated Press na semana passada.<\/p>\n<p><em>Sisak relatou de Nova York.<\/em><\/p>\n<div class=\"m-block m-generic-cta\t m-generic-cta--post-content\t m-generic-cta--dark\t m-generic-cta--homepage\t m-generic-cta--email-signup\t\t m-generic-cta-block-style--default \tt-amp__generic-cta\"><\/p>\n<div class=\"m-generic-cta__wrap\">\n<div class=\"m-generic-cta__content\">\n<h3 class=\"m-generic-cta__title\">Alertas extras de not\u00edcias<\/h3>\n<p class=\"m-generic-cta__subtitle\">Receba as \u00faltimas atualiza\u00e7\u00f5es conforme elas acontecem.<\/p>\n<\/p><\/div>\n<\/p><\/div>\n<\/div><\/div>\n<p><script>\n\t\tvar consent=\"grant\";\n\t\t\/* The above code is parsing the JSON data from the local storage and storing it in a variable. *\/\n\t\t\t\t\tconst onetrustStorageConsent = JSON.parse(localStorage.getItem( 'consent_one_trust_bdc' ) );\n\t\t\tif ( ( onetrustStorageConsent !== null ) ) {\n\t\t\t\t\/* Checking to see if the user has consented to the use of cookies.\n\t\t\t\t* If they have not, it is deleting the cookie.\n\t\t\t\t* This will comment for now, until further notice.\n\t\t\t\t*\/\n\t\t\t\t\/\/if ( onetrustStorageConsent.C0002 === false ) {\n\t\t\t\t\/\/\tdocument.cookie=\"_fbp=;expires=Thu, 01 Jan 2010 00:00:00 UTC; path=\/; domain=.boston.com\";\n\t\t\t\t\/\/}\n\t\t\t\t\/* Checking if the user has given consent for the cookie C0002.\n\t\t\t\t* If the user has given consent, the variable consent will be set to 'grant'.\n\t\t\t\t* If the user has not given consent,the variable consent will be set to 'revoke'.\n\t\t\t\t* Documentation https:\/\/developers.facebook.com\/docs\/meta-pixel\/implementation\/gdpr\n\t\t\t\t*\/\n\t\t\t\tif ( onetrustStorageConsent.C0002 !== true ) {\n\t\t\t\t\tconsent=\"revoke\";\n\t\t\t\t}\n\t\t\t}\n\t\t\t\t!function(f,b,e,v,n,t,s)\n\t\t{if(f.fbq)return;n=f.fbq=function(){n.callMethod?\n\t\tn.callMethod.apply(n,arguments):n.queue.push(arguments)};\n\t\tif(!f._fbq)f._fbq=n;n.push=n;n.loaded=!0;n.version='2.0';\n\t\tn.queue=[];t=b.createElement(e);t.async=!0;\n\t\tt.src=v;s=b.getElementsByTagName(e)[0];\n\t\ts.parentNode.insertBefore(t,s)}(window, document,'script',\n\t\t'https:\/\/connect.facebook.net\/en_US\/fbevents.js');\n\t\tfbq('consent', consent);\n\t\tfbq('init', '989222871864976');\n\t\tfbq('track', 'PageView');\n\t<\/script><script type=\"module\">\n\t\tvar consent=\"grant\";\n\t\t\/* The above code is parsing the JSON data from the local storage and storing it in a variable. *\/\n\t\t\tconst onetrustStorageConsent = JSON.parse(localStorage.getItem( 'consent_one_trust_bdc' ) );\n\t\t\t\/* Checking to see if the user has consented to the use of cookies.\n\t\t\t* If they have not, it is deleting the cookie.\n\t\t\t* This will comment for now, until further notice.\n\t\t\t*\/\n\t\t\t\/\/if ( onetrustStorageConsent.C0002 === false ) {\n\t\t\t\/\/\tdocument.cookie=\"_fbp=;expires=Thu, 01 Jan 2010 00:00:00 UTC; path=\/; domain=.boston.com\";\n\t\t\t\/\/}\n\t\t\t\/* Checking if the user has given consent for the cookie C0002.\n\t\t\t* If the user has given consent, the variable consent will be set to 'grant'.\n\t\t\t* If the user has not given consent,the variable consent will be set to 'revoke'.\n\t\t\t* Documentation https:\/\/developers.facebook.com\/docs\/meta-pixel\/implementation\/gdpr\n\t\t\t*\/\n\t\t\tif ( ( onetrustStorageConsent !== null ) && (onetrustStorageConsent.C0002 !== true ) ) {\n\t\t\t\tconsent=\"revoke\";\n\t\t\t}\n\t\t\t\t!function(f,b,e,v,n,t,s){if(f.fbq)return;n=f.fbq=function()\n\t\t{n.callMethod? n.callMethod.apply(n,arguments):n.queue.push(arguments)}\n\t\t;if(!f._fbq)f._fbq=n;\n\t\tn.push=n;n.loaded=!0;n.version='2.0';n.queue=[];t=b.createElement(e);t.async=!0;\n\t\tt.src=v;s=b.getElementsByTagName(e)[0];s.parentNode.insertBefore(t,s)}(window,\n\t\tdocument,'script','https:\/\/connect.facebook.net\/en_US\/fbevents.js');\n\t\tfbq('consent', consent);\n\t\tfbq('init', '813236348753005');\n\t\tfbq('track', \"PageView\");\n\t<\/script><br \/>\n<br \/><br \/>\n<br \/><a href=\"https:\/\/www.boston.com\/news\/crime\/2024\/12\/19\/suspect-killing-unitedhealthcare-ceo-return-new-york-face-murder-charges\/\">Source link <\/a><\/p>","protected":false},"excerpt":{"rendered":"<p>Crime Luigi Mangione desistiu de uma audi\u00eancia preliminar sobre as acusa\u00e7\u00f5es da Pensilv\u00e2nia em troca de o promotor lhe entregar um relat\u00f3rio investigativo de 20 p\u00e1ginas do Departamento de Pol\u00edcia&hellip;<\/p>","protected":false},"author":1,"featured_media":79136,"comment_status":"closed","ping_status":"open","sticky":false,"template":"","format":"standard","meta":{"content-type":"","footnotes":""},"categories":[1],"tags":[],"class_list":["post-79135","post","type-post","status-publish","format-standard","has-post-thumbnail","hentry","category-uncategorized"],"_links":{"self":[{"href":"https:\/\/tvbrazilusa.com\/pt\/wp-json\/wp\/v2\/posts\/79135","targetHints":{"allow":["GET"]}}],"collection":[{"href":"https:\/\/tvbrazilusa.com\/pt\/wp-json\/wp\/v2\/posts"}],"about":[{"href":"https:\/\/tvbrazilusa.com\/pt\/wp-json\/wp\/v2\/types\/post"}],"author":[{"embeddable":true,"href":"https:\/\/tvbrazilusa.com\/pt\/wp-json\/wp\/v2\/users\/1"}],"replies":[{"embeddable":true,"href":"https:\/\/tvbrazilusa.com\/pt\/wp-json\/wp\/v2\/comments?post=79135"}],"version-history":[{"count":1,"href":"https:\/\/tvbrazilusa.com\/pt\/wp-json\/wp\/v2\/posts\/79135\/revisions"}],"predecessor-version":[{"id":79137,"href":"https:\/\/tvbrazilusa.com\/pt\/wp-json\/wp\/v2\/posts\/79135\/revisions\/79137"}],"wp:featuredmedia":[{"embeddable":true,"href":"https:\/\/tvbrazilusa.com\/pt\/wp-json\/wp\/v2\/media\/79136"}],"wp:attachment":[{"href":"https:\/\/tvbrazilusa.com\/pt\/wp-json\/wp\/v2\/media?parent=79135"}],"wp:term":[{"taxonomy":"category","embeddable":true,"href":"https:\/\/tvbrazilusa.com\/pt\/wp-json\/wp\/v2\/categories?post=79135"},{"taxonomy":"post_tag","embeddable":true,"href":"https:\/\/tvbrazilusa.com\/pt\/wp-json\/wp\/v2\/tags?post=79135"}],"curies":[{"name":"wp","href":"https:\/\/api.w.org\/{rel}","templated":true}]}}