{"id":79163,"date":"2024-12-19T16:28:38","date_gmt":"2024-12-19T16:28:38","guid":{"rendered":"https:\/\/tvbrazilusa.com\/2024\/12\/19\/os-melhores-e-piores-momentos-para-pegar-a-estrada-nas-ferias\/"},"modified":"2024-12-19T16:34:41","modified_gmt":"2024-12-19T16:34:41","slug":"os-melhores-e-piores-momentos-para-pegar-a-estrada-nas-ferias","status":"publish","type":"post","link":"https:\/\/tvbrazilusa.com\/pt\/2024\/12\/19\/os-melhores-e-piores-momentos-para-pegar-a-estrada-nas-ferias\/","title":{"rendered":"Os melhores e piores momentos para pegar a estrada nas f\u00e9rias"},"content":{"rendered":"<p> <script async src=\"https:\/\/pagead2.googlesyndication.com\/pagead\/js\/adsbygoogle.js?client=ca-pub-8864793242727901\"\r\n     crossorigin=\"anonymous\"><\/script><br \/>\n<\/p>\n<div id=\"\">\n<header class=\"m-article-header m-article-header--standard\">\n\t\t\t\t\t\t\t\t\t\t\t\t<span id=\"article-header-primary-term\"><br \/>\n\t\t\t\t\t\t\t\t<a class=\"a-term a-term--primary\" href=\"https:\/\/www.boston.com\/tag\/travel\/\"><\/p>\n<p>\t\t\t\t\t\t\t\tViagem\t\t\t\t\t\t\t\t<\/a><br \/>\n\t\t\t\t\t\t\t<\/span><\/p>\n<h2 class=\"m-article-header__sub-headline\">Al\u00e9m disso, descubra onde o tr\u00e1fego de Boston ser\u00e1 pior.<\/h2>\n<figure class=\"a-photo m-article-header__photo\"><figcaption class=\"a-photo__caption\">\n<p>\tTr\u00e2nsito intenso saindo de Boston pela Interstate 93 South.<em> David L Ryan\/Equipe do Boston Globe<\/em>\t<\/figcaption><\/figure>\n<\/header>\n<p>Dos mais de 119 milh\u00f5es de pessoas que viajam durante as f\u00e9rias, 90 por cento ir\u00e3o de carro e as principais \u00e1reas metropolitanas, como Boston, ver\u00e3o o dobro dos atrasos t\u00edpicos no tr\u00e2nsito, <a href=\"https:\/\/newsroom.aaa.com\/2024\/12\/year-end-forecast\/\">AAA relatado<\/a>.<\/p>\n<div class=\"m-block t-amp__list-container m-article-list-container m-article-list-container--frame-border a-border-frame  a-list-header__headline--red m-article-list--alternative--default  m-article-list--full\">\n<ul class=\"t-amp__list a-list--no-style m-article-list m-article-list--recirculation m-article-list--has-images\">\n<li class=\"m-article-list__item\">\n\t\t\t<a class=\"m-article-list__link-wrapper\" href=\"https:\/\/www.boston.com\/travel\/travel\/2023\/11\/27\/christmas-towns-in-new-england\/?p1=article_recirc_inline_feature\" data-p1=\"article_recirc_inline_feature\"><br \/>\n\t\t\t\t<img fetchpriority=\"high\" decoding=\"async\" width=\"768\" height=\"432\" src=\"https:\/\/bdc2020.o0bc.com\/wp-content\/uploads\/2017\/11\/prelude_201603FINAL-scaled-768x432.jpg\" class=\"t-amp__list-image m-article-list__image\" alt=\"\" aria-hidden=\"true\" srcset=\"https:\/\/bdc2020.o0bc.com\/wp-content\/uploads\/2017\/11\/prelude_201603FINAL-scaled-768x432.jpg?width=200 200w, https:\/\/bdc2020.o0bc.com\/wp-content\/uploads\/2017\/11\/prelude_201603FINAL-scaled-768x432.jpg?width=300 300w, https:\/\/bdc2020.o0bc.com\/wp-content\/uploads\/2017\/11\/prelude_201603FINAL-scaled-768x432.jpg?width=400 400w, https:\/\/bdc2020.o0bc.com\/wp-content\/uploads\/2017\/11\/prelude_201603FINAL-scaled-768x432.jpg?width=500 500w, https:\/\/bdc2020.o0bc.com\/wp-content\/uploads\/2017\/11\/prelude_201603FINAL-scaled-768x432.jpg?width=600 600w, https:\/\/bdc2020.o0bc.com\/wp-content\/uploads\/2017\/11\/prelude_201603FINAL-scaled-768x432.jpg?width=700 700w, https:\/\/bdc2020.o0bc.com\/wp-content\/uploads\/2017\/11\/prelude_201603FINAL-scaled-768x432.jpg?width=800 800w, https:\/\/bdc2020.o0bc.com\/wp-content\/uploads\/2017\/11\/prelude_201603FINAL-scaled-768x432.jpg?width=900 900w\" sizes=\"(max-width: 768px) 100vw, 768px\"\/>\t\t\t\t\t<\/p>\n<div class=\"m-article-list__content\">\n<h4 class=\"m-article-list__headline t-amp__list-headline\">\n\t\t\t\t\t\t\t<span class=\"m-article-list__link a-link a-link--inline a-link--text-link a-link--text-link-dark\"><\/p>\n<p>\t\t\t\t\t\t\tAs cidades mais natalinas da Nova Inglaterra\t\t\t\t\t\t\t<\/span><br \/>\n\t\t\t\t\t\t<\/h4>\n<\/p><\/div>\n<p>\t\t\t\t<\/a>\n\t\t\t<\/li>\n<\/ul>\n<\/div>\n<p>Cerca de 107 milh\u00f5es de pessoas pegar\u00e3o a estrada neste feriado, um aumento de 2,5 milh\u00f5es em rela\u00e7\u00e3o ao ano passado, de acordo com a AAA, que considera o per\u00edodo de f\u00e9rias de 21 de dezembro a 1\u00ba de janeiro de 2025. O pior dia para viajar \u00e9 domingo, 22 de dezembro. , de acordo com o relat\u00f3rio.<\/p>\n<p>Em todo o pa\u00eds nesta temporada de f\u00e9rias, os motoristas poder\u00e3o ter tempos de viagem at\u00e9 30% mais longos, de acordo com a empresa de an\u00e1lise de transporte INRIX. Como o dia de Natal \u00e9 numa quarta-feira, a AAA diz que est\u00e1 antecipando \u201cn\u00fameros recordes de viagens\u201d no fim de semana anterior e no fim de semana seguinte.  <\/p>\n<p>Os motoristas de Boston ver\u00e3o o pior tr\u00e1fego de Boston a Hyannis via Pilgrim Highway S., de acordo com o INRIX. Os motoristas podem esperar pico de congestionamento na sexta-feira, 20 de dezembro, \u00e0s 15h45, quando o tempo de viagem levar\u00e1 2 horas e 24 minutos e o tr\u00e1fego nesse corredor estar\u00e1 100% acima do volume normal.<\/p>\n<p>O MassDOT encerrar\u00e1 a constru\u00e7\u00e3o de estradas programada de 24 de dezembro \u00e0s 5h at\u00e9 26 de dezembro \u00e0s 5h e de 31 de dezembro \u00e0s 5h at\u00e9 2 de janeiro de 2025 \u00e0s 5h. A pista girat\u00f3ria do t\u00fanel Sumner fechar\u00e1 em 25 de dezembro e 1\u00ba de janeiro de 2025 e funcionar\u00e1 \u00e0s 5h da manh\u00e3 seguinte.<\/p>\n<p>Para aqueles que desejam viajar na faixa de ve\u00edculos de alta ocupa\u00e7\u00e3o (HOV) na I-93 entre Boston e Quincy, o hor\u00e1rio da tarde ser\u00e1 estendido e aberto \u00e0s 14h no dia 19 de dezembro e \u00e0s 13h no dia 20 de dezembro, bem como em 14h do dia 26 de dezembro e \u00e0s 13h do dia 27 de dezembro. <\/p>\n<p>\u201cNosso conselho \u00e9 evitar viajar nos hor\u00e1rios de pico durante a semana. Se os hor\u00e1rios permitirem, saia bem cedo ou depois do trajeto noturno\u201d, disse Bob Pishue, analista de transporte da INRIX, em comunicado.<\/p>\n<p>Em geral, o pior hor\u00e1rio para viajar neste feriado, segundo a INRIX, \u00e9 entre 15h e 20h dos dias 19 e 22 de dezembro; entre 13h e 20h do dia 20 de dezembro; entre 4 e 8 de 21 de dezembro; entre 13h e 18h do dia 23 de dezembro; entre meio-dia e 17h do dia 26 de dezembro; entre 15h e 19h do dia 27 de dezembro; entre 13h30 e 19h do dia 28 de dezembro; entre meio-dia e 18h do dia 29 de dezembro; entre 5 e 7 de 30 de dezembro; e entre 16h e 20h do dia 2 de janeiro de 2025.<\/p>\n<p>A melhor \u00e9poca para viajar \u00e9 24 e 25 de dezembro, bem como 31 de dezembro e 1\u00ba de janeiro de 2025, de acordo com o relat\u00f3rio. Caso contr\u00e1rio, \u00e9 melhor viajar antes das 11h dos dias 19, 20, 23, 26, 28 e 29 de dezembro; antes das 14h nos dias 21, 27 e 30 de dezembro; antes do meio-dia de 22 de dezembro e antes das 15h de 2 de janeiro de 2025.<\/p>\n<p>O MassDOT incentiva os motoristas a usarem as ferramentas de tr\u00e2nsito em tempo real do estado antes de sair. Os motoristas podem discar 511 e selecionar uma rota para ouvir as condi\u00e7\u00f5es da estrada em tempo real, baixar o <a href=\"https:\/\/play.google.com\/store\/apps\/details\">Aplicativo m\u00f3vel Mass511<\/a>ou visite <a href=\"https:\/\/www.mass511.com\/@-73.24909,42.29749,7\" target=\"_blank\" rel=\"noreferrer noopener\">www.mass511.com<\/a>. Os usu\u00e1rios podem se inscrever para receber alertas de texto e e-mail sobre as condi\u00e7\u00f5es do tr\u00e1fego. <\/p>\n<p>Os motoristas tamb\u00e9m podem seguir <a href=\"https:\/\/x.com\/MassDOT\">@MassDOT<\/a> no X para atualiza\u00e7\u00f5es regulares sobre as condi\u00e7\u00f5es da estrada e do tr\u00e1fego. <\/p>\n<div class=\"o-author-single has-avatar\">\n<header class=\"m-author-card\">\n<div class=\"a-image a-image--square m-author-card__image\">\n\t\t<img decoding=\"async\" class=\"\" src=\"https:\/\/www.boston.com\/wp-content\/uploads\/2024\/10\/cropped-IMG_4797-6707dc45a689a-rotated-1-6707dc4f72826-242x242.jpg\" alt=\"Imagem do perfil de Kristi Palma\"\/>\t<\/div>\n<div class=\"m-author-card__text\">\n<h3 class=\"m-author-card__title\"><a href=\"https:\/\/www.boston.com\/author\/kristi.palma\">Kristi Palma<\/a><\/h3>\n<p><span class=\"m-author-card__subtitle\">Escritor de cultura<\/span>\t<\/div>\n<\/header>\n<section class=\"author-info\">\n<div class=\"m-author__section\">\n<p>Kristi Palma \u00e9 redatora cultural do Boston.com, com foco em viagens para a Nova Inglaterra. Ela cobre companhias a\u00e9reas, hot\u00e9is e atividades em Boston e na Nova Inglaterra. Ela \u00e9 autora de <a href=\"https:\/\/www.boston.com\/tag\/scenic-six\/\">C\u00e9nico Seis<\/a>um boletim informativo semanal de viagens.<\/p>\n<\/div>\n<\/section>\n<\/div>\n<div class=\"m-block m-generic-cta\t m-generic-cta--post-content\t m-generic-cta--dark\t m-generic-cta--homepage\t m-generic-cta--email-signup\t\t m-generic-cta-block-style--default \tt-amp__generic-cta\"><\/p>\n<div class=\"m-generic-cta__wrap\">\n<div class=\"m-generic-cta__content\">\n<h3 class=\"m-generic-cta__title\">Inscreva-se no Scenic Six<\/h3>\n<p class=\"m-generic-cta__subtitle\">Navegue pelas infinitas possibilidades de viagens para a Nova Inglaterra com Boston.com.<\/p>\n<\/p><\/div>\n<\/p><\/div>\n<\/div><\/div>\n<p><script>\n\t\tvar consent=\"grant\";\n\t\t\/* The above code is parsing the JSON data from the local storage and storing it in a variable. *\/\n\t\t\t\t\tconst onetrustStorageConsent = JSON.parse(localStorage.getItem( 'consent_one_trust_bdc' ) );\n\t\t\tif ( ( onetrustStorageConsent !== null ) ) {\n\t\t\t\t\/* Checking to see if the user has consented to the use of cookies.\n\t\t\t\t* If they have not, it is deleting the cookie.\n\t\t\t\t* This will comment for now, until further notice.\n\t\t\t\t*\/\n\t\t\t\t\/\/if ( onetrustStorageConsent.C0002 === false ) {\n\t\t\t\t\/\/\tdocument.cookie=\"_fbp=;expires=Thu, 01 Jan 2010 00:00:00 UTC; path=\/; domain=.boston.com\";\n\t\t\t\t\/\/}\n\t\t\t\t\/* Checking if the user has given consent for the cookie C0002.\n\t\t\t\t* If the user has given consent, the variable consent will be set to 'grant'.\n\t\t\t\t* If the user has not given consent,the variable consent will be set to 'revoke'.\n\t\t\t\t* Documentation https:\/\/developers.facebook.com\/docs\/meta-pixel\/implementation\/gdpr\n\t\t\t\t*\/\n\t\t\t\tif ( onetrustStorageConsent.C0002 !== true ) {\n\t\t\t\t\tconsent=\"revoke\";\n\t\t\t\t}\n\t\t\t}\n\t\t\t\t!function(f,b,e,v,n,t,s)\n\t\t{if(f.fbq)return;n=f.fbq=function(){n.callMethod?\n\t\tn.callMethod.apply(n,arguments):n.queue.push(arguments)};\n\t\tif(!f._fbq)f._fbq=n;n.push=n;n.loaded=!0;n.version='2.0';\n\t\tn.queue=[];t=b.createElement(e);t.async=!0;\n\t\tt.src=v;s=b.getElementsByTagName(e)[0];\n\t\ts.parentNode.insertBefore(t,s)}(window, document,'script',\n\t\t'https:\/\/connect.facebook.net\/en_US\/fbevents.js');\n\t\tfbq('consent', consent);\n\t\tfbq('init', '989222871864976');\n\t\tfbq('track', 'PageView');\n\t<\/script><script type=\"module\">\n\t\tvar consent=\"grant\";\n\t\t\/* The above code is parsing the JSON data from the local storage and storing it in a variable. *\/\n\t\t\tconst onetrustStorageConsent = JSON.parse(localStorage.getItem( 'consent_one_trust_bdc' ) );\n\t\t\t\/* Checking to see if the user has consented to the use of cookies.\n\t\t\t* If they have not, it is deleting the cookie.\n\t\t\t* This will comment for now, until further notice.\n\t\t\t*\/\n\t\t\t\/\/if ( onetrustStorageConsent.C0002 === false ) {\n\t\t\t\/\/\tdocument.cookie=\"_fbp=;expires=Thu, 01 Jan 2010 00:00:00 UTC; path=\/; domain=.boston.com\";\n\t\t\t\/\/}\n\t\t\t\/* Checking if the user has given consent for the cookie C0002.\n\t\t\t* If the user has given consent, the variable consent will be set to 'grant'.\n\t\t\t* If the user has not given consent,the variable consent will be set to 'revoke'.\n\t\t\t* Documentation https:\/\/developers.facebook.com\/docs\/meta-pixel\/implementation\/gdpr\n\t\t\t*\/\n\t\t\tif ( ( onetrustStorageConsent !== null ) && (onetrustStorageConsent.C0002 !== true ) ) {\n\t\t\t\tconsent=\"revoke\";\n\t\t\t}\n\t\t\t\t!function(f,b,e,v,n,t,s){if(f.fbq)return;n=f.fbq=function()\n\t\t{n.callMethod? n.callMethod.apply(n,arguments):n.queue.push(arguments)}\n\t\t;if(!f._fbq)f._fbq=n;\n\t\tn.push=n;n.loaded=!0;n.version='2.0';n.queue=[];t=b.createElement(e);t.async=!0;\n\t\tt.src=v;s=b.getElementsByTagName(e)[0];s.parentNode.insertBefore(t,s)}(window,\n\t\tdocument,'script','https:\/\/connect.facebook.net\/en_US\/fbevents.js');\n\t\tfbq('consent', consent);\n\t\tfbq('init', '813236348753005');\n\t\tfbq('track', \"PageView\");\n\t<\/script><br \/>\n<br \/><br \/>\n<br \/><a href=\"https:\/\/www.boston.com\/travel\/travel\/2024\/12\/19\/boston-traffic-holidays-best-and-worst-times-to-leave\/\">Source link <\/a><\/p>","protected":false},"excerpt":{"rendered":"<p>Viagem Al\u00e9m disso, descubra onde o tr\u00e1fego de Boston ser\u00e1 pior. Tr\u00e2nsito intenso saindo de Boston pela Interstate 93 South. David L Ryan\/Equipe do Boston Globe Dos mais de 119&hellip;<\/p>","protected":false},"author":1,"featured_media":79164,"comment_status":"closed","ping_status":"open","sticky":false,"template":"","format":"standard","meta":{"content-type":"","footnotes":""},"categories":[1],"tags":[],"class_list":["post-79163","post","type-post","status-publish","format-standard","has-post-thumbnail","hentry","category-uncategorized"],"_links":{"self":[{"href":"https:\/\/tvbrazilusa.com\/pt\/wp-json\/wp\/v2\/posts\/79163","targetHints":{"allow":["GET"]}}],"collection":[{"href":"https:\/\/tvbrazilusa.com\/pt\/wp-json\/wp\/v2\/posts"}],"about":[{"href":"https:\/\/tvbrazilusa.com\/pt\/wp-json\/wp\/v2\/types\/post"}],"author":[{"embeddable":true,"href":"https:\/\/tvbrazilusa.com\/pt\/wp-json\/wp\/v2\/users\/1"}],"replies":[{"embeddable":true,"href":"https:\/\/tvbrazilusa.com\/pt\/wp-json\/wp\/v2\/comments?post=79163"}],"version-history":[{"count":1,"href":"https:\/\/tvbrazilusa.com\/pt\/wp-json\/wp\/v2\/posts\/79163\/revisions"}],"predecessor-version":[{"id":79165,"href":"https:\/\/tvbrazilusa.com\/pt\/wp-json\/wp\/v2\/posts\/79163\/revisions\/79165"}],"wp:featuredmedia":[{"embeddable":true,"href":"https:\/\/tvbrazilusa.com\/pt\/wp-json\/wp\/v2\/media\/79164"}],"wp:attachment":[{"href":"https:\/\/tvbrazilusa.com\/pt\/wp-json\/wp\/v2\/media?parent=79163"}],"wp:term":[{"taxonomy":"category","embeddable":true,"href":"https:\/\/tvbrazilusa.com\/pt\/wp-json\/wp\/v2\/categories?post=79163"},{"taxonomy":"post_tag","embeddable":true,"href":"https:\/\/tvbrazilusa.com\/pt\/wp-json\/wp\/v2\/tags?post=79163"}],"curies":[{"name":"wp","href":"https:\/\/api.w.org\/{rel}","templated":true}]}}