{"id":7917,"date":"2024-07-24T20:39:43","date_gmt":"2024-07-24T20:39:43","guid":{"rendered":"https:\/\/tvbrazilusa.com\/2024\/07\/24\/matthew-judon-da-uma-analise-franca-de-onde-esta-sua-situacao-contratual-com-os-patriots\/"},"modified":"2024-07-24T20:41:44","modified_gmt":"2024-07-24T20:41:44","slug":"matthew-judon-da-uma-analise-franca-de-onde-esta-sua-situacao-contratual-com-os-patriots","status":"publish","type":"post","link":"https:\/\/tvbrazilusa.com\/pt\/2024\/07\/24\/matthew-judon-da-uma-analise-franca-de-onde-esta-sua-situacao-contratual-com-os-patriots\/","title":{"rendered":"Matthew Judon d\u00e1 uma an\u00e1lise franca de onde est\u00e1 sua situa\u00e7\u00e3o contratual com os Patriots"},"content":{"rendered":"<p> <script async src=\"https:\/\/pagead2.googlesyndication.com\/pagead\/js\/adsbygoogle.js?client=ca-pub-8864793242727901\"\r\n     crossorigin=\"anonymous\"><\/script><br \/>\n<\/p>\n<div id=\"\">\n<header class=\"m-article-header m-article-header--standard\">\n\t\t\t\t\t\t\t\t\t\t\t\t<span id=\"article-header-primary-term\"><br \/>\n\t\t\t\t\t\t\t\t<a class=\"a-term a-term--primary\" href=\"https:\/\/www.boston.com\/tag\/new-england-patriots\/\"><\/p>\n<p>\t\t\t\t\t\t\t\tPatriotas\t\t\t\t\t\t\t\t<\/a><br \/>\n\t\t\t\t\t\t\t<\/span><\/p>\n<h2 class=\"m-article-header__sub-headline\">&#8220;Eu assinei o acordo, minha assinatura est\u00e1 nele, ent\u00e3o eu tenho que jogar nele. Eu gostaria? N\u00e3o. Eu acho que esse \u00e9 meu valor? N\u00e3o.&#8221;<\/h2>\n<figure class=\"a-photo m-article-header__photo\"><figcaption class=\"a-photo__caption\">\n<p>\tMateus Judon<em> Foto AP\/Steven Senne<\/em>\t<\/figcaption><\/figure>\n<\/header>\n<div class=\"m-block t-amp__list-container m-article-list-container  m-article-list-container--frame-border a-border-frame  a-list-header__headline--red m-article-list--alternative--default  m-article-list--floated\">\n<ul class=\"t-amp__list a-list--no-style m-article-list m-article-list--recirculation m-article-list--has-images\">\n<li class=\"m-article-list__item m-article-list__item--featured\">\n\t\t\t\t<a class=\"m-article-list__link-wrapper\" href=\"https:\/\/www.boston.com\/sports\/new-england-patriots\/2024\/07\/24\/giants-patriots-draft-trade-proposal-2024-video-hard-knocks\/\" data-p1=\"article_recirc_inline_feature\"><br \/>\n\t\t\t\t<img fetchpriority=\"high\" decoding=\"async\" width=\"768\" height=\"432\" src=\"https:\/\/bdc2020.o0bc.com\/wp-content\/uploads\/2024\/07\/Eliot-Wolf-Giants-Patriots-draft-trade-call-recording-66a138e886e49-768x432.jpg\" class=\"t-amp__list-image m-article-list__image m-article-list__image--full\" alt=\"Eliot Wolf Patriots Giants oferta de troca 2024 NFL Draft\" aria-hidden=\"true\" srcset=\"https:\/\/bdc2020.o0bc.com\/wp-content\/uploads\/2024\/07\/Eliot-Wolf-Giants-Patriots-draft-trade-call-recording-66a138e886e49-768x432.jpg?width=200 200w, https:\/\/bdc2020.o0bc.com\/wp-content\/uploads\/2024\/07\/Eliot-Wolf-Giants-Patriots-draft-trade-call-recording-66a138e886e49-768x432.jpg?width=300 300w, https:\/\/bdc2020.o0bc.com\/wp-content\/uploads\/2024\/07\/Eliot-Wolf-Giants-Patriots-draft-trade-call-recording-66a138e886e49-768x432.jpg?width=400 400w, https:\/\/bdc2020.o0bc.com\/wp-content\/uploads\/2024\/07\/Eliot-Wolf-Giants-Patriots-draft-trade-call-recording-66a138e886e49-768x432.jpg?width=500 500w, https:\/\/bdc2020.o0bc.com\/wp-content\/uploads\/2024\/07\/Eliot-Wolf-Giants-Patriots-draft-trade-call-recording-66a138e886e49-768x432.jpg?width=600 600w, https:\/\/bdc2020.o0bc.com\/wp-content\/uploads\/2024\/07\/Eliot-Wolf-Giants-Patriots-draft-trade-call-recording-66a138e886e49-768x432.jpg?width=700 700w, https:\/\/bdc2020.o0bc.com\/wp-content\/uploads\/2024\/07\/Eliot-Wolf-Giants-Patriots-draft-trade-call-recording-66a138e886e49-768x432.jpg?width=800 800w, https:\/\/bdc2020.o0bc.com\/wp-content\/uploads\/2024\/07\/Eliot-Wolf-Giants-Patriots-draft-trade-call-recording-66a138e886e49-768x432.jpg?width=900 900w\" sizes=\"(max-width: 768px) 100vw, 768px\"\/>\t\t\t\t\t<\/p>\n<p><h4 class=\"m-article-list__headline t-amp__list-headline\">\n\t\t\t\t\t\t\t<span class=\"m-article-list__link a-link a-link--inline a-link--text-link a-link--text-link-dark\"><\/p>\n<p>\t\t\t\t\t\t\tO epis\u00f3dio de &#39;Hard Knocks&#39; mostrou um clipe do GM dos Giants ligando para os Patriots sobre uma investiga\u00e7\u00e3o de \u00faltima hora sobre troca de draft\t\t\t\t\t\t\t<\/span><br \/>\n\t\t\t\t\t\t<\/h4>\n<\/p>\n<p>\t\t\t\t<\/a>\n\t\t\t<\/li>\n<li class=\"m-article-list__item\">\n\t\t\t\t\t\t<a class=\"m-article-list__link-wrapper\" href=\"https:\/\/www.boston.com\/sports\/new-england-patriots\/2024\/07\/24\/bill-belichick-49ers-report-turned-down-defensive-coordinator-offer\/\" data-p1=\"article_recirc_inline_feed\"><\/p>\n<p><h4 class=\"m-article-list__headline\">\n\t\t\t\t\t\t\t\t\t<span class=\"m-article-list__link a-link a-link--inline a-link--text-link a-link--text-link-dark\"><\/p>\n<p>\t\t\t\t\t\t\t\t\tBill Belichick teria recusado oferta de coordenador defensivo de Kyle Shanahan, do 49ers\t\t\t\t\t\t\t\t\t<\/span><br \/>\n\t\t\t\t\t\t\t\t<\/h4>\n<\/p>\n<p>\t\t\t\t\t\t<\/a>\n\t\t\t\t\t<\/li>\n<\/ul>\n<\/div>\n<p><a href=\"https:\/\/www.boston.com\/sports\/new-england-patriots\/2024\/07\/23\/matthew-judon-davon-godchaux-contract-issues-comments\/\">Mateus Judon<\/a> deixou claro na quarta-feira que n\u00e3o est\u00e1 satisfeito com seu contrato atual. <\/p>\n<p>O <a href=\"https:\/\/www.patriots.com\/\">Patriotas<\/a> O linebacker estrela est\u00e1 entrando no \u00faltimo ano de seu contrato e teve um <a href=\"https:\/\/www.spotrac.com\/nfl\/player\/_\/id\/19100\/matt-judon\">impacto no teto salarial de US$ 14.675.848, de acordo com a Sportrac. <\/a><\/p>\n<p>Judon participou do treino na quarta-feira e falou com a m\u00eddia. Ele disse que jogar\u00e1 no contrato, apesar de seu descontentamento com ele.<\/p>\n<p>\u201cEu tenho que (jogar), honestamente,\u201d Judon disse. \u201cEu assinei o acordo, minha assinatura est\u00e1 nele, ent\u00e3o eu tenho que jogar nele. Eu gostaria? N\u00e3o. Eu acho que esse \u00e9 o meu valor? N\u00e3o. Mas, novamente, isso n\u00e3o depende de mim.\u201d <\/p>\n<p>Os Patriots recompensaram jogadores como Mike Onwenu, Christian Barmore e Kyle Dugger com grandes extens\u00f5es de contrato, mas tiveram dificuldades para chegar a um acordo com Judon.<\/p>\n<p>O linebacker quatro vezes Pro Bowl disse que \u00e9 dif\u00edcil entrar no \u00faltimo ano de seu contrato se sentindo desvalorizado enquanto outros est\u00e3o fechando novos contratos. <\/p>\n<p>\u201cVoc\u00ea meio que olha para todos na liga e no pr\u00e9dio\u201d, disse Judon. \u201cVoc\u00ea os v\u00ea fechando neg\u00f3cios e trabalhando neles e \u00e9 dif\u00edcil n\u00e3o ficar com ci\u00fames ou inveja ou algo assim, mas honestamente eu tenho que focar em mim mesmo. \u2026 Eu pagaria muito dinheiro a mim mesmo e ficaria aqui por um longo tempo, mas n\u00e3o depende de mim.\u201d<\/p>\n<p>Judon disse que n\u00e3o quer ser negociado. Mas ele faz 32 anos no m\u00eas que vem e est\u00e1 se recuperando de uma les\u00e3o que o deixou fora de todos os jogos, exceto quatro, na temporada passada. Embora tenha participado de quatro dos \u00faltimos cinco Pro Bowls, sua idade e a situa\u00e7\u00e3o de les\u00e3o do ano passado podem significar que os Patriots t\u00eam reservas sobre comprometer mais dinheiro com ele.<\/p>\n<p>\u201cEu sinto que quando voc\u00ea \u00e9 negociado \u00e9 como se voc\u00ea n\u00e3o tivesse nenhuma palavra a dizer, \u00e9 como se eles simplesmente viessem e dissessem &#39;ei, mano, voc\u00ea est\u00e1 indo embora&#39;. Eu n\u00e3o acho que ningu\u00e9m quer ser negociado, honestamente\u201d, disse Judon. <\/p>\n<p>Judon tem falado abertamente sobre o quanto deseja permanecer nos Patriots, citando seus relacionamentos no vesti\u00e1rio como um dos motivos.<\/p>\n<p>Ele brincou que n\u00e3o quer se mudar novamente porque \u00e9 &#8220;pregui\u00e7oso&#8221;, mas tamb\u00e9m mencionou a capacidade da organiza\u00e7\u00e3o de reter os jogadores atuais e trazer de volta ex-jogadores como Matthew Slater e Dont&#39;a Hightower em fun\u00e7\u00f5es diferentes como um aspecto positivo da cultura do time.<\/p>\n<p>\u201cH\u00e1 muitos caras que entram aqui, entram no vesti\u00e1rio e ficam viciados nisso\u201d, disse Judon. \u201c\u00c9 um vesti\u00e1rio viciante, \u00e9 uma cultura viciante l\u00e1 e \u00e9 disso que eu quero estar. N\u00f3s comunicamos futebol na defesa em um n\u00edvel muito alto e eu adoro isso.\u201d<\/p>\n<p>Judon disse que espera poder chegar a um acordo com os Patriots, mas tamb\u00e9m aceita que h\u00e1 uma chance de isso n\u00e3o acontecer. <\/p>\n<p>\u201cEspero poder jogar aqui este ano\u201d, disse Judon. \u201cEspero poder continuar a contribuir para esta defesa e ser um catalisador para uma das melhores defesas da liga desde que estou aqui e por muito tempo. Mas se n\u00e3o for esse o caso, n\u00e3o \u00e9 esse o caso.\u201d<\/p>\n<div class=\"m-block m-generic-cta\t m-generic-cta--post-content\t m-generic-cta--dark\t m-generic-cta--homepage\t m-generic-cta--email-signup\t\t m-generic-cta-block-style--default \tt-amp__generic-cta\"><\/p>\n<div class=\"m-generic-cta__wrap\">\n<div class=\"m-generic-cta__content\">\n<h3 class=\"m-generic-cta__title\">Inscreva-se para receber atualiza\u00e7\u00f5es dos Patriots\ud83c\udfc8<\/h3>\n<p class=\"m-generic-cta__subtitle\">Receba not\u00edcias de \u00faltima hora e an\u00e1lises na sua caixa de entrada durante a temporada de futebol.<\/p>\n<\/p><\/div>\n<\/p><\/div>\n<\/div><\/div>\n<p><script>\n\t\tvar consent=\"grant\";\n\t\t\/* The above code is parsing the JSON data from the local storage and storing it in a variable. *\/\n\t\t\t\t\tconst onetrustStorageConsent = JSON.parse(localStorage.getItem( 'consent_one_trust_bdc' ) );\n\t\t\tif ( ( onetrustStorageConsent !== null ) ) {\n\t\t\t\t\/* Checking to see if the user has consented to the use of cookies.\n\t\t\t\t* If they have not, it is deleting the cookie.\n\t\t\t\t* This will comment for now, until further notice.\n\t\t\t\t*\/\n\t\t\t\t\/\/if ( onetrustStorageConsent.C0002 === false ) {\n\t\t\t\t\/\/\tdocument.cookie=\"_fbp=;expires=Thu, 01 Jan 2010 00:00:00 UTC; path=\/; domain=.boston.com\";\n\t\t\t\t\/\/}\n\t\t\t\t\/* Checking if the user has given consent for the cookie C0002.\n\t\t\t\t* If the user has given consent, the variable consent will be set to 'grant'.\n\t\t\t\t* If the user has not given consent,the variable consent will be set to 'revoke'.\n\t\t\t\t* Documentation https:\/\/developers.facebook.com\/docs\/meta-pixel\/implementation\/gdpr\n\t\t\t\t*\/\n\t\t\t\tif ( onetrustStorageConsent.C0002 !== true ) {\n\t\t\t\t\tconsent=\"revoke\";\n\t\t\t\t}\n\t\t\t}\n\t\t\t\t!function(f,b,e,v,n,t,s)\n\t\t{if(f.fbq)return;n=f.fbq=function(){n.callMethod?\n\t\tn.callMethod.apply(n,arguments):n.queue.push(arguments)};\n\t\tif(!f._fbq)f._fbq=n;n.push=n;n.loaded=!0;n.version='2.0';\n\t\tn.queue=[];t=b.createElement(e);t.async=!0;\n\t\tt.src=v;s=b.getElementsByTagName(e)[0];\n\t\ts.parentNode.insertBefore(t,s)}(window, document,'script',\n\t\t'https:\/\/connect.facebook.net\/en_US\/fbevents.js');\n\t\tfbq('consent', consent);\n\t\tfbq('init', '989222871864976');\n\t\tfbq('track', 'PageView');\n\t<\/script><script type=\"module\">\n\t\tvar consent=\"grant\";\n\t\t\/* The above code is parsing the JSON data from the local storage and storing it in a variable. *\/\n\t\t\tconst onetrustStorageConsent = JSON.parse(localStorage.getItem( 'consent_one_trust_bdc' ) );\n\t\t\t\/* Checking to see if the user has consented to the use of cookies.\n\t\t\t* If they have not, it is deleting the cookie.\n\t\t\t* This will comment for now, until further notice.\n\t\t\t*\/\n\t\t\t\/\/if ( onetrustStorageConsent.C0002 === false ) {\n\t\t\t\/\/\tdocument.cookie=\"_fbp=;expires=Thu, 01 Jan 2010 00:00:00 UTC; path=\/; domain=.boston.com\";\n\t\t\t\/\/}\n\t\t\t\/* Checking if the user has given consent for the cookie C0002.\n\t\t\t* If the user has given consent, the variable consent will be set to 'grant'.\n\t\t\t* If the user has not given consent,the variable consent will be set to 'revoke'.\n\t\t\t* Documentation https:\/\/developers.facebook.com\/docs\/meta-pixel\/implementation\/gdpr\n\t\t\t*\/\n\t\t\tif ( ( onetrustStorageConsent !== null ) && (onetrustStorageConsent.C0002 !== true ) ) {\n\t\t\t\tconsent=\"revoke\";\n\t\t\t}\n\t\t\t\t!function(f,b,e,v,n,t,s){if(f.fbq)return;n=f.fbq=function()\n\t\t{n.callMethod? n.callMethod.apply(n,arguments):n.queue.push(arguments)}\n\t\t;if(!f._fbq)f._fbq=n;\n\t\tn.push=n;n.loaded=!0;n.version='2.0';n.queue=[];t=b.createElement(e);t.async=!0;\n\t\tt.src=v;s=b.getElementsByTagName(e)[0];s.parentNode.insertBefore(t,s)}(window,\n\t\tdocument,'script','https:\/\/connect.facebook.net\/en_US\/fbevents.js');\n\t\tfbq('consent', consent);\n\t\tfbq('init', '813236348753005');\n\t\tfbq('track', \"PageView\");\n\t<\/script><br \/>\n<br \/><br \/>\n<br \/><a href=\"https:\/\/www.boston.com\/sports\/new-england-patriots\/2024\/07\/24\/matthew-judon-gives-candid-breakdown-of-where-his-contract-situation-stands-with-patriots\/\">Source link <\/a><\/p>","protected":false},"excerpt":{"rendered":"<p>Patriotas &#8220;Eu assinei o acordo, minha assinatura est\u00e1 nele, ent\u00e3o eu tenho que jogar nele. Eu gostaria? N\u00e3o. Eu acho que esse \u00e9 meu valor? N\u00e3o.&#8221; Mateus Judon Foto AP\/Steven&hellip;<\/p>","protected":false},"author":1,"featured_media":7918,"comment_status":"closed","ping_status":"open","sticky":false,"template":"","format":"standard","meta":{"content-type":"","footnotes":""},"categories":[1],"tags":[],"class_list":["post-7917","post","type-post","status-publish","format-standard","has-post-thumbnail","hentry","category-uncategorized"],"_links":{"self":[{"href":"https:\/\/tvbrazilusa.com\/pt\/wp-json\/wp\/v2\/posts\/7917","targetHints":{"allow":["GET"]}}],"collection":[{"href":"https:\/\/tvbrazilusa.com\/pt\/wp-json\/wp\/v2\/posts"}],"about":[{"href":"https:\/\/tvbrazilusa.com\/pt\/wp-json\/wp\/v2\/types\/post"}],"author":[{"embeddable":true,"href":"https:\/\/tvbrazilusa.com\/pt\/wp-json\/wp\/v2\/users\/1"}],"replies":[{"embeddable":true,"href":"https:\/\/tvbrazilusa.com\/pt\/wp-json\/wp\/v2\/comments?post=7917"}],"version-history":[{"count":1,"href":"https:\/\/tvbrazilusa.com\/pt\/wp-json\/wp\/v2\/posts\/7917\/revisions"}],"predecessor-version":[{"id":7919,"href":"https:\/\/tvbrazilusa.com\/pt\/wp-json\/wp\/v2\/posts\/7917\/revisions\/7919"}],"wp:featuredmedia":[{"embeddable":true,"href":"https:\/\/tvbrazilusa.com\/pt\/wp-json\/wp\/v2\/media\/7918"}],"wp:attachment":[{"href":"https:\/\/tvbrazilusa.com\/pt\/wp-json\/wp\/v2\/media?parent=7917"}],"wp:term":[{"taxonomy":"category","embeddable":true,"href":"https:\/\/tvbrazilusa.com\/pt\/wp-json\/wp\/v2\/categories?post=7917"},{"taxonomy":"post_tag","embeddable":true,"href":"https:\/\/tvbrazilusa.com\/pt\/wp-json\/wp\/v2\/tags?post=7917"}],"curies":[{"name":"wp","href":"https:\/\/api.w.org\/{rel}","templated":true}]}}