{"id":79184,"date":"2024-12-19T14:07:00","date_gmt":"2024-12-19T14:07:00","guid":{"rendered":"https:\/\/tvbrazilusa.com\/2024\/12\/19\/tribunal-de-apelacao-desqualifica-willis-do-caso-de-interferencia-eleitoral-de-trump\/"},"modified":"2024-12-19T17:06:41","modified_gmt":"2024-12-19T17:06:41","slug":"tribunal-de-apelacao-desqualifica-willis-do-caso-de-interferencia-eleitoral-de-trump","status":"publish","type":"post","link":"https:\/\/tvbrazilusa.com\/pt\/2024\/12\/19\/tribunal-de-apelacao-desqualifica-willis-do-caso-de-interferencia-eleitoral-de-trump\/","title":{"rendered":"Tribunal de apela\u00e7\u00e3o desqualifica Willis do caso de interfer\u00eancia eleitoral de Trump"},"content":{"rendered":"<p> <script async src=\"https:\/\/pagead2.googlesyndication.com\/pagead\/js\/adsbygoogle.js?client=ca-pub-8864793242727901\"\r\n     crossorigin=\"anonymous\"><\/script><br \/>\n<br \/>O Tribunal de Apela\u00e7\u00f5es da Ge\u00f3rgia desqualificou na quinta-feira o promotor distrital do condado de Fulton, Fani Willis, de processar o caso do estado contra o ex-presidente Donald Trump por interfer\u00eancia eleitoral em 2020.<br \/>\n<br \/><br \/>\n<br \/><a href=\"https:\/\/www.henryherald.com\/news\/appellate-court-disqualifies-willis-from-trump-election-interference-case\/article_1024505f-901f-5ea1-bd09-c069725b2a78.html\">Source link <\/a><\/p>","protected":false},"excerpt":{"rendered":"<p>O Tribunal de Apela\u00e7\u00f5es da Ge\u00f3rgia desqualificou na quinta-feira o promotor distrital do condado de Fulton, Fani Willis, de processar o caso do estado contra o ex-presidente Donald Trump por&hellip;<\/p>","protected":false},"author":1,"featured_media":7776,"comment_status":"closed","ping_status":"open","sticky":false,"template":"","format":"standard","meta":{"content-type":"","footnotes":""},"categories":[1],"tags":[31849,1556,31850,31149,31851,31845,31852,336,31853,31846,1056,3855,31847,31848,31844,31854,1835,31855],"class_list":["post-79184","post","type-post","status-publish","format-standard","has-post-thumbnail","hentry","category-uncategorized","tag-acusacao-de-extorsao-eleitoral-na-georgia","tag-batida-do-capitolio","tag-direito-comum","tag-direito-penal","tag-direito-politico","tag-direito-publico","tag-esfera-publica","tag-governo","tag-instituicoes-governamentais","tag-judiciarios","tag-justica","tag-lei","tag-procedimento-legal","tag-processo-penal","tag-promotor","tag-separacao-de-poderes","tag-tribunais","tag-tribunal-de-apelacao"],"_links":{"self":[{"href":"https:\/\/tvbrazilusa.com\/pt\/wp-json\/wp\/v2\/posts\/79184","targetHints":{"allow":["GET"]}}],"collection":[{"href":"https:\/\/tvbrazilusa.com\/pt\/wp-json\/wp\/v2\/posts"}],"about":[{"href":"https:\/\/tvbrazilusa.com\/pt\/wp-json\/wp\/v2\/types\/post"}],"author":[{"embeddable":true,"href":"https:\/\/tvbrazilusa.com\/pt\/wp-json\/wp\/v2\/users\/1"}],"replies":[{"embeddable":true,"href":"https:\/\/tvbrazilusa.com\/pt\/wp-json\/wp\/v2\/comments?post=79184"}],"version-history":[{"count":1,"href":"https:\/\/tvbrazilusa.com\/pt\/wp-json\/wp\/v2\/posts\/79184\/revisions"}],"predecessor-version":[{"id":79185,"href":"https:\/\/tvbrazilusa.com\/pt\/wp-json\/wp\/v2\/posts\/79184\/revisions\/79185"}],"wp:featuredmedia":[{"embeddable":true,"href":"https:\/\/tvbrazilusa.com\/pt\/wp-json\/wp\/v2\/media\/7776"}],"wp:attachment":[{"href":"https:\/\/tvbrazilusa.com\/pt\/wp-json\/wp\/v2\/media?parent=79184"}],"wp:term":[{"taxonomy":"category","embeddable":true,"href":"https:\/\/tvbrazilusa.com\/pt\/wp-json\/wp\/v2\/categories?post=79184"},{"taxonomy":"post_tag","embeddable":true,"href":"https:\/\/tvbrazilusa.com\/pt\/wp-json\/wp\/v2\/tags?post=79184"}],"curies":[{"name":"wp","href":"https:\/\/api.w.org\/{rel}","templated":true}]}}