{"id":79247,"date":"2024-12-19T18:16:35","date_gmt":"2024-12-19T18:16:35","guid":{"rendered":"https:\/\/tvbrazilusa.com\/2024\/12\/19\/rob-gronkowski-deseja-felicidades-a-bill-belichick-em-seu-trabalho-de-treinador-da-unc\/"},"modified":"2024-12-19T18:27:46","modified_gmt":"2024-12-19T18:27:46","slug":"rob-gronkowski-deseja-felicidades-a-bill-belichick-em-seu-trabalho-de-treinador-da-unc","status":"publish","type":"post","link":"https:\/\/tvbrazilusa.com\/pt\/2024\/12\/19\/rob-gronkowski-deseja-felicidades-a-bill-belichick-em-seu-trabalho-de-treinador-da-unc\/","title":{"rendered":"Rob Gronkowski deseja felicidades a Bill Belichick em seu trabalho de treinador da UNC"},"content":{"rendered":"<p> <script async src=\"https:\/\/pagead2.googlesyndication.com\/pagead\/js\/adsbygoogle.js?client=ca-pub-8864793242727901\"\r\n     crossorigin=\"anonymous\"><\/script><br \/>\n<\/p>\n<div id=\"\">\n<header class=\"m-article-header m-article-header--standard\">\n\t\t\t\t\t\t\t\t\t\t\t\t<span id=\"article-header-primary-term\"><br \/>\n\t\t\t\t\t\t\t\t<a class=\"a-term a-term--primary\" href=\"https:\/\/www.boston.com\/tag\/new-england-patriots\/\"><\/p>\n<p>\t\t\t\t\t\t\t\tPatriotas\t\t\t\t\t\t\t\t<\/a><br \/>\n\t\t\t\t\t\t\t<\/span><\/p>\n<h2 class=\"m-article-header__sub-headline\">\u201cEstarei sintonizando como todo mundo.\u201d<\/h2>\n<figure class=\"a-photo m-article-header__photo\"><figcaption class=\"a-photo__caption\">\n<p>\tRob Gronkowski recebe um tapinha do sorridente Bill Belichick depois de um jogo contra o Bills.<em> Equipe Globo \/ Jim Davis<\/em>\t<\/figcaption><\/figure>\n<\/header>\n<p>Rob Gronkowski desejava felicidades a Bill Belichick como o ex-<a href=\"https:\/\/www.boston.com\/tag\/new-england-patriots\/\">Patriotas<\/a> t\u00e9cnico assume uma nova posi\u00e7\u00e3o liderando o programa de futebol da Universidade da Carolina do Norte.<\/p>\n<p>O tetracampe\u00e3o do Super Bowl apresentou-se no LA Bowl na quarta-feira, onde discutiu a mudan\u00e7a de carreira de seu ex-t\u00e9cnico em uma entrevista paralela \u00e0 ESPN.<\/p>\n<p>\u201cTreinador Belichick, ele far\u00e1 um \u00f3timo trabalho treinando aqueles jovens da UNC. Eu amo o cara. S\u00f3 desejo o melhor a ele\u201d, disse o ex-tight end, tamb\u00e9m brincando que est\u00e1 trabalhando como recrutador para Belichick.<\/p>\n<figure class=\"wp-block-embed is-type-rich is-provider-twitter wp-block-embed-twitter\"\/>\n<p>Esta ser\u00e1 a primeira vez que Belichick treinar\u00e1 futebol universit\u00e1rio e ele ter\u00e1 que <a href=\"https:\/\/www.boston.com\/sports\/new-england-patriots\/2024\/12\/16\/bill-belichick-unc-recruiting-transfer-portal-pat-mcafee-interview\/\" target=\"_blank\" rel=\"noreferrer noopener\">ajustar-se ao recrutamento de atletas e ao portal de transfer\u00eancias<\/a>. O treinador parece ter come\u00e7ado bem, depois de conseguir um recruta de quatro estrelas, o quarterback Bryce Baker, e seu <a href=\"https:\/\/www.boston.com\/sports\/new-england-patriots\/2024\/12\/18\/bill-belichick-holy-cross-christo-kelly-unc-commitment-quotes\/\" target=\"_blank\" rel=\"noreferrer noopener\">primeiro compromisso de transfer\u00eancia<\/a>o atacante ofensivo Christo Kelly do Holy Cross. Belichick tamb\u00e9m ter\u00e1 mais controle sobre o programa da Carolina do Norte do que teria se tivesse permanecido na NFL.<\/p>\n<p>\u201cEle tornar\u00e1 o futebol universit\u00e1rio muito mais cheio de suspense, muito mais divertido e muito mais interessante\u201d, disse Gronkowski. \u201cEstarei sintonizando como todo mundo.\u201d<\/p>\n<div class=\"m-block m-generic-cta\t m-generic-cta--post-content\t m-generic-cta--dark\t m-generic-cta--homepage\t m-generic-cta--email-signup\t\t m-generic-cta-block-style--default \tt-amp__generic-cta\"><\/p>\n<div class=\"m-generic-cta__wrap\">\n<div class=\"m-generic-cta__content\">\n<h3 class=\"m-generic-cta__title\">Inscreva-se para receber atualiza\u00e7\u00f5es do Patriots\ud83c\udfc8<\/h3>\n<p class=\"m-generic-cta__subtitle\">Receba as \u00faltimas not\u00edcias e an\u00e1lises em sua caixa de entrada durante a temporada de futebol.<\/p>\n<\/p><\/div>\n<\/p><\/div>\n<\/div><\/div>\n<p><script>\n\t\tvar consent=\"grant\";\n\t\t\/* The above code is parsing the JSON data from the local storage and storing it in a variable. *\/\n\t\t\t\t\tconst onetrustStorageConsent = JSON.parse(localStorage.getItem( 'consent_one_trust_bdc' ) );\n\t\t\tif ( ( onetrustStorageConsent !== null ) ) {\n\t\t\t\t\/* Checking to see if the user has consented to the use of cookies.\n\t\t\t\t* If they have not, it is deleting the cookie.\n\t\t\t\t* This will comment for now, until further notice.\n\t\t\t\t*\/\n\t\t\t\t\/\/if ( onetrustStorageConsent.C0002 === false ) {\n\t\t\t\t\/\/\tdocument.cookie=\"_fbp=;expires=Thu, 01 Jan 2010 00:00:00 UTC; path=\/; domain=.boston.com\";\n\t\t\t\t\/\/}\n\t\t\t\t\/* Checking if the user has given consent for the cookie C0002.\n\t\t\t\t* If the user has given consent, the variable consent will be set to 'grant'.\n\t\t\t\t* If the user has not given consent,the variable consent will be set to 'revoke'.\n\t\t\t\t* Documentation https:\/\/developers.facebook.com\/docs\/meta-pixel\/implementation\/gdpr\n\t\t\t\t*\/\n\t\t\t\tif ( onetrustStorageConsent.C0002 !== true ) {\n\t\t\t\t\tconsent=\"revoke\";\n\t\t\t\t}\n\t\t\t}\n\t\t\t\t!function(f,b,e,v,n,t,s)\n\t\t{if(f.fbq)return;n=f.fbq=function(){n.callMethod?\n\t\tn.callMethod.apply(n,arguments):n.queue.push(arguments)};\n\t\tif(!f._fbq)f._fbq=n;n.push=n;n.loaded=!0;n.version='2.0';\n\t\tn.queue=[];t=b.createElement(e);t.async=!0;\n\t\tt.src=v;s=b.getElementsByTagName(e)[0];\n\t\ts.parentNode.insertBefore(t,s)}(window, document,'script',\n\t\t'https:\/\/connect.facebook.net\/en_US\/fbevents.js');\n\t\tfbq('consent', consent);\n\t\tfbq('init', '989222871864976');\n\t\tfbq('track', 'PageView');\n\t<\/script><script type=\"module\">\n\t\tvar consent=\"grant\";\n\t\t\/* The above code is parsing the JSON data from the local storage and storing it in a variable. *\/\n\t\t\tconst onetrustStorageConsent = JSON.parse(localStorage.getItem( 'consent_one_trust_bdc' ) );\n\t\t\t\/* Checking to see if the user has consented to the use of cookies.\n\t\t\t* If they have not, it is deleting the cookie.\n\t\t\t* This will comment for now, until further notice.\n\t\t\t*\/\n\t\t\t\/\/if ( onetrustStorageConsent.C0002 === false ) {\n\t\t\t\/\/\tdocument.cookie=\"_fbp=;expires=Thu, 01 Jan 2010 00:00:00 UTC; path=\/; domain=.boston.com\";\n\t\t\t\/\/}\n\t\t\t\/* Checking if the user has given consent for the cookie C0002.\n\t\t\t* If the user has given consent, the variable consent will be set to 'grant'.\n\t\t\t* If the user has not given consent,the variable consent will be set to 'revoke'.\n\t\t\t* Documentation https:\/\/developers.facebook.com\/docs\/meta-pixel\/implementation\/gdpr\n\t\t\t*\/\n\t\t\tif ( ( onetrustStorageConsent !== null ) && (onetrustStorageConsent.C0002 !== true ) ) {\n\t\t\t\tconsent=\"revoke\";\n\t\t\t}\n\t\t\t\t!function(f,b,e,v,n,t,s){if(f.fbq)return;n=f.fbq=function()\n\t\t{n.callMethod? n.callMethod.apply(n,arguments):n.queue.push(arguments)}\n\t\t;if(!f._fbq)f._fbq=n;\n\t\tn.push=n;n.loaded=!0;n.version='2.0';n.queue=[];t=b.createElement(e);t.async=!0;\n\t\tt.src=v;s=b.getElementsByTagName(e)[0];s.parentNode.insertBefore(t,s)}(window,\n\t\tdocument,'script','https:\/\/connect.facebook.net\/en_US\/fbevents.js');\n\t\tfbq('consent', consent);\n\t\tfbq('init', '813236348753005');\n\t\tfbq('track', \"PageView\");\n\t<\/script><br \/>\n<br \/><br \/>\n<br \/><a href=\"https:\/\/www.boston.com\/sports\/new-england-patriots\/2024\/12\/19\/rob-gronkowski-bill-belichick-unc-coach\/\">Source link <\/a><\/p>","protected":false},"excerpt":{"rendered":"<p>Patriotas \u201cEstarei sintonizando como todo mundo.\u201d Rob Gronkowski recebe um tapinha do sorridente Bill Belichick depois de um jogo contra o Bills. Equipe Globo \/ Jim Davis Rob Gronkowski desejava&hellip;<\/p>","protected":false},"author":1,"featured_media":79248,"comment_status":"closed","ping_status":"open","sticky":false,"template":"","format":"standard","meta":{"content-type":"","footnotes":""},"categories":[1],"tags":[],"class_list":["post-79247","post","type-post","status-publish","format-standard","has-post-thumbnail","hentry","category-uncategorized"],"_links":{"self":[{"href":"https:\/\/tvbrazilusa.com\/pt\/wp-json\/wp\/v2\/posts\/79247","targetHints":{"allow":["GET"]}}],"collection":[{"href":"https:\/\/tvbrazilusa.com\/pt\/wp-json\/wp\/v2\/posts"}],"about":[{"href":"https:\/\/tvbrazilusa.com\/pt\/wp-json\/wp\/v2\/types\/post"}],"author":[{"embeddable":true,"href":"https:\/\/tvbrazilusa.com\/pt\/wp-json\/wp\/v2\/users\/1"}],"replies":[{"embeddable":true,"href":"https:\/\/tvbrazilusa.com\/pt\/wp-json\/wp\/v2\/comments?post=79247"}],"version-history":[{"count":1,"href":"https:\/\/tvbrazilusa.com\/pt\/wp-json\/wp\/v2\/posts\/79247\/revisions"}],"predecessor-version":[{"id":79249,"href":"https:\/\/tvbrazilusa.com\/pt\/wp-json\/wp\/v2\/posts\/79247\/revisions\/79249"}],"wp:featuredmedia":[{"embeddable":true,"href":"https:\/\/tvbrazilusa.com\/pt\/wp-json\/wp\/v2\/media\/79248"}],"wp:attachment":[{"href":"https:\/\/tvbrazilusa.com\/pt\/wp-json\/wp\/v2\/media?parent=79247"}],"wp:term":[{"taxonomy":"category","embeddable":true,"href":"https:\/\/tvbrazilusa.com\/pt\/wp-json\/wp\/v2\/categories?post=79247"},{"taxonomy":"post_tag","embeddable":true,"href":"https:\/\/tvbrazilusa.com\/pt\/wp-json\/wp\/v2\/tags?post=79247"}],"curies":[{"name":"wp","href":"https:\/\/api.w.org\/{rel}","templated":true}]}}