{"id":79262,"date":"2024-12-19T18:49:36","date_gmt":"2024-12-19T18:49:36","guid":{"rendered":"https:\/\/tvbrazilusa.com\/2024\/12\/19\/saiba-como-esta-p-diddy-tres-meses-apos-prisao-por-crimes-sexuais\/"},"modified":"2024-12-19T18:49:38","modified_gmt":"2024-12-19T18:49:38","slug":"saiba-como-esta-p-diddy-tres-meses-apos-prisao-por-crimes-sexuais","status":"publish","type":"post","link":"https:\/\/tvbrazilusa.com\/pt\/2024\/12\/19\/saiba-como-esta-p-diddy-tres-meses-apos-prisao-por-crimes-sexuais\/","title":{"rendered":"Saiba como est\u00e1 P. Diddy tr\u00eas meses ap\u00f3s pris\u00e3o por crimes sexuais"},"content":{"rendered":"<p> <script async src=\"https:\/\/pagead2.googlesyndication.com\/pagead\/js\/adsbygoogle.js?client=ca-pub-8864793242727901\"\r\n     crossorigin=\"anonymous\"><\/script><br \/>\n<\/p>\n<div id=\"taboola-read-more\" style=\"display:block; width:100%\">\n<p>O rapper P. Diddy est\u00e1 preso h\u00e1 tr\u00eas meses, desde setembro, acusado de diversos crimes sexuais, como estupro, abuso, extors\u00e3o, tr\u00e1fico, entre outros, e aguarda o julgamento do caso, marcado para maio de 2025. O magnata da ind\u00fastria da m\u00fasica estaria sentindo falta da vida luxuosa que mantinha, al\u00e9m de magro e grisalho.\n<\/p>\n<p>Uma testemunha ocular, que viu Diddy durante audi\u00eancia recente em um tribunal, reportou ao The Sun que o empres\u00e1rio est\u00e1 com o visual bem diferente de quando foi preso, h\u00e1 tr\u00eas meses.<\/p>\n<p>\u201cEle parecia surpreendentemente mais magro, o que \u00e9 de se esperar [por estar] em um centro de deten\u00e7\u00e3o federal h\u00e1 alguns meses. Muito diferente do estilo de vida luxuoso que ele levava antes, mas ele parecia visivelmente mais magro e talvez o fato de estar preso em um centro de deten\u00e7\u00e3o esteja come\u00e7ando a desgast\u00e1-lo\u201d, declarou.\n<\/p>\n<p>Uma fonte pr\u00f3xima ao cantor afirmou ao Page Six que Diddy est\u00e1 \u201cem forma, saud\u00e1vel e totalmente focado em sua defesa\u201d, declarou. Ele est\u00e1 preso no Metropolitan Detention Center (MDC), do Brooklyn, nos Estados Unidos, que \u00e9 notado por ter condi\u00e7\u00f5es prec\u00e1rias e o rapper n\u00e3o estaria recebendo tratamento especial.\n<\/p>\n<p>Os advogados de P. Diddy tentam melhores condi\u00e7\u00f5es para ele sob o argumento de que a pris\u00e3o estaria prejudicando seriamente a capacidade do rapper e empres\u00e1rio em se preparar para o julgamento.<\/p>\n<p>Fonte: Metr\u00f3poles              <\/p>\n<\/div>\n<p><br \/>\n<br \/><a href=\"https:\/\/diariodobrasilnoticias.com.br\/noticia\/saiba-como-esta-p-diddy-tres-meses-apos-prisao-por-crimes-sexuais-67644da2699be\">Source link <\/a><\/p>","protected":false},"excerpt":{"rendered":"<p>O rapper P. Diddy est\u00e1 preso h\u00e1 tr\u00eas meses, desde setembro, acusado de diversos crimes sexuais, como estupro, abuso, extors\u00e3o, tr\u00e1fico, entre outros, e aguarda o julgamento do caso, marcado&hellip;<\/p>","protected":false},"author":1,"featured_media":79263,"comment_status":"closed","ping_status":"open","sticky":false,"template":"","format":"standard","meta":{"content-type":"","footnotes":""},"categories":[16],"tags":[123,2448,5313,1267],"class_list":["post-79262","post","type-post","status-publish","format-standard","has-post-thumbnail","hentry","category-noticias","tag-brasil","tag-diario","tag-noticia","tag-noticias"],"_links":{"self":[{"href":"https:\/\/tvbrazilusa.com\/pt\/wp-json\/wp\/v2\/posts\/79262","targetHints":{"allow":["GET"]}}],"collection":[{"href":"https:\/\/tvbrazilusa.com\/pt\/wp-json\/wp\/v2\/posts"}],"about":[{"href":"https:\/\/tvbrazilusa.com\/pt\/wp-json\/wp\/v2\/types\/post"}],"author":[{"embeddable":true,"href":"https:\/\/tvbrazilusa.com\/pt\/wp-json\/wp\/v2\/users\/1"}],"replies":[{"embeddable":true,"href":"https:\/\/tvbrazilusa.com\/pt\/wp-json\/wp\/v2\/comments?post=79262"}],"version-history":[{"count":1,"href":"https:\/\/tvbrazilusa.com\/pt\/wp-json\/wp\/v2\/posts\/79262\/revisions"}],"predecessor-version":[{"id":79264,"href":"https:\/\/tvbrazilusa.com\/pt\/wp-json\/wp\/v2\/posts\/79262\/revisions\/79264"}],"wp:featuredmedia":[{"embeddable":true,"href":"https:\/\/tvbrazilusa.com\/pt\/wp-json\/wp\/v2\/media\/79263"}],"wp:attachment":[{"href":"https:\/\/tvbrazilusa.com\/pt\/wp-json\/wp\/v2\/media?parent=79262"}],"wp:term":[{"taxonomy":"category","embeddable":true,"href":"https:\/\/tvbrazilusa.com\/pt\/wp-json\/wp\/v2\/categories?post=79262"},{"taxonomy":"post_tag","embeddable":true,"href":"https:\/\/tvbrazilusa.com\/pt\/wp-json\/wp\/v2\/tags?post=79262"}],"curies":[{"name":"wp","href":"https:\/\/api.w.org\/{rel}","templated":true}]}}