{"id":79265,"date":"2024-12-19T18:49:26","date_gmt":"2024-12-19T18:49:26","guid":{"rendered":"https:\/\/tvbrazilusa.com\/2024\/12\/19\/trabalhadores-da-amazon-fazem-greve-em-varias-instalacoes-enquanto-caminhoneiros-buscam-contrato-de-trabalho\/"},"modified":"2024-12-19T18:54:57","modified_gmt":"2024-12-19T18:54:57","slug":"trabalhadores-da-amazon-fazem-greve-em-varias-instalacoes-enquanto-caminhoneiros-buscam-contrato-de-trabalho","status":"publish","type":"post","link":"https:\/\/tvbrazilusa.com\/pt\/2024\/12\/19\/trabalhadores-da-amazon-fazem-greve-em-varias-instalacoes-enquanto-caminhoneiros-buscam-contrato-de-trabalho\/","title":{"rendered":"Trabalhadores da Amazon fazem greve em v\u00e1rias instala\u00e7\u00f5es enquanto caminhoneiros buscam contrato de trabalho"},"content":{"rendered":"<p> <script async src=\"https:\/\/pagead2.googlesyndication.com\/pagead\/js\/adsbygoogle.js?client=ca-pub-8864793242727901\"\r\n     crossorigin=\"anonymous\"><\/script><br \/>\n<\/p>\n<div id=\"\">\n<header class=\"m-article-header m-article-header--standard\">\n\t\t\t\t\t\t\t\t\t\t\t\t<span id=\"article-header-primary-term\"><br \/>\n\t\t\t\t\t\t\t\t<a class=\"a-term a-term--primary\" href=\"https:\/\/www.boston.com\/tag\/business\/\"><\/p>\n<p>\t\t\t\t\t\t\t\tNeg\u00f3cios\t\t\t\t\t\t\t\t<\/a><br \/>\n\t\t\t\t\t\t\t<\/span><\/p>\n<h2 class=\"m-article-header__sub-headline\">Os Teamsters disseram que os trabalhadores, que votaram pela autoriza\u00e7\u00e3o de greves nos \u00faltimos dias, aderiram aos piquetes depois que a Amazon ignorou o prazo de domingo que o sindicato estabeleceu para as negocia\u00e7\u00f5es contratuais.<\/h2>\n<figure class=\"a-photo m-article-header__photo\"><figcaption class=\"a-photo__caption\">\n<p>\tOs grevistas seguram cartazes durante uma greve na esta\u00e7\u00e3o de entrega Amazon Skokie (DIL7) em Skokie, Illinois, quinta-feira, 19 de dezembro de 2024. <em> Foto AP\/Nam Y. Huh<\/em>\t<\/figcaption><\/figure>\n<div class=\"m-article-header__meta\">\n<div class=\"m-article-header__byline\">\n<p class=\"m-article-header__author\">\n<p>\t\t\t\t\t\t\t\tPor HALELUYA HADERO, Associated Press\t\t\t\t\t\t\t<\/p>\n<p>\t\t\t\t\t\t\t\t\t\t\t\t\t\t\t<time class=\"m-article-header__date\"><\/p>\n<p>\t\t\t\t\t\t\t\t\t19 de dezembro de 2024 | 13h49\t\t\t\t\t\t\t\t<\/time><\/p><\/div>\n<\/p><\/div>\n<\/header>\n<p>Trabalhadores de sete instala\u00e7\u00f5es da Amazon entraram em greve na quinta-feira, um esfor\u00e7o do sindicato Teamsters para pressionar a empresa de com\u00e9rcio eletr\u00f4nico por um acordo trabalhista durante um per\u00edodo importante de compras.<\/p>\n<p>Os Teamsters disseram que os trabalhadores, que votaram pela autoriza\u00e7\u00e3o de greves nos \u00faltimos dias, aderiram aos piquetes depois que a Amazon ignorou o prazo de domingo que o sindicato estabeleceu para as negocia\u00e7\u00f5es contratuais. O sindicato classificou-a como a maior greve contra a empresa na hist\u00f3ria dos EUA, embora a Amazon tenha dito que n\u00e3o espera que a a\u00e7\u00e3o laboral tenha impacto nas suas opera\u00e7\u00f5es.<\/p>\n<figure class=\"wp-block-image size-full\"><img fetchpriority=\"high\" decoding=\"async\" width=\"2560\" height=\"1707\" src=\"https:\/\/bdc2020.o0bc.com\/wp-content\/uploads\/2024\/12\/AP24354585198479-6764695525839-scaled.jpg\" alt=\"Grevistas seguram cartazes durante uma greve na esta\u00e7\u00e3o de entrega Amazon Skokie (DIL7) em Skokie, Illinois.\" class=\"wp-image-32523741\" srcset=\"https:\/\/bdc2020.o0bc.com\/wp-content\/uploads\/2024\/12\/AP24354585198479-6764695525839-scaled.jpg?width=200 200w, https:\/\/bdc2020.o0bc.com\/wp-content\/uploads\/2024\/12\/AP24354585198479-6764695525839-scaled.jpg?width=300 300w, https:\/\/bdc2020.o0bc.com\/wp-content\/uploads\/2024\/12\/AP24354585198479-6764695525839-scaled.jpg?width=400 400w, https:\/\/bdc2020.o0bc.com\/wp-content\/uploads\/2024\/12\/AP24354585198479-6764695525839-scaled.jpg?width=500 500w, https:\/\/bdc2020.o0bc.com\/wp-content\/uploads\/2024\/12\/AP24354585198479-6764695525839-scaled.jpg?width=600 600w, https:\/\/bdc2020.o0bc.com\/wp-content\/uploads\/2024\/12\/AP24354585198479-6764695525839-scaled.jpg?width=700 700w, https:\/\/bdc2020.o0bc.com\/wp-content\/uploads\/2024\/12\/AP24354585198479-6764695525839-scaled.jpg?width=800 800w, https:\/\/bdc2020.o0bc.com\/wp-content\/uploads\/2024\/12\/AP24354585198479-6764695525839-scaled.jpg?width=900 900w\" sizes=\"(max-width: 2560px) 100vw, 2560px\"\/><figcaption class=\"wp-element-caption\">Os grevistas seguram cartazes durante uma greve na esta\u00e7\u00e3o de entrega Amazon Skokie (DIL7) em Skokie, Illinois, quinta-feira, 19 de dezembro de 2024. <i> \u2013 AP Photo\/Nam Y. Huh<\/i><\/figcaption><\/figure>\n<p>A Irmandade Internacional de Caminhoneiros afirma representar quase 10 mil trabalhadores em 10 instala\u00e7\u00f5es da Amazon, uma pequena parte dos 800 mil trabalhadores empregados nos armaz\u00e9ns da empresa nos EUA. O sindicato n\u00e3o disse quantos trabalhadores participariam da greve ou quanto tempo duraria a paralisa\u00e7\u00e3o.<\/p>\n<p>\u201cA Amazon est\u00e1 aproximando seus trabalhadores dos piquetes ao n\u00e3o mostrar-lhes o respeito que conquistaram\u201d, disse o presidente da Teamsters General, Sean O&#8217;Brien, em um comunicado.<\/p>\n<p>As greves que acontecem quinta-feira acontecem em sete postos de entrega, administrados por empreiteiros que entregam pacotes aos clientes todos os dias. Eles incluem tr\u00eas locais no sul da Calif\u00f3rnia e um em Nova York, Atlanta, Ge\u00f3rgia e Skokie, Illinois, de acordo com o an\u00fancio do sindicato.<\/p>\n<p>O maior armaz\u00e9m afiliado aos Teamsters est\u00e1 localizado no bairro de Staten Island, em Nova York. Em 2022, milhares de trabalhadores do armaz\u00e9m, conhecido como JFK8, votaram para serem representados pelo nascente Sindicato Trabalhista da Amaz\u00f4nia. Os trabalhadores ent\u00e3o optaram por se afiliar aos Teamsters no ver\u00e3o passado.<\/p>\n<p>O Conselho Nacional de Rela\u00e7\u00f5es Trabalhistas certificou essa elei\u00e7\u00e3o para sindicaliza\u00e7\u00e3o, mas a Amazon se recusou a negociar um contrato. No processo, a empresa ajuizou a\u00e7\u00e3o questionando a constitucionalidade do conselho trabalhista.<\/p>\n<p>Nas outras seis instala\u00e7\u00f5es, os funcion\u00e1rios \u2013 incluindo muitos motoristas de entregas \u2013 sindicalizaram-se com os Teamsters, demonstrando o apoio da maioria, mas sem realizar elei\u00e7\u00f5es administradas pelo governo. De acordo com a legisla\u00e7\u00e3o trabalhista, as empresas podem reconhecer sindicatos sem a realiza\u00e7\u00e3o de elei\u00e7\u00f5es, mas a pr\u00e1tica \u00e9 rara, disse John Logan, diretor de estudos trabalhistas e de emprego da Universidade Estadual de S\u00e3o Francisco.<\/p>\n<p>Os trabalhadores da Amazon em mais localidades est\u00e3o \u201cpreparados para se juntar\u201d \u00e0 luta, disseram os Teamsters, observando que os funcion\u00e1rios do armaz\u00e9m de Staten Island e de um centro a\u00e9reo da empresa na Calif\u00f3rnia tamb\u00e9m autorizaram greves.<\/p>\n<p>Quando questionado sobre a greve na quinta-feira, o porta-voz da Amazon, Kelly Nantel, disse: \u201cO que voc\u00ea v\u00ea aqui s\u00e3o quase inteiramente estranhos, n\u00e3o funcion\u00e1rios ou parceiros da Amazon, e a sugest\u00e3o de outra forma \u00e9 apenas mais uma mentira dos Teamsters\u201d.<\/p>\n<p>\u201cA verdade \u00e9 que eles n\u00e3o conseguiram obter apoio suficiente dos nossos funcion\u00e1rios e parceiros e trouxeram pessoas de fora para assediar e intimidar a nossa equipa, o que \u00e9 inapropriado e perigoso\u201d, disse Nantel.<\/p>\n<p>A Amazon disse que n\u00e3o considera motoristas de entrega como os que est\u00e3o em greve como seus funcion\u00e1rios. No modelo de neg\u00f3cios da empresa, os motoristas trabalham para empresas terceirizadas, chamadas Delivery Service Partners, que entregam milh\u00f5es de pacotes diariamente. A Amazon acusou o sindicato, que afirma representar alguns dos motoristas, de enganar \u201cintencionalmente\u201d o p\u00fablico.<\/p>\n<p>\u201cEsta \u00e9 mais uma tentativa de promover uma narrativa falsa\u201d, disse Nantel.<\/p>\n<p>Mas os Teamsters argumentaram que a Amazon controla essencialmente tudo o que os motoristas fazem e deveria ser classificada como empregadora. Alguns reguladores trabalhistas dos EUA apoiaram o sindicato em a\u00e7\u00f5es apresentadas ao NLRB. Em setembro, a Amazon aumentou os sal\u00e1rios dos motoristas em meio \u00e0 press\u00e3o crescente.<\/p>\n<p>As a\u00e7\u00f5es da Amazon.com Inc. subiram mais de 2,4% ao meio-dia de quinta-feira.<\/p>\n<div class=\"m-block m-generic-cta\t m-generic-cta--post-content\t m-generic-cta--dark\t m-generic-cta--homepage\t m-generic-cta--email-signup\t\t m-generic-cta-block-style--default \tt-amp__generic-cta\"><\/p>\n<div class=\"m-generic-cta__wrap\">\n<div class=\"m-generic-cta__content\">\n<h3 class=\"m-generic-cta__title\">Alertas extras de not\u00edcias<\/h3>\n<p class=\"m-generic-cta__subtitle\">Receba as \u00faltimas atualiza\u00e7\u00f5es conforme elas acontecem.<\/p>\n<\/p><\/div>\n<\/p><\/div>\n<\/div><\/div>\n<p><script>\n\t\tvar consent=\"grant\";\n\t\t\/* The above code is parsing the JSON data from the local storage and storing it in a variable. *\/\n\t\t\t\t\tconst onetrustStorageConsent = JSON.parse(localStorage.getItem( 'consent_one_trust_bdc' ) );\n\t\t\tif ( ( onetrustStorageConsent !== null ) ) {\n\t\t\t\t\/* Checking to see if the user has consented to the use of cookies.\n\t\t\t\t* If they have not, it is deleting the cookie.\n\t\t\t\t* This will comment for now, until further notice.\n\t\t\t\t*\/\n\t\t\t\t\/\/if ( onetrustStorageConsent.C0002 === false ) {\n\t\t\t\t\/\/\tdocument.cookie=\"_fbp=;expires=Thu, 01 Jan 2010 00:00:00 UTC; path=\/; domain=.boston.com\";\n\t\t\t\t\/\/}\n\t\t\t\t\/* Checking if the user has given consent for the cookie C0002.\n\t\t\t\t* If the user has given consent, the variable consent will be set to 'grant'.\n\t\t\t\t* If the user has not given consent,the variable consent will be set to 'revoke'.\n\t\t\t\t* Documentation https:\/\/developers.facebook.com\/docs\/meta-pixel\/implementation\/gdpr\n\t\t\t\t*\/\n\t\t\t\tif ( onetrustStorageConsent.C0002 !== true ) {\n\t\t\t\t\tconsent=\"revoke\";\n\t\t\t\t}\n\t\t\t}\n\t\t\t\t!function(f,b,e,v,n,t,s)\n\t\t{if(f.fbq)return;n=f.fbq=function(){n.callMethod?\n\t\tn.callMethod.apply(n,arguments):n.queue.push(arguments)};\n\t\tif(!f._fbq)f._fbq=n;n.push=n;n.loaded=!0;n.version='2.0';\n\t\tn.queue=[];t=b.createElement(e);t.async=!0;\n\t\tt.src=v;s=b.getElementsByTagName(e)[0];\n\t\ts.parentNode.insertBefore(t,s)}(window, document,'script',\n\t\t'https:\/\/connect.facebook.net\/en_US\/fbevents.js');\n\t\tfbq('consent', consent);\n\t\tfbq('init', '989222871864976');\n\t\tfbq('track', 'PageView');\n\t<\/script><script type=\"module\">\n\t\tvar consent=\"grant\";\n\t\t\/* The above code is parsing the JSON data from the local storage and storing it in a variable. *\/\n\t\t\tconst onetrustStorageConsent = JSON.parse(localStorage.getItem( 'consent_one_trust_bdc' ) );\n\t\t\t\/* Checking to see if the user has consented to the use of cookies.\n\t\t\t* If they have not, it is deleting the cookie.\n\t\t\t* This will comment for now, until further notice.\n\t\t\t*\/\n\t\t\t\/\/if ( onetrustStorageConsent.C0002 === false ) {\n\t\t\t\/\/\tdocument.cookie=\"_fbp=;expires=Thu, 01 Jan 2010 00:00:00 UTC; path=\/; domain=.boston.com\";\n\t\t\t\/\/}\n\t\t\t\/* Checking if the user has given consent for the cookie C0002.\n\t\t\t* If the user has given consent, the variable consent will be set to 'grant'.\n\t\t\t* If the user has not given consent,the variable consent will be set to 'revoke'.\n\t\t\t* Documentation https:\/\/developers.facebook.com\/docs\/meta-pixel\/implementation\/gdpr\n\t\t\t*\/\n\t\t\tif ( ( onetrustStorageConsent !== null ) && (onetrustStorageConsent.C0002 !== true ) ) {\n\t\t\t\tconsent=\"revoke\";\n\t\t\t}\n\t\t\t\t!function(f,b,e,v,n,t,s){if(f.fbq)return;n=f.fbq=function()\n\t\t{n.callMethod? n.callMethod.apply(n,arguments):n.queue.push(arguments)}\n\t\t;if(!f._fbq)f._fbq=n;\n\t\tn.push=n;n.loaded=!0;n.version='2.0';n.queue=[];t=b.createElement(e);t.async=!0;\n\t\tt.src=v;s=b.getElementsByTagName(e)[0];s.parentNode.insertBefore(t,s)}(window,\n\t\tdocument,'script','https:\/\/connect.facebook.net\/en_US\/fbevents.js');\n\t\tfbq('consent', consent);\n\t\tfbq('init', '813236348753005');\n\t\tfbq('track', \"PageView\");\n\t<\/script><br \/>\n<br \/><br \/>\n<br \/><a href=\"https:\/\/www.boston.com\/news\/business\/2024\/12\/19\/amazon-workers-strike-multiple-facilities-teamsters-seek-labor-contract\/\">Source link <\/a><\/p>","protected":false},"excerpt":{"rendered":"<p>Neg\u00f3cios Os Teamsters disseram que os trabalhadores, que votaram pela autoriza\u00e7\u00e3o de greves nos \u00faltimos dias, aderiram aos piquetes depois que a Amazon ignorou o prazo de domingo que o&hellip;<\/p>","protected":false},"author":1,"featured_media":79266,"comment_status":"closed","ping_status":"open","sticky":false,"template":"","format":"standard","meta":{"content-type":"","footnotes":""},"categories":[1],"tags":[],"class_list":["post-79265","post","type-post","status-publish","format-standard","has-post-thumbnail","hentry","category-uncategorized"],"_links":{"self":[{"href":"https:\/\/tvbrazilusa.com\/pt\/wp-json\/wp\/v2\/posts\/79265","targetHints":{"allow":["GET"]}}],"collection":[{"href":"https:\/\/tvbrazilusa.com\/pt\/wp-json\/wp\/v2\/posts"}],"about":[{"href":"https:\/\/tvbrazilusa.com\/pt\/wp-json\/wp\/v2\/types\/post"}],"author":[{"embeddable":true,"href":"https:\/\/tvbrazilusa.com\/pt\/wp-json\/wp\/v2\/users\/1"}],"replies":[{"embeddable":true,"href":"https:\/\/tvbrazilusa.com\/pt\/wp-json\/wp\/v2\/comments?post=79265"}],"version-history":[{"count":1,"href":"https:\/\/tvbrazilusa.com\/pt\/wp-json\/wp\/v2\/posts\/79265\/revisions"}],"predecessor-version":[{"id":79267,"href":"https:\/\/tvbrazilusa.com\/pt\/wp-json\/wp\/v2\/posts\/79265\/revisions\/79267"}],"wp:featuredmedia":[{"embeddable":true,"href":"https:\/\/tvbrazilusa.com\/pt\/wp-json\/wp\/v2\/media\/79266"}],"wp:attachment":[{"href":"https:\/\/tvbrazilusa.com\/pt\/wp-json\/wp\/v2\/media?parent=79265"}],"wp:term":[{"taxonomy":"category","embeddable":true,"href":"https:\/\/tvbrazilusa.com\/pt\/wp-json\/wp\/v2\/categories?post=79265"},{"taxonomy":"post_tag","embeddable":true,"href":"https:\/\/tvbrazilusa.com\/pt\/wp-json\/wp\/v2\/tags?post=79265"}],"curies":[{"name":"wp","href":"https:\/\/api.w.org\/{rel}","templated":true}]}}