{"id":79274,"date":"2024-12-19T18:41:27","date_gmt":"2024-12-19T18:41:27","guid":{"rendered":"https:\/\/tvbrazilusa.com\/2024\/12\/19\/quao-preocupados-deveriamos-estar-com-a-gripe-aviaria\/"},"modified":"2024-12-19T19:07:11","modified_gmt":"2024-12-19T19:07:11","slug":"quao-preocupados-deveriamos-estar-com-a-gripe-aviaria","status":"publish","type":"post","link":"https:\/\/tvbrazilusa.com\/pt\/2024\/12\/19\/quao-preocupados-deveriamos-estar-com-a-gripe-aviaria\/","title":{"rendered":"Qu\u00e3o preocupados dever\u00edamos estar com a gripe avi\u00e1ria?"},"content":{"rendered":"<p> <script async src=\"https:\/\/pagead2.googlesyndication.com\/pagead\/js\/adsbygoogle.js?client=ca-pub-8864793242727901\"\r\n     crossorigin=\"anonymous\"><\/script><br \/>\n<\/p>\n<div id=\"\">\n<header class=\"m-article-header m-article-header--standard\">\n\t\t\t\t\t\t\t\t\t\t\t\t<span id=\"article-header-primary-term\"><br \/>\n\t\t\t\t\t\t\t\t<a class=\"a-term a-term--primary\" href=\"https:\/\/www.boston.com\/tag\/health\/\"><\/p>\n<p>\t\t\t\t\t\t\t\tSa\u00fade\t\t\t\t\t\t\t\t<\/a><br \/>\n\t\t\t\t\t\t\t<\/span><\/p>\n<h2 class=\"m-article-header__sub-headline\">O H5N1, o v\u00edrus que causa a gripe avi\u00e1ria, ou gripe avi\u00e1ria, foi encontrado em 645 latic\u00ednios na Calif\u00f3rnia desde agosto.<\/h2>\n<figure class=\"a-photo m-article-header__photo\"><figcaption class=\"a-photo__caption\">\n<p>\tVacas leiteiras em um campo fora de um celeiro de ordenha no centro de pesquisa do Centro Nacional de Doen\u00e7as Animais do Departamento de Agricultura dos EUA em Ames, Iowa, na ter\u00e7a-feira, 6 de agosto de 2024. <em> AP Foto\/Charlie Neibergall<\/em>\t<\/figcaption><\/figure>\n<div class=\"m-article-header__meta\">\n<div class=\"m-article-header__byline\">\n<p class=\"m-article-header__author\">\n<p>\t\t\t\t\t\t\t\tPor Dani Blum, servi\u00e7o do New York Times\t\t\t\t\t\t\t<\/p>\n<p>\t\t\t\t\t\t\t\t\t\t\t\t\t\t\t<time class=\"m-article-header__date\"><\/p>\n<p>\t\t\t\t\t\t\t\t\t19 de dezembro de 2024 | 13h41\t\t\t\t\t\t\t\t<\/time><\/p><\/div>\n<\/p><\/div>\n<\/header>\n<p>A Calif\u00f3rnia declarou estado de emerg\u00eancia devido ao surto de gripe avi\u00e1ria entre vacas leiteiras.<\/p>\n<p>O H5N1, o v\u00edrus que causa a gripe avi\u00e1ria, ou gripe avi\u00e1ria, foi encontrado em 645 latic\u00ednios na Calif\u00f3rnia desde agosto. Rebanhos infectados tamb\u00e9m foram identificados em outros 15 estados. Aqui est\u00e1 o que sabemos e n\u00e3o sabemos sobre o risco para a sa\u00fade humana neste momento.<\/p>\n<h3 class=\"wp-block-heading\" id=\"h-does-this-mean-i-need-to-worry-about-bird-flu-now\"><b>Isso significa que preciso me preocupar com a gripe avi\u00e1ria agora? <\/b><\/h3>\n<p>O governador Gavin Newsom, da Calif\u00f3rnia, disse em um comunicado que a declara\u00e7\u00e3o era \u201cuma a\u00e7\u00e3o direcionada para garantir que as ag\u00eancias governamentais tenham os recursos e a flexibilidade necess\u00e1rios para responder rapidamente a este surto\u201d.<\/p>\n<p>Os Centros de Controle e Preven\u00e7\u00e3o de Doen\u00e7as reiteraram na quarta-feira que <a href=\"https:\/\/www.cdc.gov\/media\/releases\/2024\/m1218-h5n1-flu.html\">A gripe avi\u00e1ria H5N1 representa um risco baixo <\/a>para a sa\u00fade p\u00fablica em geral. E Michael Osterholm, especialista em doen\u00e7as infecciosas da Universidade de Minnesota, concordou com essa avalia\u00e7\u00e3o. A principal preocupa\u00e7\u00e3o na Calif\u00f3rnia, disse ele, \u00e9 a r\u00e1pida propaga\u00e7\u00e3o do v\u00edrus entre as fazendas leiteiras.<\/p>\n<p>Ainda assim, algumas pessoas correm maior risco de infec\u00e7\u00e3o porque est\u00e3o expostas a animais que espalham o v\u00edrus. As pessoas que trabalham em estreita colabora\u00e7\u00e3o com animais, como os trabalhadores leiteiros, s\u00e3o particularmente suscet\u00edveis e devem usar equipamentos de prote\u00e7\u00e3o individual, como m\u00e1scaras, luvas e \u00f3culos de seguran\u00e7a, disse Stacey L. Schultz-Cherry, especialista em v\u00edrus e gripe do St.<\/p>\n<p>Houve 61 casos humanos de gripe avi\u00e1ria relatados nos Estados Unidos at\u00e9 agora este ano, incluindo 37 casos ligados \u00e0 exposi\u00e7\u00e3o a bovinos infectados. A maioria desses pacientes apresentou doen\u00e7a leve, com sintomas que incluem conjuntivite, febre e dores musculares.<\/p>\n<p>Na quarta-feira, o CDC confirmou o <a href=\"https:\/\/www.cdc.gov\/media\/releases\/2024\/m1218-h5n1-flu.html\">primeiro caso grave de gripe avi\u00e1ria H5N1<\/a> no pa\u00eds: um paciente na Louisiana, que foi hospitalizado ap\u00f3s ser exposto a rebanhos de quintal. O paciente foi infectado com uma vers\u00e3o do v\u00edrus encontrada em aves, e n\u00e3o aquela que se espalha em vacas.<\/p>\n<p>Se voc\u00ea tem um rebanho no quintal, tente limitar o contato com aves selvagens, disse a Dra. Meghan Davis, veterin\u00e1ria e epidemiologista ambiental da Escola de Sa\u00fade P\u00fablica Bloomberg da Johns Hopkins. Ela tamb\u00e9m enfatizou a import\u00e2ncia de manter os animais de estima\u00e7\u00e3o, especialmente os gatos, longe das aves selvagens, j\u00e1 que alguns gatos foram infectados pela gripe avi\u00e1ria e morreram.<\/p>\n<p>\u201cSe voc\u00ea n\u00e3o estiver trabalhando diretamente com animais agora, n\u00e3o seria a principal coisa que me preocuparia\u201d, disse a Dra. Gail Hansen, especialista veterin\u00e1ria em sa\u00fade p\u00fablica e consultora baseada em Washington, DC \u201c\u00c9 improv\u00e1vel neste momento isso ser\u00e1 um problema para a maioria das pessoas.\u201d<\/p>\n<h3 class=\"wp-block-heading\" id=\"h-is-the-virus-spreading-among-humans\"><b>O v\u00edrus est\u00e1 se espalhando entre os humanos? <\/b><\/h3>\n<p>N\u00e3o h\u00e1 nenhuma evid\u00eancia at\u00e9 agora de que o v\u00edrus possa se espalhar entre humanos. Cada vez que o v\u00edrus infecta outra pessoa ou animal, no entanto, ele tem a oportunidade de sofrer muta\u00e7\u00e3o, e os cientistas est\u00e3o observando de perto se o v\u00edrus ganhar\u00e1 muta\u00e7\u00f5es que o tornem mais facilmente capaz de se espalhar de humano para humano.<\/p>\n<p>\u201cH\u00e1 muitos anos que durmo de olhos abertos sobre este v\u00edrus\u201d, disse Osterholm. \u00c9 importante rastrear o v\u00edrus e estar preparado para a possibilidade de ele se espalhar entre humanos, disse ele.<\/p>\n<p>Os investigadores est\u00e3o particularmente preocupados com os riscos de muta\u00e7\u00e3o do v\u00edrus durante a \u00e9poca da gripe e encorajaram as pessoas a tomarem as vacinas contra a gripe para reduzir o risco de contrair a gripe sazonal.<\/p>\n<p>\u201cO maior medo para qualquer um de n\u00f3s \u00e9 que voc\u00ea pegue a pessoa errada, p\u00e1ssaro, animal, seja o que for, infectado com um humano sazonal e uma daquelas linhagens de p\u00e1ssaros, e esses v\u00edrus sejam capazes de fazer o que fazem de melhor, que \u00e9 trocar geneticamente componentes\u201d, disse Schultz-Cherry.<\/p>\n<h3 class=\"wp-block-heading\" id=\"h-what-about-the-milk-supply\"><b>E a oferta de leite? <\/b><\/h3>\n<p>As autoridades de sa\u00fade sublinharam que o leite pasteurizado \u00e9 seguro para beber. Mas as autoridades est\u00e3o preocupadas com os riscos do leite cru \u2013 especialmente na Calif\u00f3rnia, onde dois produtores de leite cru recolheram os seus produtos depois de a gripe avi\u00e1ria ter sido detectada em amostras de retalho.<\/p>\n<p>O Departamento de Agricultura dos EUA intensificou os testes ao leite cru, na esperan\u00e7a de identificar melhor a escala do surto.<\/p>\n<p>Nenhum caso humano foi confirmado por consumo de leite cru. Mas os cientistas dizem acreditar que os trabalhadores agr\u00edcolas podem ter contra\u00eddo a gripe avi\u00e1ria ap\u00f3s entrarem em contacto com got\u00edculas de leite cru.<\/p>\n<p>\u201cIsso pode ser um problema \u2013 n\u00e3o descarte completamente\u201d, disse Matthew Moore, professor associado do departamento de ci\u00eancia de alimentos da Universidade de Massachusetts, Amherst. \u201cMas neste momento n\u00e3o h\u00e1 raz\u00e3o para entrar em p\u00e2nico ou realmente fazer qualquer coisa al\u00e9m de evitar produtos l\u00e1cteos crus.\u201d<\/p>\n<p><em>Este artigo apareceu originalmente em <a href=\"https:\/\/www.nytimes.com\/2024\/12\/18\/well\/bird-flu-health-risks.html\">O jornal New York Times<\/a>.<\/em><\/p>\n<div class=\"m-block m-generic-cta\t m-generic-cta--post-content\t m-generic-cta--dark\t m-generic-cta--homepage\t m-generic-cta--email-signup\t\t m-generic-cta-block-style--default \tt-amp__generic-cta\"><\/p>\n<div class=\"m-generic-cta__wrap\">\n<div class=\"m-generic-cta__content\">\n<h3 class=\"m-generic-cta__title\">Alertas extras de not\u00edcias<\/h3>\n<p class=\"m-generic-cta__subtitle\">Receba as \u00faltimas atualiza\u00e7\u00f5es conforme elas acontecem.<\/p>\n<\/p><\/div>\n<\/p><\/div>\n<\/div><\/div>\n<p><script>\n\t\tvar consent=\"grant\";\n\t\t\/* The above code is parsing the JSON data from the local storage and storing it in a variable. *\/\n\t\t\t\t\tconst onetrustStorageConsent = JSON.parse(localStorage.getItem( 'consent_one_trust_bdc' ) );\n\t\t\tif ( ( onetrustStorageConsent !== null ) ) {\n\t\t\t\t\/* Checking to see if the user has consented to the use of cookies.\n\t\t\t\t* If they have not, it is deleting the cookie.\n\t\t\t\t* This will comment for now, until further notice.\n\t\t\t\t*\/\n\t\t\t\t\/\/if ( onetrustStorageConsent.C0002 === false ) {\n\t\t\t\t\/\/\tdocument.cookie=\"_fbp=;expires=Thu, 01 Jan 2010 00:00:00 UTC; path=\/; domain=.boston.com\";\n\t\t\t\t\/\/}\n\t\t\t\t\/* Checking if the user has given consent for the cookie C0002.\n\t\t\t\t* If the user has given consent, the variable consent will be set to 'grant'.\n\t\t\t\t* If the user has not given consent,the variable consent will be set to 'revoke'.\n\t\t\t\t* Documentation https:\/\/developers.facebook.com\/docs\/meta-pixel\/implementation\/gdpr\n\t\t\t\t*\/\n\t\t\t\tif ( onetrustStorageConsent.C0002 !== true ) {\n\t\t\t\t\tconsent=\"revoke\";\n\t\t\t\t}\n\t\t\t}\n\t\t\t\t!function(f,b,e,v,n,t,s)\n\t\t{if(f.fbq)return;n=f.fbq=function(){n.callMethod?\n\t\tn.callMethod.apply(n,arguments):n.queue.push(arguments)};\n\t\tif(!f._fbq)f._fbq=n;n.push=n;n.loaded=!0;n.version='2.0';\n\t\tn.queue=[];t=b.createElement(e);t.async=!0;\n\t\tt.src=v;s=b.getElementsByTagName(e)[0];\n\t\ts.parentNode.insertBefore(t,s)}(window, document,'script',\n\t\t'https:\/\/connect.facebook.net\/en_US\/fbevents.js');\n\t\tfbq('consent', consent);\n\t\tfbq('init', '989222871864976');\n\t\tfbq('track', 'PageView');\n\t<\/script><script type=\"module\">\n\t\tvar consent=\"grant\";\n\t\t\/* The above code is parsing the JSON data from the local storage and storing it in a variable. *\/\n\t\t\tconst onetrustStorageConsent = JSON.parse(localStorage.getItem( 'consent_one_trust_bdc' ) );\n\t\t\t\/* Checking to see if the user has consented to the use of cookies.\n\t\t\t* If they have not, it is deleting the cookie.\n\t\t\t* This will comment for now, until further notice.\n\t\t\t*\/\n\t\t\t\/\/if ( onetrustStorageConsent.C0002 === false ) {\n\t\t\t\/\/\tdocument.cookie=\"_fbp=;expires=Thu, 01 Jan 2010 00:00:00 UTC; path=\/; domain=.boston.com\";\n\t\t\t\/\/}\n\t\t\t\/* Checking if the user has given consent for the cookie C0002.\n\t\t\t* If the user has given consent, the variable consent will be set to 'grant'.\n\t\t\t* If the user has not given consent,the variable consent will be set to 'revoke'.\n\t\t\t* Documentation https:\/\/developers.facebook.com\/docs\/meta-pixel\/implementation\/gdpr\n\t\t\t*\/\n\t\t\tif ( ( onetrustStorageConsent !== null ) && (onetrustStorageConsent.C0002 !== true ) ) {\n\t\t\t\tconsent=\"revoke\";\n\t\t\t}\n\t\t\t\t!function(f,b,e,v,n,t,s){if(f.fbq)return;n=f.fbq=function()\n\t\t{n.callMethod? n.callMethod.apply(n,arguments):n.queue.push(arguments)}\n\t\t;if(!f._fbq)f._fbq=n;\n\t\tn.push=n;n.loaded=!0;n.version='2.0';n.queue=[];t=b.createElement(e);t.async=!0;\n\t\tt.src=v;s=b.getElementsByTagName(e)[0];s.parentNode.insertBefore(t,s)}(window,\n\t\tdocument,'script','https:\/\/connect.facebook.net\/en_US\/fbevents.js');\n\t\tfbq('consent', consent);\n\t\tfbq('init', '813236348753005');\n\t\tfbq('track', \"PageView\");\n\t<\/script><br \/>\n<br \/><br \/>\n<br \/><a href=\"https:\/\/www.boston.com\/news\/health\/2024\/12\/19\/how-worried-should-we-be-about-bird-flu\/\">Source link <\/a><\/p>","protected":false},"excerpt":{"rendered":"<p>Sa\u00fade O H5N1, o v\u00edrus que causa a gripe avi\u00e1ria, ou gripe avi\u00e1ria, foi encontrado em 645 latic\u00ednios na Calif\u00f3rnia desde agosto. Vacas leiteiras em um campo fora de um&hellip;<\/p>","protected":false},"author":1,"featured_media":79275,"comment_status":"closed","ping_status":"open","sticky":false,"template":"","format":"standard","meta":{"content-type":"","footnotes":""},"categories":[1],"tags":[],"class_list":["post-79274","post","type-post","status-publish","format-standard","has-post-thumbnail","hentry","category-uncategorized"],"_links":{"self":[{"href":"https:\/\/tvbrazilusa.com\/pt\/wp-json\/wp\/v2\/posts\/79274","targetHints":{"allow":["GET"]}}],"collection":[{"href":"https:\/\/tvbrazilusa.com\/pt\/wp-json\/wp\/v2\/posts"}],"about":[{"href":"https:\/\/tvbrazilusa.com\/pt\/wp-json\/wp\/v2\/types\/post"}],"author":[{"embeddable":true,"href":"https:\/\/tvbrazilusa.com\/pt\/wp-json\/wp\/v2\/users\/1"}],"replies":[{"embeddable":true,"href":"https:\/\/tvbrazilusa.com\/pt\/wp-json\/wp\/v2\/comments?post=79274"}],"version-history":[{"count":1,"href":"https:\/\/tvbrazilusa.com\/pt\/wp-json\/wp\/v2\/posts\/79274\/revisions"}],"predecessor-version":[{"id":79276,"href":"https:\/\/tvbrazilusa.com\/pt\/wp-json\/wp\/v2\/posts\/79274\/revisions\/79276"}],"wp:featuredmedia":[{"embeddable":true,"href":"https:\/\/tvbrazilusa.com\/pt\/wp-json\/wp\/v2\/media\/79275"}],"wp:attachment":[{"href":"https:\/\/tvbrazilusa.com\/pt\/wp-json\/wp\/v2\/media?parent=79274"}],"wp:term":[{"taxonomy":"category","embeddable":true,"href":"https:\/\/tvbrazilusa.com\/pt\/wp-json\/wp\/v2\/categories?post=79274"},{"taxonomy":"post_tag","embeddable":true,"href":"https:\/\/tvbrazilusa.com\/pt\/wp-json\/wp\/v2\/tags?post=79274"}],"curies":[{"name":"wp","href":"https:\/\/api.w.org\/{rel}","templated":true}]}}