{"id":79277,"date":"2024-12-19T19:13:30","date_gmt":"2024-12-19T19:13:30","guid":{"rendered":"https:\/\/tvbrazilusa.com\/2024\/12\/19\/mafioso-chines-responsavel-por-extorquir-e-matar-lojistas-da-25-de-marco-e-detido\/"},"modified":"2024-12-19T19:13:33","modified_gmt":"2024-12-19T19:13:33","slug":"mafioso-chines-responsavel-por-extorquir-e-matar-lojistas-da-25-de-marco-e-detido","status":"publish","type":"post","link":"https:\/\/tvbrazilusa.com\/pt\/2024\/12\/19\/mafioso-chines-responsavel-por-extorquir-e-matar-lojistas-da-25-de-marco-e-detido\/","title":{"rendered":"Mafioso chin\u00eas respons\u00e1vel por extorquir e matar lojistas da 25 de Mar\u00e7o \u00e9 detido"},"content":{"rendered":"<p> <script async src=\"https:\/\/pagead2.googlesyndication.com\/pagead\/js\/adsbygoogle.js?client=ca-pub-8864793242727901\"\r\n     crossorigin=\"anonymous\"><\/script><br \/>\n<\/p>\n<div id=\"taboola-read-more\" style=\"display:block; width:100%\">\n<p>A Pol\u00edcia Federal prendeu, nessa segunda-feira (16\/12), um homem apontado como l\u00edder de grupo criminoso que estava foragido e tinha tr\u00eas mandados de pris\u00e3o em aberto, expedidos pela Justi\u00e7a Estadual de S\u00e3o Paulo.\n<\/p>\n<p>Ele era procurado pelos crimes de homic\u00eddio, roubo qualificado, extors\u00e3o, extors\u00e3o mediante sequestro e organiza\u00e7\u00e3o criminosa. Informa\u00e7\u00f5es indicavam que o homem estaria escondido na Venezuela havia pelo menos tr\u00eas anos.<\/p>\n<p>As investiga\u00e7\u00f5es apontam que o grupo criminoso, origin\u00e1rio da prov\u00edncia de Fujian, na China, extorquia dinheiro de comerciantes chineses na regi\u00e3o central de S\u00e3o Paulo, principalmente nas regi\u00f5es da Rua 25 de Mar\u00e7o (foto em destaque) e da Rua Santa Ifig\u00eania.\n<\/p>\n<p>As v\u00edtimas eram obrigadas a pagar entre R$ 5 mil e R$ 10 mil mensais. A organiza\u00e7\u00e3o tamb\u00e9m \u00e9 suspeita de matar tr\u00eas comerciantes que n\u00e3o atenderam \u00e0s suas exig\u00eancias.\n<\/p>\n<p>O indiv\u00edduo conseguiu escapar de uma grande opera\u00e7\u00e3o policial realizada em S\u00e3o Paulo (SP), em 2017. A a\u00e7\u00e3o resultou no cumprimento de 20 mandados de pris\u00e3o preventiva e 33 de busca e apreens\u00e3o. Durante as dilig\u00eancias, as autoridades apreenderam sete armas de fogo com integrantes do grupo.\n<\/p>\n<p>O capturado foi encaminhado \u00e0 Penitenci\u00e1ria Agr\u00edcola de Monte Cristo (Boa Vista-RR), onde permanecer\u00e1 \u00e0 disposi\u00e7\u00e3o da Justi\u00e7a. O nome dele n\u00e3o foi informado.\n<\/p>\n<p>Fonte: Metr\u00f3poles              <\/p>\n<\/div>\n<p><br \/>\n<br \/><a href=\"https:\/\/diariodobrasilnoticias.com.br\/noticia\/mafioso-chines-responsavel-por-extorquir-e-matar-lojistas-da-25-de-marco-e-detido-676458ec81057\">Source link <\/a><\/p>","protected":false},"excerpt":{"rendered":"<p>A Pol\u00edcia Federal prendeu, nessa segunda-feira (16\/12), um homem apontado como l\u00edder de grupo criminoso que estava foragido e tinha tr\u00eas mandados de pris\u00e3o em aberto, expedidos pela Justi\u00e7a Estadual&hellip;<\/p>","protected":false},"author":1,"featured_media":79278,"comment_status":"closed","ping_status":"open","sticky":false,"template":"","format":"standard","meta":{"content-type":"","footnotes":""},"categories":[16],"tags":[123,2448,5313,1267],"class_list":["post-79277","post","type-post","status-publish","format-standard","has-post-thumbnail","hentry","category-noticias","tag-brasil","tag-diario","tag-noticia","tag-noticias"],"_links":{"self":[{"href":"https:\/\/tvbrazilusa.com\/pt\/wp-json\/wp\/v2\/posts\/79277","targetHints":{"allow":["GET"]}}],"collection":[{"href":"https:\/\/tvbrazilusa.com\/pt\/wp-json\/wp\/v2\/posts"}],"about":[{"href":"https:\/\/tvbrazilusa.com\/pt\/wp-json\/wp\/v2\/types\/post"}],"author":[{"embeddable":true,"href":"https:\/\/tvbrazilusa.com\/pt\/wp-json\/wp\/v2\/users\/1"}],"replies":[{"embeddable":true,"href":"https:\/\/tvbrazilusa.com\/pt\/wp-json\/wp\/v2\/comments?post=79277"}],"version-history":[{"count":1,"href":"https:\/\/tvbrazilusa.com\/pt\/wp-json\/wp\/v2\/posts\/79277\/revisions"}],"predecessor-version":[{"id":79279,"href":"https:\/\/tvbrazilusa.com\/pt\/wp-json\/wp\/v2\/posts\/79277\/revisions\/79279"}],"wp:featuredmedia":[{"embeddable":true,"href":"https:\/\/tvbrazilusa.com\/pt\/wp-json\/wp\/v2\/media\/79278"}],"wp:attachment":[{"href":"https:\/\/tvbrazilusa.com\/pt\/wp-json\/wp\/v2\/media?parent=79277"}],"wp:term":[{"taxonomy":"category","embeddable":true,"href":"https:\/\/tvbrazilusa.com\/pt\/wp-json\/wp\/v2\/categories?post=79277"},{"taxonomy":"post_tag","embeddable":true,"href":"https:\/\/tvbrazilusa.com\/pt\/wp-json\/wp\/v2\/tags?post=79277"}],"curies":[{"name":"wp","href":"https:\/\/api.w.org\/{rel}","templated":true}]}}