{"id":7928,"date":"2024-07-24T20:44:04","date_gmt":"2024-07-24T20:44:04","guid":{"rendered":"https:\/\/tvbrazilusa.com\/2024\/07\/24\/elites-democratas-estao-sendo-acusadas-de-atropelar-a-democracia-para-derrubar-biden-e-nomear-kamala-harris-invalidaram-os-votos-paulo-figueiredo\/"},"modified":"2024-07-24T20:56:32","modified_gmt":"2024-07-24T20:56:32","slug":"elites-democratas-estao-sendo-acusadas-de-atropelar-a-democracia-para-derrubar-biden-e-nomear-kamala-harris-invalidaram-os-votos-paulo-figueiredo","status":"publish","type":"post","link":"https:\/\/tvbrazilusa.com\/pt\/2024\/07\/24\/elites-democratas-estao-sendo-acusadas-de-atropelar-a-democracia-para-derrubar-biden-e-nomear-kamala-harris-invalidaram-os-votos-paulo-figueiredo\/","title":{"rendered":"Elites Democratas est\u00e3o sendo acusadas de &#039;Atropelar a Democracia&#039; para derrubar Biden e nomear Kamala Harris: &#039;Invalidaram os Votos&#039; &#8211; Paulo Figueiredo"},"content":{"rendered":"<p> <script async src=\"https:\/\/pagead2.googlesyndication.com\/pagead\/js\/adsbygoogle.js?client=ca-pub-8864793242727901\"\r\n     crossorigin=\"anonymous\"><\/script><br \/>\n<\/p>\n<div id=\"wtr-content\" data-bg=\"#FFFFFF\" data-fg=\"#006d91\" data-width=\"25\" data-mute=\"1\" data-fgopacity=\"1.00\" data-mutedopacity=\"0.5\" data-placement=\"bottom\" data-placement-offset=\"0\" data-content-offset=\"262\" data-placement-touch=\"bottom\" data-placement-offset-touch=\"0\" data-transparent=\"\" data-shadow=\"0\" data-touch=\"1\" data-non-touch=\"1\" data-comments=\"0\" data-commentsbg=\"transparent\" data-location=\"page\" data-mutedfg=\"#006d91\" data-endfg=\"#006d91\" data-rtl=\"\">\n<pre class=\"wp-block-preformatted has-small-font-size\">Foto - X\/Chris Jackson<\/pre>\n<p>As elites democratas est\u00e3o sendo acusadas de \u201catropelar a democracia\u201d ao for\u00e7ar o presidente Biden a encerrar sua campanha na \u00faltima hora como parte de um sinistro plano para substituir o comandante-chefe octogen\u00e1rio pelo vice-presidente Kamala Harris sem a aprova\u00e7\u00e3o dos eleitores.<\/p>\n<p>Depois que os democratas lan\u00e7aram uma s\u00fabita campanha de press\u00e3o para derrubar Biden, de 81 anos, ap\u00f3s seu desastroso desempenho no debate contra o ex-presidente Donald Trump, a lideran\u00e7a republicana da C\u00e2mara criticou influentes esquerdistas por sabotarem o processo democr\u00e1tico para eleger sua companheira de chapa, d\u00e9cadas mais jovem.<\/p>\n<\/div>\n<p><br \/>\n<br \/><a href=\"https:\/\/paulofigueiredoshow.com\/elites-democratas-estao-sendo-acusadas-de-atropelar-a-democracia-para-derrubar-biden-e-nomear-kamala-harris-invalidaram-os-votos\/\">Source link <\/a><\/p>","protected":false},"excerpt":{"rendered":"<p>Foto &#8211; X\/Chris Jackson As elites democratas est\u00e3o sendo acusadas de \u201catropelar a democracia\u201d ao for\u00e7ar o presidente Biden a encerrar sua campanha na \u00faltima hora como parte de um&hellip;<\/p>","protected":false},"author":1,"featured_media":7929,"comment_status":"closed","ping_status":"open","sticky":false,"template":"","format":"standard","meta":{"content-type":"","footnotes":""},"categories":[16],"tags":[],"class_list":["post-7928","post","type-post","status-publish","format-standard","has-post-thumbnail","hentry","category-noticias"],"_links":{"self":[{"href":"https:\/\/tvbrazilusa.com\/pt\/wp-json\/wp\/v2\/posts\/7928","targetHints":{"allow":["GET"]}}],"collection":[{"href":"https:\/\/tvbrazilusa.com\/pt\/wp-json\/wp\/v2\/posts"}],"about":[{"href":"https:\/\/tvbrazilusa.com\/pt\/wp-json\/wp\/v2\/types\/post"}],"author":[{"embeddable":true,"href":"https:\/\/tvbrazilusa.com\/pt\/wp-json\/wp\/v2\/users\/1"}],"replies":[{"embeddable":true,"href":"https:\/\/tvbrazilusa.com\/pt\/wp-json\/wp\/v2\/comments?post=7928"}],"version-history":[{"count":1,"href":"https:\/\/tvbrazilusa.com\/pt\/wp-json\/wp\/v2\/posts\/7928\/revisions"}],"predecessor-version":[{"id":7930,"href":"https:\/\/tvbrazilusa.com\/pt\/wp-json\/wp\/v2\/posts\/7928\/revisions\/7930"}],"wp:featuredmedia":[{"embeddable":true,"href":"https:\/\/tvbrazilusa.com\/pt\/wp-json\/wp\/v2\/media\/7929"}],"wp:attachment":[{"href":"https:\/\/tvbrazilusa.com\/pt\/wp-json\/wp\/v2\/media?parent=7928"}],"wp:term":[{"taxonomy":"category","embeddable":true,"href":"https:\/\/tvbrazilusa.com\/pt\/wp-json\/wp\/v2\/categories?post=7928"},{"taxonomy":"post_tag","embeddable":true,"href":"https:\/\/tvbrazilusa.com\/pt\/wp-json\/wp\/v2\/tags?post=7928"}],"curies":[{"name":"wp","href":"https:\/\/api.w.org\/{rel}","templated":true}]}}