{"id":7931,"date":"2024-07-24T20:46:12","date_gmt":"2024-07-24T20:46:12","guid":{"rendered":"https:\/\/tvbrazilusa.com\/2024\/07\/24\/promotor-diz-que-o-homem-de-nova-jersey-que-esfaqueou-o-autor-salman-rushdie-estava-tentando-cumprir-uma-fatwa\/"},"modified":"2024-07-24T20:59:10","modified_gmt":"2024-07-24T20:59:10","slug":"promotor-diz-que-o-homem-de-nova-jersey-que-esfaqueou-o-autor-salman-rushdie-estava-tentando-cumprir-uma-fatwa","status":"publish","type":"post","link":"https:\/\/tvbrazilusa.com\/pt\/2024\/07\/24\/promotor-diz-que-o-homem-de-nova-jersey-que-esfaqueou-o-autor-salman-rushdie-estava-tentando-cumprir-uma-fatwa\/","title":{"rendered":"Promotor diz que o homem de Nova Jersey que esfaqueou o autor Salman Rushdie estava tentando cumprir uma fatwa"},"content":{"rendered":"<script async src=\"https:\/\/pagead2.googlesyndication.com\/pagead\/js\/adsbygoogle.js?client=ca-pub-8864793242727901\"\r\n     crossorigin=\"anonymous\"><\/script>\n<div id=\"\">\n<p class=\"dist__Box-sc-1fnzlkn-0 dist__TextBase-sc-1fnzlkn-3 CGHCP htMUPQ article-text\"><strong>B\u00daFALO, NY<\/strong> \u2013 Um homem que feriu gravemente o autor Salman Rushdie em um <a href=\"https:\/\/apnews.com\/article\/salman-rushdie-attacked-9eae99aea82cb0d39628851ecd42227a\">ataque de faca fren\u00e9tico<\/a> no oeste de Nova York foi motivado pelo endosso de um l\u00edder do Hezbollah a uma fatwa pedindo a morte de Rushdie, disseram promotores na quarta-feira ao anunciar novas acusa\u00e7\u00f5es de terrorismo. <\/p>\n<p class=\"dist__Box-sc-1fnzlkn-0 dist__TextBase-sc-1fnzlkn-3 CGHCP htMUPQ article-text\">A acusa\u00e7\u00e3o de tr\u00eas acusa\u00e7\u00f5es revelada no Tribunal Distrital dos EUA em Buffalo ofereceu pela primeira vez um motivo potencial para o ataque de 2022 ao autor de \u201cThe Satanic Verses\u201d.<\/p>\n<p class=\"dist__Box-sc-1fnzlkn-0 dist__TextBase-sc-1fnzlkn-3 CGHCP htMUPQ article-text\">Hadi Matar, um cidad\u00e3o americano de Nova Jersey, estava tentando executar uma fatwa, disse o procurador-geral assistente Charles Kruly. De acordo com o promotor, Matar acreditava que o chamado pela morte de Rushdie, emitido pela primeira vez em 1989, foi apoiado pelo grupo militante liban\u00eas Hezbollah e endossado em um discurso de 2006 pelo secret\u00e1rio-geral do grupo, Hassan Nasrallah.<\/p>\n<p class=\"dist__Box-sc-1fnzlkn-0 dist__TextBase-sc-1fnzlkn-3 CGHCP htMUPQ article-text\">&#8220;Alegamos que ao tentar assassinar Salman Rushdie em Nova York em 2022, Hadi Matar cometeu um ato de terrorismo em nome do Hezbollah, uma organiza\u00e7\u00e3o terrorista designada alinhada ao regime iraniano&#8221;, disse o procurador-geral Merrick Garland em um comunicado \u00e0 imprensa. &#8220;O Departamento de Justi\u00e7a processar\u00e1 aqueles que perpetrarem viol\u00eancia em nome de grupos terroristas e minar as liberdades b\u00e1sicas consagradas em nossa Constitui\u00e7\u00e3o.&#8221;<\/p>\n<p class=\"dist__Box-sc-1fnzlkn-0 dist__TextBase-sc-1fnzlkn-3 CGHCP htMUPQ article-text\">Matar, que enfrenta acusa\u00e7\u00f5es estaduais separadas de tentativa de homic\u00eddio e agress\u00e3o, se declarou inocente das novas acusa\u00e7\u00f5es federais de terrorismo que transcende fronteiras nacionais, fornecimento de apoio material a terroristas e tentativa de fornecer apoio material a uma organiza\u00e7\u00e3o terrorista.<\/p>\n<p class=\"dist__Box-sc-1fnzlkn-0 dist__TextBase-sc-1fnzlkn-3 CGHCP htMUPQ article-text\">\u201cA investiga\u00e7\u00e3o foi longa, pelos \u00faltimos dois anos, e tenho certeza de que envolveu v\u00e1rias ag\u00eancias diferentes, v\u00e1rios pa\u00edses diferentes e v\u00e1rios indiv\u00edduos\u201d, disse o advogado de Matar, Nathaniel Barone, ap\u00f3s a acusa\u00e7\u00e3o. Ele disse que o caso federal ser\u00e1 muito mais complexo do que as acusa\u00e7\u00f5es estaduais, que se concentram amplamente na agress\u00e3o a Rushdie enquanto ele estava no palco e prestes a dar uma palestra na Chautauqua Institution em agosto de 2022.<\/p>\n<p class=\"dist__Box-sc-1fnzlkn-0 dist__TextBase-sc-1fnzlkn-3 CGHCP htMUPQ article-text\">\u201cFederalmente, estamos olhando mais para conspira\u00e7\u00f5es\u201d, disse o advogado.<\/p>\n<p class=\"dist__Box-sc-1fnzlkn-0 dist__TextBase-sc-1fnzlkn-3 CGHCP htMUPQ article-text\">Matar, disse ele, \u201cplaneja prosseguir com uma defesa vigorosa e manter sua inoc\u00eancia\u201d. <\/p>\n<p class=\"dist__Box-sc-1fnzlkn-0 dist__TextBase-sc-1fnzlkn-3 CGHCP htMUPQ article-text\">Matar, 26, est\u00e1 detido sem fian\u00e7a desde o ataque, durante o qual ele esfaqueou Rushdie mais de uma d\u00fazia de vezes diante de uma plateia atordoada de cerca de 1.500 pessoas. Ferimentos de faca cegaram Rushdie de um olho. O moderador do evento, Henry Reese, tamb\u00e9m foi ferido antes que espectadores subjugassem o agressor.<\/p>\n<p class=\"dist__Box-sc-1fnzlkn-0 dist__TextBase-sc-1fnzlkn-3 CGHCP htMUPQ article-text\">\u201cEste r\u00e9u investiu tempo e esfor\u00e7o viajando para o distrito oeste de Nova York com a inten\u00e7\u00e3o de tirar a vida de outra pessoa\u201d, disse a procuradora dos EUA Trini Ross. \u201cSomente por causa dos esfor\u00e7os corajosos daqueles que estavam presentes naquele dia, o r\u00e9u foi impedido de completar sua inten\u00e7\u00e3o assassina.\u201d<\/p>\n<p class=\"dist__Box-sc-1fnzlkn-0 dist__TextBase-sc-1fnzlkn-3 CGHCP htMUPQ article-text\">Rushdie <a href=\"https:\/\/apnews.com\/article\/salman-rushdie-interview-stabbing-memoir-knife-4ebe9b936320fa1d6769c76b97325c6f\">detalhou o ataque<\/a> e sua longa e dolorosa recupera\u00e7\u00e3o em <a href=\"https:\/\/apnews.com\/article\/salman-rushdie-knife-memoir-732ebac087e5e0a4fc736373286b3085\">um livro de mem\u00f3rias<\/a> publicado em abril.<\/p>\n<p class=\"dist__Box-sc-1fnzlkn-0 dist__TextBase-sc-1fnzlkn-3 CGHCP htMUPQ article-text\">As acusa\u00e7\u00f5es federais foram feitas contra Matar no in\u00edcio deste m\u00eas <a href=\"https:\/\/apnews.com\/article\/salman-rushdie-attack-plea-deal-fa84f49a5bf8b7495e87699f621ba03e\">rejeitou uma oferta<\/a> pelos promotores estaduais para recomendar uma pena de pris\u00e3o mais curta se ele concordasse em se declarar culpado tanto das acusa\u00e7\u00f5es estaduais quanto das federais previstas. Em vez disso, ambos os casos agora seguir\u00e3o para julgamento separadamente. A sele\u00e7\u00e3o do j\u00fari no caso estadual est\u00e1 marcada para 15 de outubro.<\/p>\n<p class=\"dist__Box-sc-1fnzlkn-0 dist__TextBase-sc-1fnzlkn-3 CGHCP htMUPQ article-text\">Uma audi\u00eancia de deten\u00e7\u00e3o no caso federal est\u00e1 marcada para 7 de agosto.<\/p>\n<p class=\"dist__Box-sc-1fnzlkn-0 dist__TextBase-sc-1fnzlkn-3 CGHCP htMUPQ article-text\">O autor passou anos escondido ap\u00f3s o <a href=\"https:\/\/apnews.com\/article\/iran-salman-rushdie-reaction-e9bc5f6841e667cf36506a78496aa3dc\">O aiatol\u00e1 Khomeini do Ir\u00e3 emitiu uma fatwa<\/a> em 1989 pedindo a morte de Rushdie por seu romance \u201cThe Satanic Verses.\u201d Khomeini considerou o livro blasfemo. Rushdie ressurgiu ao p\u00fablico no final dos anos 1990.<\/p>\n<p class=\"dist__Box-sc-1fnzlkn-0 dist__TextBase-sc-1fnzlkn-3 CGHCP htMUPQ article-text\">Matar nasceu nos EUA, mas tem dupla cidadania no L\u00edbano, onde seus pais nasceram. Ele morava em Fairview, Nova Jersey, antes do ataque. Sua m\u00e3e disse que seu filho se tornou retra\u00eddo e mal-humorado depois que visitou seu pai no L\u00edbano em 2018.<\/p>\n<p class=\"dist__Box-sc-1fnzlkn-0 dist__TextBase-sc-1fnzlkn-3 CGHCP htMUPQ article-text\">O ataque levantou quest\u00f5es sobre se Rushdie havia recebido prote\u00e7\u00e3o de seguran\u00e7a adequada, j\u00e1 que ele ainda \u00e9 alvo de amea\u00e7as de morte. Um policial estadual e um delegado do xerife do condado foram designados para a palestra. Em 1991, um tradutor japon\u00eas de \u201cThe Satanic Verses\u201d foi esfaqueado at\u00e9 a morte. Um tradutor italiano sobreviveu a um ataque de faca no mesmo ano. Em 1993, o editor noruegu\u00eas do livro foi baleado tr\u00eas vezes, mas sobreviveu.<\/p>\n<p class=\"dist__Box-sc-1fnzlkn-0 dist__TextBase-sc-1fnzlkn-3 CGHCP htMUPQ article-text\">A investiga\u00e7\u00e3o sobre o esfaqueamento de Rushdie se concentrou, em parte, em saber se Matar estava agindo sozinho ou em conjunto com grupos militantes ou religiosos.<\/p>\n<\/div>\n<p>Copyright 2024 The Associated Press. Todos os direitos reservados. Este material n\u00e3o pode ser publicado, transmitido, reescrito ou redistribu\u00eddo sem permiss\u00e3o.<\/p>\n<p><br \/>\n<br \/><a href=\"https:\/\/www.clickorlando.com\/news\/national\/2024\/07\/24\/man-who-attacked-author-salman-rushdie-charged-with-supporting-terrorist-group\/\">Source link <\/a><\/p>","protected":false},"excerpt":{"rendered":"<p>B\u00daFALO, NY \u2013 Um homem que feriu gravemente o autor Salman Rushdie em um ataque de faca fren\u00e9tico no oeste de Nova York foi motivado pelo endosso de um l\u00edder&hellip;<\/p>","protected":false},"author":1,"featured_media":7932,"comment_status":"closed","ping_status":"open","sticky":false,"template":"","format":"standard","meta":{"content-type":"","footnotes":""},"categories":[1],"tags":[1411,1652],"class_list":["post-7931","post","type-post","status-publish","format-standard","has-post-thumbnail","hentry","category-uncategorized","tag-noticias-dos-eua","tag-salman-rushdie"],"_links":{"self":[{"href":"https:\/\/tvbrazilusa.com\/pt\/wp-json\/wp\/v2\/posts\/7931","targetHints":{"allow":["GET"]}}],"collection":[{"href":"https:\/\/tvbrazilusa.com\/pt\/wp-json\/wp\/v2\/posts"}],"about":[{"href":"https:\/\/tvbrazilusa.com\/pt\/wp-json\/wp\/v2\/types\/post"}],"author":[{"embeddable":true,"href":"https:\/\/tvbrazilusa.com\/pt\/wp-json\/wp\/v2\/users\/1"}],"replies":[{"embeddable":true,"href":"https:\/\/tvbrazilusa.com\/pt\/wp-json\/wp\/v2\/comments?post=7931"}],"version-history":[{"count":1,"href":"https:\/\/tvbrazilusa.com\/pt\/wp-json\/wp\/v2\/posts\/7931\/revisions"}],"predecessor-version":[{"id":7933,"href":"https:\/\/tvbrazilusa.com\/pt\/wp-json\/wp\/v2\/posts\/7931\/revisions\/7933"}],"wp:featuredmedia":[{"embeddable":true,"href":"https:\/\/tvbrazilusa.com\/pt\/wp-json\/wp\/v2\/media\/7932"}],"wp:attachment":[{"href":"https:\/\/tvbrazilusa.com\/pt\/wp-json\/wp\/v2\/media?parent=7931"}],"wp:term":[{"taxonomy":"category","embeddable":true,"href":"https:\/\/tvbrazilusa.com\/pt\/wp-json\/wp\/v2\/categories?post=7931"},{"taxonomy":"post_tag","embeddable":true,"href":"https:\/\/tvbrazilusa.com\/pt\/wp-json\/wp\/v2\/tags?post=7931"}],"curies":[{"name":"wp","href":"https:\/\/api.w.org\/{rel}","templated":true}]}}