{"id":79321,"date":"2024-12-19T20:26:11","date_gmt":"2024-12-19T20:26:11","guid":{"rendered":"https:\/\/tvbrazilusa.com\/2024\/12\/19\/corpo-de-menino-que-sumiu-apos-sair-para-andar-de-bicicleta-e-encontrado\/"},"modified":"2024-12-19T20:26:12","modified_gmt":"2024-12-19T20:26:12","slug":"corpo-de-menino-que-sumiu-apos-sair-para-andar-de-bicicleta-e-encontrado","status":"publish","type":"post","link":"https:\/\/tvbrazilusa.com\/pt\/2024\/12\/19\/corpo-de-menino-que-sumiu-apos-sair-para-andar-de-bicicleta-e-encontrado\/","title":{"rendered":"Corpo de menino que sumiu ap\u00f3s sair para andar de bicicleta \u00e9 encontrado"},"content":{"rendered":"<p> <script async src=\"https:\/\/pagead2.googlesyndication.com\/pagead\/js\/adsbygoogle.js?client=ca-pub-8864793242727901\"\r\n     crossorigin=\"anonymous\"><\/script><br \/>\n<\/p>\n<div id=\"taboola-read-more\" style=\"display:block; width:100%\">\n<p>O corpo de Mateus Bernardo Valim de Oliveira, de 10 anos, desaparecido desde o dia 11 de dezembro, foi encontrado na tarde desta ter\u00e7a-feira (17), pela Pol\u00edcia Civil, em um lago em uma \u00e1rea de mata atr\u00e1s de um clube em Assis (SP). Tamb\u00e9m na tarde desta ter\u00e7a-feira, um homem de 46 anos, vizinho da v\u00edtima foi preso como principal suspeito do crime.\n<\/p>\n<p>Segundo apurado pelo g1, na segunda-feira (16), a pol\u00edcia teve acesso a imagens de c\u00e2meras de seguran\u00e7a que mostram Mateus, no dia em que desapareceu, junto com um homem na regi\u00e3o onde o corpo foi encontrado. O menino havia sa\u00eddo de casa, na Rua Andr\u00e9 Perini, no bairro Vila Gl\u00f3ria, para andar de bicicleta e n\u00e3o retornou.<\/p>\n<p>Junto de outras sete pessoas, o vizinho da v\u00edtima prestou depoimento \u00e0 pol\u00edcia na manh\u00e3 desta ter\u00e7a-feira (17) e apresentou vers\u00f5es contradit\u00f3rias. Com a ajuda de c\u00e3es farejadores, a Pol\u00edcia Civil encontrou o corpo do garoto esquartejado em uma \u00e1rea de mata.\n<\/p>\n<p>O homem foi liberado ap\u00f3s prestar depoimento, mas acabou preso em casa como principal suspeito do crime ap\u00f3s a localiza\u00e7\u00e3o do corpo. Ele foi encaminhado para o Departamento de Pol\u00edcia de Assis, onde segue preso.\n<\/p>\n<p>A Pol\u00edcia Militar, com apoio do helic\u00f3ptero \u00c1guia e c\u00e3es farejadores, esteve envolvida nas buscas, mas o corpo foi localizado apenas ap\u00f3s seis dias de investiga\u00e7\u00f5es.\n<\/p>\n<p>O corpo do menino foi encaminhado ao Instituto M\u00e9dico Legal (IML) de Assis para exame necrosc\u00f3pico e o caso segue investigado.\n<\/p>\n<p>Fonte: G1              <\/p>\n<\/div>\n<p><br \/>\n<br \/><a href=\"https:\/\/diariodobrasilnoticias.com.br\/noticia\/corpo-de-menino-que-sumiu-apos-sair-para-andar-de-bicicleta-e-encontrado-676462fbec36b\">Source link <\/a><\/p>","protected":false},"excerpt":{"rendered":"<p>O corpo de Mateus Bernardo Valim de Oliveira, de 10 anos, desaparecido desde o dia 11 de dezembro, foi encontrado na tarde desta ter\u00e7a-feira (17), pela Pol\u00edcia Civil, em um&hellip;<\/p>","protected":false},"author":1,"featured_media":79322,"comment_status":"closed","ping_status":"open","sticky":false,"template":"","format":"standard","meta":{"content-type":"","footnotes":""},"categories":[16],"tags":[123,2448,5313,1267],"class_list":["post-79321","post","type-post","status-publish","format-standard","has-post-thumbnail","hentry","category-noticias","tag-brasil","tag-diario","tag-noticia","tag-noticias"],"_links":{"self":[{"href":"https:\/\/tvbrazilusa.com\/pt\/wp-json\/wp\/v2\/posts\/79321","targetHints":{"allow":["GET"]}}],"collection":[{"href":"https:\/\/tvbrazilusa.com\/pt\/wp-json\/wp\/v2\/posts"}],"about":[{"href":"https:\/\/tvbrazilusa.com\/pt\/wp-json\/wp\/v2\/types\/post"}],"author":[{"embeddable":true,"href":"https:\/\/tvbrazilusa.com\/pt\/wp-json\/wp\/v2\/users\/1"}],"replies":[{"embeddable":true,"href":"https:\/\/tvbrazilusa.com\/pt\/wp-json\/wp\/v2\/comments?post=79321"}],"version-history":[{"count":1,"href":"https:\/\/tvbrazilusa.com\/pt\/wp-json\/wp\/v2\/posts\/79321\/revisions"}],"predecessor-version":[{"id":79323,"href":"https:\/\/tvbrazilusa.com\/pt\/wp-json\/wp\/v2\/posts\/79321\/revisions\/79323"}],"wp:featuredmedia":[{"embeddable":true,"href":"https:\/\/tvbrazilusa.com\/pt\/wp-json\/wp\/v2\/media\/79322"}],"wp:attachment":[{"href":"https:\/\/tvbrazilusa.com\/pt\/wp-json\/wp\/v2\/media?parent=79321"}],"wp:term":[{"taxonomy":"category","embeddable":true,"href":"https:\/\/tvbrazilusa.com\/pt\/wp-json\/wp\/v2\/categories?post=79321"},{"taxonomy":"post_tag","embeddable":true,"href":"https:\/\/tvbrazilusa.com\/pt\/wp-json\/wp\/v2\/tags?post=79321"}],"curies":[{"name":"wp","href":"https:\/\/api.w.org\/{rel}","templated":true}]}}