{"id":79348,"date":"2024-12-19T21:04:15","date_gmt":"2024-12-19T21:04:15","guid":{"rendered":"https:\/\/tvbrazilusa.com\/2024\/12\/19\/gusttavo-lima-esclarece-sua-posicao-politica-a-direita-afirmando-meu-melhor-amigo-e-petista\/"},"modified":"2024-12-19T21:04:16","modified_gmt":"2024-12-19T21:04:16","slug":"gusttavo-lima-esclarece-sua-posicao-politica-a-direita-afirmando-meu-melhor-amigo-e-petista","status":"publish","type":"post","link":"https:\/\/tvbrazilusa.com\/pt\/2024\/12\/19\/gusttavo-lima-esclarece-sua-posicao-politica-a-direita-afirmando-meu-melhor-amigo-e-petista\/","title":{"rendered":"Gusttavo Lima esclarece sua posi\u00e7\u00e3o pol\u00edtica \u00e0 direita, afirmando: &#8216;Meu melhor amigo \u00e9 petista&#8217;"},"content":{"rendered":"<p> <script async src=\"https:\/\/pagead2.googlesyndication.com\/pagead\/js\/adsbygoogle.js?client=ca-pub-8864793242727901\"\r\n     crossorigin=\"anonymous\"><\/script><br \/>\n<\/p>\n<div id=\"taboola-read-more\" style=\"display:block; width:100%\">\n<p>Com um posicionamento pol\u00edtico firme, Gusttavo Lima n\u00e3o esconde dos f\u00e3s e admiradores ser de direita. Apesar de j\u00e1 ter at\u00e9 mesmo ajudado na campanha de Jair Bolsonaro (PL), o artista frisou n\u00e3o se declarar extremista, j\u00e1 que tem in\u00fameros amigos de esquerda e f\u00e3s de Luiz In\u00e1cio Lula da Silva (PT).\n<\/p>\n<p>Em entrevista ao podcast de Jorge Kajuru, o sertanejo se explicou em meio \u00e0s cr\u00edticas que recebe frequentemente: &#8220;N\u00e3o \u00e9 que eu sou de direita extremista, espera a\u00ed, s\u00e3o valores que meu pai e minha m\u00e3e me ensinaram, eu n\u00e3o vou mudar isso. Eu n\u00e3o vou vender isso, mas eu sei viver cordialmente com todo mundo, eu me dou bem com todo mundo, eu respeito todo mundo, todas as classes&#8221;, iniciou.<\/p>\n<p>&#8220;Eu sou uma pessoa que vim do nada e sei quanto a vida \u00e9 dura, e \u00e9 dura pra todo mundo. Eu sei quanto a vida foi cruel pra mim. E a gente tem que respeitar todo mundo e torcer para que as coisas deem certo pra todo mundo. Infelizmente o Brasil t\u00e1 virando isso, um campo de guerra&#8221;, continuou Gusttavo Lima.\n<\/p>\n<p>Gusttavo Lima sobre amizade com petistas<br \/>Por fim, o sertanejo deixou claro n\u00e3o misturar seu posicionamento pol\u00edtico com as amizades que mant\u00e9m. Apesar de ser de direita, ele destacou possuir in\u00fameros amigos esquerdistas e publicamente posicionados como petistas, assim como outros que j\u00e1 trabalham como deputados ou vereadores.\n<\/p>\n<p>&#8220;&#8216;Ah, o Gusttavo Lima virou amigo de pol\u00edtico&#8217;, n\u00e3o, a gente vai conhecendo as pessoas. A quantidade de amigos que eu tenho no PT, \u00e9 impressionante. Meu melhor amigo \u00e9 petista. Eu chego na casa dele, tem um bon\u00e9 do Lula autografado, e t\u00e1 tudo bem&#8221;, cravou o cantor.\n<\/p>\n<p>Gusttavo Lima mudou o visual<br \/>Gusttavo Lima, aos 35 anos, decidiu renovar o visual que marcou sua carreira nos \u00faltimos anos. O sertanejo deixou de lado a tradicional barba e adotou um bigode avantajado, atraindo os olhares com a transforma\u00e7\u00e3o. O respons\u00e1vel pelo novo visual, Edson Oliveira, barbeiro oficial do cantor, compartilhou o processo em um v\u00eddeo que rapidamente conquistou os f\u00e3s.\n<\/p>\n<p>No v\u00eddeo, Edson explicou que a mudan\u00e7a foi planejada para harmonizar melhor com o corte de cabelo atual do famoso, que agora exibe fios mais longos e despojados. Segundo o barbeiro, a ideia era trazer frescor ao visual do cantor, preservando sua identidade marcante, mas com um toque de novidade.\n<\/p>\n<p>Fonte: Reda\u00e7\u00e3o Terra              <\/p>\n<\/div>\n<p><br \/>\n<br \/><a href=\"https:\/\/diariodobrasilnoticias.com.br\/noticia\/gusttavo-lima-esclarece-sua-posicao-politica-a-direita-afirmando-meu-melhor-amigo-e-petista-676464912139e\">Source link <\/a><\/p>","protected":false},"excerpt":{"rendered":"<p>Com um posicionamento pol\u00edtico firme, Gusttavo Lima n\u00e3o esconde dos f\u00e3s e admiradores ser de direita. Apesar de j\u00e1 ter at\u00e9 mesmo ajudado na campanha de Jair Bolsonaro (PL), o&hellip;<\/p>","protected":false},"author":1,"featured_media":79349,"comment_status":"closed","ping_status":"open","sticky":false,"template":"","format":"standard","meta":{"content-type":"","footnotes":""},"categories":[16],"tags":[123,2448,5313,1267],"class_list":["post-79348","post","type-post","status-publish","format-standard","has-post-thumbnail","hentry","category-noticias","tag-brasil","tag-diario","tag-noticia","tag-noticias"],"_links":{"self":[{"href":"https:\/\/tvbrazilusa.com\/pt\/wp-json\/wp\/v2\/posts\/79348","targetHints":{"allow":["GET"]}}],"collection":[{"href":"https:\/\/tvbrazilusa.com\/pt\/wp-json\/wp\/v2\/posts"}],"about":[{"href":"https:\/\/tvbrazilusa.com\/pt\/wp-json\/wp\/v2\/types\/post"}],"author":[{"embeddable":true,"href":"https:\/\/tvbrazilusa.com\/pt\/wp-json\/wp\/v2\/users\/1"}],"replies":[{"embeddable":true,"href":"https:\/\/tvbrazilusa.com\/pt\/wp-json\/wp\/v2\/comments?post=79348"}],"version-history":[{"count":1,"href":"https:\/\/tvbrazilusa.com\/pt\/wp-json\/wp\/v2\/posts\/79348\/revisions"}],"predecessor-version":[{"id":79350,"href":"https:\/\/tvbrazilusa.com\/pt\/wp-json\/wp\/v2\/posts\/79348\/revisions\/79350"}],"wp:featuredmedia":[{"embeddable":true,"href":"https:\/\/tvbrazilusa.com\/pt\/wp-json\/wp\/v2\/media\/79349"}],"wp:attachment":[{"href":"https:\/\/tvbrazilusa.com\/pt\/wp-json\/wp\/v2\/media?parent=79348"}],"wp:term":[{"taxonomy":"category","embeddable":true,"href":"https:\/\/tvbrazilusa.com\/pt\/wp-json\/wp\/v2\/categories?post=79348"},{"taxonomy":"post_tag","embeddable":true,"href":"https:\/\/tvbrazilusa.com\/pt\/wp-json\/wp\/v2\/tags?post=79348"}],"curies":[{"name":"wp","href":"https:\/\/api.w.org\/{rel}","templated":true}]}}