{"id":79531,"date":"2024-12-20T00:59:44","date_gmt":"2024-12-20T00:59:44","guid":{"rendered":"https:\/\/tvbrazilusa.com\/2024\/12\/20\/malafaia-critica-a-prisao-de-braga-netto-e-diz-a-moraes-sua-hora-vai-chegar\/"},"modified":"2024-12-20T00:59:46","modified_gmt":"2024-12-20T00:59:46","slug":"malafaia-critica-a-prisao-de-braga-netto-e-diz-a-moraes-sua-hora-vai-chegar","status":"publish","type":"post","link":"https:\/\/tvbrazilusa.com\/pt\/2024\/12\/20\/malafaia-critica-a-prisao-de-braga-netto-e-diz-a-moraes-sua-hora-vai-chegar\/","title":{"rendered":"Malafaia critica a pris\u00e3o de Braga Netto e diz a Moraes: &#8216;Sua hora vai chegar&#8217;"},"content":{"rendered":"<p> <script async src=\"https:\/\/pagead2.googlesyndication.com\/pagead\/js\/adsbygoogle.js?client=ca-pub-8864793242727901\"\r\n     crossorigin=\"anonymous\"><\/script><br \/>\n<\/p>\n<div id=\"taboola-read-more\" style=\"display:block; width:100%\">\n<p>O pastor Silas Malafaia criticou a pris\u00e3o preventiva de Walter Braga Netto, detido por obstru\u00e7\u00e3o de justi\u00e7a desde o s\u00e1bado, 14. Para o pastor, o mandado de pris\u00e3o, autorizado pelo ministro Alexandre de Moraes, do Supremo Tribunal Federal (STF), \u201c\u00e9 ilegal, imoral e atenta contra as leis\u201d.\n<\/p>\n<p>\u201cAlexandre de Moraes, sua hora vai chegar. N\u00e3o sei quanto tempo vai levar, mas vai chegar. Ou pelo poder do supremo poder de uma na\u00e7\u00e3o que \u00e9 o povo ou pelo poder do supremo juiz que \u00e9 Deus\u201d, disse o pastor em v\u00eddeo publicado nesta segunda-feira, 16, em seus perfis oficiais, chamando o magistrado de \u201cditador da toga\u201d. \u201cQuem vai parar esse ditador?\u201d, declarou o pastor.<\/p>\n<p>Apontado pela PF como pe\u00e7a central no suposto plano golpista, Braga Netto foi preso sob acusa\u00e7\u00e3o de dificultar o andamento das investiga\u00e7\u00f5es. \u201cA Pol\u00edcia Federal apontou que o novo depoimento prestado por Mauro C\u00e9sar Barbosa Cid apresentou elementos que permitem caracterizar a exist\u00eancia de conduta dolosa de Walter Souza Braga Netto no sentido de impedir ou embara\u00e7ar as investiga\u00e7\u00f5es em curso\u201d, escreveu Moraes no documento que autorizou o mandado de pris\u00e3o preventiva.\n<\/p>\n<p>Para a Pol\u00edcia Federal, Braga Netto, que foi candidato a vice na chapa de Jair Bolsonaro (PL) \u00e0 reelei\u00e7\u00e3o, n\u00e3o apenas conhecia o plano de execu\u00e7\u00f5es de autoridades, conhecido como \u201cPunhal Verde e Amarelo\u201d, como financiou os agentes que executariam a opera\u00e7\u00e3o. Al\u00e9m de candidato a vice-presidente em 2022, Braga Netto ocupou posi\u00e7\u00f5es de destaque no governo Bolsonaro, como as pastas de Defesa e de Casa Civil.\n<\/p>\n<p>Segundo Silas Malafaia, Moraes n\u00e3o poderia ter embasado a pris\u00e3o preventiva de Braga Netto em material colhido por dela\u00e7\u00e3o premiada, como a de Mauro Cid, tenente-coronel e ex-ajudante de ordens de Bolsonaro.\n<\/p>\n<p>Braga Netto est\u00e1 detido na 1\u00aa Divis\u00e3o do Ex\u00e9rcito, na Vila Militar, zona oeste do Rio de Janeiro. O general de quatro estrelas est\u00e1 preso no quarto do chefe do Estado Maior, um c\u00f4modo que conta com ar-condicionado, geladeira, arm\u00e1rio, aparelho de televis\u00e3o e um banheiro exclusivo.\n<\/p>\n<p>Fonte: Isto\u00c9              <\/p>\n<\/div>\n<p><br \/>\n<br \/><a href=\"https:\/\/diariodobrasilnoticias.com.br\/noticia\/malafaia-critica-a-prisao-de-braga-netto-e-diz-a-moraes-sua-hora-vai-chegar-67649d2987ac6\">Source link <\/a><\/p>","protected":false},"excerpt":{"rendered":"<p>O pastor Silas Malafaia criticou a pris\u00e3o preventiva de Walter Braga Netto, detido por obstru\u00e7\u00e3o de justi\u00e7a desde o s\u00e1bado, 14. Para o pastor, o mandado de pris\u00e3o, autorizado pelo&hellip;<\/p>","protected":false},"author":1,"featured_media":79532,"comment_status":"closed","ping_status":"open","sticky":false,"template":"","format":"standard","meta":{"content-type":"","footnotes":""},"categories":[16],"tags":[123,2448,5313,1267],"class_list":["post-79531","post","type-post","status-publish","format-standard","has-post-thumbnail","hentry","category-noticias","tag-brasil","tag-diario","tag-noticia","tag-noticias"],"_links":{"self":[{"href":"https:\/\/tvbrazilusa.com\/pt\/wp-json\/wp\/v2\/posts\/79531","targetHints":{"allow":["GET"]}}],"collection":[{"href":"https:\/\/tvbrazilusa.com\/pt\/wp-json\/wp\/v2\/posts"}],"about":[{"href":"https:\/\/tvbrazilusa.com\/pt\/wp-json\/wp\/v2\/types\/post"}],"author":[{"embeddable":true,"href":"https:\/\/tvbrazilusa.com\/pt\/wp-json\/wp\/v2\/users\/1"}],"replies":[{"embeddable":true,"href":"https:\/\/tvbrazilusa.com\/pt\/wp-json\/wp\/v2\/comments?post=79531"}],"version-history":[{"count":1,"href":"https:\/\/tvbrazilusa.com\/pt\/wp-json\/wp\/v2\/posts\/79531\/revisions"}],"predecessor-version":[{"id":79533,"href":"https:\/\/tvbrazilusa.com\/pt\/wp-json\/wp\/v2\/posts\/79531\/revisions\/79533"}],"wp:featuredmedia":[{"embeddable":true,"href":"https:\/\/tvbrazilusa.com\/pt\/wp-json\/wp\/v2\/media\/79532"}],"wp:attachment":[{"href":"https:\/\/tvbrazilusa.com\/pt\/wp-json\/wp\/v2\/media?parent=79531"}],"wp:term":[{"taxonomy":"category","embeddable":true,"href":"https:\/\/tvbrazilusa.com\/pt\/wp-json\/wp\/v2\/categories?post=79531"},{"taxonomy":"post_tag","embeddable":true,"href":"https:\/\/tvbrazilusa.com\/pt\/wp-json\/wp\/v2\/tags?post=79531"}],"curies":[{"name":"wp","href":"https:\/\/api.w.org\/{rel}","templated":true}]}}