{"id":79537,"date":"2024-12-20T00:56:30","date_gmt":"2024-12-20T00:56:30","guid":{"rendered":"https:\/\/tvbrazilusa.com\/2024\/12\/20\/o-ex-armador-do-celtics-marcus-smart-admite-que-o-retorno-a-boston-foi-agridoce-por-esse-motivo\/"},"modified":"2024-12-20T01:04:55","modified_gmt":"2024-12-20T01:04:55","slug":"o-ex-armador-do-celtics-marcus-smart-admite-que-o-retorno-a-boston-foi-agridoce-por-esse-motivo","status":"publish","type":"post","link":"https:\/\/tvbrazilusa.com\/pt\/2024\/12\/20\/o-ex-armador-do-celtics-marcus-smart-admite-que-o-retorno-a-boston-foi-agridoce-por-esse-motivo\/","title":{"rendered":"O ex-armador do Celtics, Marcus Smart, admite que o retorno a Boston foi &#8216;agridoce&#8217; por esse motivo"},"content":{"rendered":"<p> <script async src=\"https:\/\/pagead2.googlesyndication.com\/pagead\/js\/adsbygoogle.js?client=ca-pub-8864793242727901\"\r\n     crossorigin=\"anonymous\"><\/script><br \/>\n<\/p>\n<div id=\"\">\n<header class=\"m-article-header m-article-header--standard\">\n\t\t\t\t\t\t\t\t\t\t\t\t<span id=\"article-header-primary-term\"><br \/>\n\t\t\t\t\t\t\t\t<a class=\"a-term a-term--primary\" href=\"https:\/\/www.boston.com\/tag\/boston-celtics\/\"><\/p>\n<p>\t\t\t\t\t\t\t\tCeltas\t\t\t\t\t\t\t\t<\/a><br \/>\n\t\t\t\t\t\t\t<\/span><\/p>\n<h2 class=\"m-article-header__sub-headline\">\u201c\u00c9 legal dizer que voc\u00ea construiu a base. Mas no final das contas, eles s\u00f3 v\u00e3o se lembrar de quem estava erguendo aquele trof\u00e9u.\u201d<\/h2>\n<figure class=\"a-photo m-article-header__photo\"><figcaption class=\"a-photo__caption\">\n<p>\tMarcus Smart e Jaylen Brown se reuniram no TD Garden em 7 de dezembro. <em>  (Foto AP\/Mark Stockwell)<\/em>\t<\/figcaption><\/figure>\n<\/header>\n<p>Havia poucas surpresas reservadas para o retorno de Marcus Smart ao piso de parquet no in\u00edcio deste m\u00eas.<\/p>\n<p>Mesmo que o guarda veterano n\u00e3o use mais a camisa do Celtics, ele<a target=\"_blank\" href=\"https:\/\/www.boston.com\/sports\/boston-celtics\/2024\/12\/07\/nba-celtics-grizzlies-marcus-smart-return-td-garden-standing-ovation\/\" rel=\"noreferrer noopener\"> recebeu v\u00e1rios aplausos da torcida do TD Garden<\/a> em seu primeiro jogo na carreira contra o Boston em 7 de dezembro. <\/p>\n<figure class=\"wp-block-embed is-type-rich is-provider-twitter wp-block-embed-twitter\"\/>\n<p>Smart se tornou uma figura querida ao longo de suas nove temporadas no Celtics devido ao seu esfor\u00e7o incans\u00e1vel e tenacidade em quadra. Apesar de seu longo mandato no Boston, Smart n\u00e3o fez parte do cobi\u00e7ado 18\u00ba campeonato do Celtics em junho, com a equipe negociando-o na entressafra anterior como parte de um acordo de grande sucesso envolvendo Kristaps Porzingis. <\/p>\n<p>Embora Smart tenha elogiado regularmente o Celtics e sua base de f\u00e3s, ele admitiu que seu retorno a Boston e a vis\u00e3o da nova bandeira do time hasteada acima do piso do TD Garden levaram a sentimentos contradit\u00f3rios. <\/p>\n<p>\u201cFoi tudo amor\u201d, disse Smart em entrevista ao <a target=\"_blank\" href=\"https:\/\/www.sportskeeda.com\/basketball\/news-marcus-smart-reveals-ja-morant-s-secret-taking-leap-year-bittersweet-reunion-celtics-exclusive\" rel=\"noreferrer noopener\">Mark Medina da Sportskeeda<\/a>. \u201cO amor e o respeito que \u00e9 demonstrado e dado de ambos os lados comigo, com os torcedores e com a cidade est\u00e3o sempre presentes. Eu era um garoto de 19 anos quando fui para Boston e sa\u00ed com 28 anos. <\/p>\n<p>\u201cEnt\u00e3o, eu definitivamente tenho um lugar em meu cora\u00e7\u00e3o para eles como aquele garoto e para eles me vendo crescer e coisas assim. Foi definitivamente uma sensa\u00e7\u00e3o agridoce.\u201d<\/p>\n<p>Embora Smart n\u00e3o fizesse parte do time do Celtics que finalmente venceu tudo em junho, v\u00e1rios de seus <a target=\"_blank\" href=\"https:\/\/www.youtube.com\/watch?v=clKz-0yFCLE\" rel=\"noreferrer noopener\">ex-t\u00e9cnicos e companheiros de equipe creditaram a ele<\/a> por definir o tom e a cultura que eventualmente levaram esta lista \u00e0 corrida pelo t\u00edtulo.<\/p>\n<p>Mas mesmo que Smart tenha deixado suas impress\u00f5es digitais no \u00faltimo t\u00edtulo do Boston, ele foi sincero sobre o fato de que essas contribui\u00e7\u00f5es n\u00e3o ser\u00e3o lembradas com tanto carinho quanto os triunfos reais que o Celtics de 2023-24 alcan\u00e7ou na p\u00f3s-temporada anterior.<\/p>\n<p>\u201c\u00c9 uma sensa\u00e7\u00e3o boa\u201d, disse Smart. \u201cMas no final das contas, quando eu terminar de jogar, esse reconhecimento n\u00e3o vai significar (palavr\u00e3o). Infelizmente, isso \u00e9 outra coisa agridoce. \u00c9 legal dizer que voc\u00ea construiu a base. Mas no final das contas, eles s\u00f3 v\u00e3o lembrar quem estava erguendo aquele trof\u00e9u.\u201d<\/p>\n<p>Smart e os Grizzlies deram ao Boston uma derrota por 127-121 durante aquele confronto no TD Garden no in\u00edcio deste m\u00eas, com Memphis e Boston marcados para se encontrarem novamente em 31 de mar\u00e7o. <\/p>\n<p>Mesmo que Smart n\u00e3o fizesse parte do time campe\u00e3o de Boston em 2024, o guarda de 30 anos tentar\u00e1 ajudar Memphis a orquestrar sua pr\u00f3pria luta pelo t\u00edtulo em 2025. Depois de lidar com v\u00e1rias les\u00f5es na temporada passada, Smart e os Grizzles est\u00e3o em segundo lugar no Western Confer\u00eancia com recorde de 18-9.<\/p>\n<div class=\"o-author-single has-avatar\">\n<header class=\"m-author-card\">\n<div class=\"a-image a-image--square m-author-card__image\">\n\t\t<img decoding=\"async\" class=\"\" src=\"https:\/\/www.boston.com\/wp-content\/uploads\/2023\/05\/Headshot_Conor-645c0406ed6cb-scaled.jpg\" alt=\"Imagem do perfil de Conor Ryan\"\/>\t<\/div>\n<\/header>\n<section class=\"author-info\">\n<div class=\"m-author__section\">\n<p>Conor Ryan \u00e9 redator da equipe que cobre Bruins, Celtics, Patriots e Red Sox para Boston.com, fun\u00e7\u00e3o que ocupa desde 2023.<\/p>\n<\/div>\n<\/section>\n<\/div>\n<div class=\"m-block m-generic-cta\t m-generic-cta--post-content\t m-generic-cta--dark\t m-generic-cta--homepage\t m-generic-cta--email-signup\t\t m-generic-cta-block-style--default \tt-amp__generic-cta\"><\/p>\n<div class=\"m-generic-cta__wrap\">\n<div class=\"m-generic-cta__content\">\n<h3 class=\"m-generic-cta__title\">Inscreva-se para receber atualiza\u00e7\u00f5es do Celtics\ud83c\udfc0<\/h3>\n<p class=\"m-generic-cta__subtitle\">Receba as \u00faltimas not\u00edcias e an\u00e1lises em sua caixa de entrada durante a temporada de basquete.<\/p>\n<\/p><\/div>\n<\/p><\/div>\n<\/div><\/div>\n<p><script>\n\t\tvar consent=\"grant\";\n\t\t\/* The above code is parsing the JSON data from the local storage and storing it in a variable. *\/\n\t\t\t\t\tconst onetrustStorageConsent = JSON.parse(localStorage.getItem( 'consent_one_trust_bdc' ) );\n\t\t\tif ( ( onetrustStorageConsent !== null ) ) {\n\t\t\t\t\/* Checking to see if the user has consented to the use of cookies.\n\t\t\t\t* If they have not, it is deleting the cookie.\n\t\t\t\t* This will comment for now, until further notice.\n\t\t\t\t*\/\n\t\t\t\t\/\/if ( onetrustStorageConsent.C0002 === false ) {\n\t\t\t\t\/\/\tdocument.cookie=\"_fbp=;expires=Thu, 01 Jan 2010 00:00:00 UTC; path=\/; domain=.boston.com\";\n\t\t\t\t\/\/}\n\t\t\t\t\/* Checking if the user has given consent for the cookie C0002.\n\t\t\t\t* If the user has given consent, the variable consent will be set to 'grant'.\n\t\t\t\t* If the user has not given consent,the variable consent will be set to 'revoke'.\n\t\t\t\t* Documentation https:\/\/developers.facebook.com\/docs\/meta-pixel\/implementation\/gdpr\n\t\t\t\t*\/\n\t\t\t\tif ( onetrustStorageConsent.C0002 !== true ) {\n\t\t\t\t\tconsent=\"revoke\";\n\t\t\t\t}\n\t\t\t}\n\t\t\t\t!function(f,b,e,v,n,t,s)\n\t\t{if(f.fbq)return;n=f.fbq=function(){n.callMethod?\n\t\tn.callMethod.apply(n,arguments):n.queue.push(arguments)};\n\t\tif(!f._fbq)f._fbq=n;n.push=n;n.loaded=!0;n.version='2.0';\n\t\tn.queue=[];t=b.createElement(e);t.async=!0;\n\t\tt.src=v;s=b.getElementsByTagName(e)[0];\n\t\ts.parentNode.insertBefore(t,s)}(window, document,'script',\n\t\t'https:\/\/connect.facebook.net\/en_US\/fbevents.js');\n\t\tfbq('consent', consent);\n\t\tfbq('init', '989222871864976');\n\t\tfbq('track', 'PageView');\n\t<\/script><script type=\"module\">\n\t\tvar consent=\"grant\";\n\t\t\/* The above code is parsing the JSON data from the local storage and storing it in a variable. *\/\n\t\t\tconst onetrustStorageConsent = JSON.parse(localStorage.getItem( 'consent_one_trust_bdc' ) );\n\t\t\t\/* Checking to see if the user has consented to the use of cookies.\n\t\t\t* If they have not, it is deleting the cookie.\n\t\t\t* This will comment for now, until further notice.\n\t\t\t*\/\n\t\t\t\/\/if ( onetrustStorageConsent.C0002 === false ) {\n\t\t\t\/\/\tdocument.cookie=\"_fbp=;expires=Thu, 01 Jan 2010 00:00:00 UTC; path=\/; domain=.boston.com\";\n\t\t\t\/\/}\n\t\t\t\/* Checking if the user has given consent for the cookie C0002.\n\t\t\t* If the user has given consent, the variable consent will be set to 'grant'.\n\t\t\t* If the user has not given consent,the variable consent will be set to 'revoke'.\n\t\t\t* Documentation https:\/\/developers.facebook.com\/docs\/meta-pixel\/implementation\/gdpr\n\t\t\t*\/\n\t\t\tif ( ( onetrustStorageConsent !== null ) && (onetrustStorageConsent.C0002 !== true ) ) {\n\t\t\t\tconsent=\"revoke\";\n\t\t\t}\n\t\t\t\t!function(f,b,e,v,n,t,s){if(f.fbq)return;n=f.fbq=function()\n\t\t{n.callMethod? n.callMethod.apply(n,arguments):n.queue.push(arguments)}\n\t\t;if(!f._fbq)f._fbq=n;\n\t\tn.push=n;n.loaded=!0;n.version='2.0';n.queue=[];t=b.createElement(e);t.async=!0;\n\t\tt.src=v;s=b.getElementsByTagName(e)[0];s.parentNode.insertBefore(t,s)}(window,\n\t\tdocument,'script','https:\/\/connect.facebook.net\/en_US\/fbevents.js');\n\t\tfbq('consent', consent);\n\t\tfbq('init', '813236348753005');\n\t\tfbq('track', \"PageView\");\n\t<\/script><br \/>\n<br \/><br \/>\n<br \/><a href=\"https:\/\/www.boston.com\/sports\/boston-celtics\/2024\/12\/19\/marcus-smart-celtics-grizzlies-boston-return\/\">Source link <\/a><\/p>","protected":false},"excerpt":{"rendered":"<p>Celtas \u201c\u00c9 legal dizer que voc\u00ea construiu a base. Mas no final das contas, eles s\u00f3 v\u00e3o se lembrar de quem estava erguendo aquele trof\u00e9u.\u201d Marcus Smart e Jaylen Brown&hellip;<\/p>","protected":false},"author":1,"featured_media":79538,"comment_status":"closed","ping_status":"open","sticky":false,"template":"","format":"standard","meta":{"content-type":"","footnotes":""},"categories":[1],"tags":[],"class_list":["post-79537","post","type-post","status-publish","format-standard","has-post-thumbnail","hentry","category-uncategorized"],"_links":{"self":[{"href":"https:\/\/tvbrazilusa.com\/pt\/wp-json\/wp\/v2\/posts\/79537","targetHints":{"allow":["GET"]}}],"collection":[{"href":"https:\/\/tvbrazilusa.com\/pt\/wp-json\/wp\/v2\/posts"}],"about":[{"href":"https:\/\/tvbrazilusa.com\/pt\/wp-json\/wp\/v2\/types\/post"}],"author":[{"embeddable":true,"href":"https:\/\/tvbrazilusa.com\/pt\/wp-json\/wp\/v2\/users\/1"}],"replies":[{"embeddable":true,"href":"https:\/\/tvbrazilusa.com\/pt\/wp-json\/wp\/v2\/comments?post=79537"}],"version-history":[{"count":1,"href":"https:\/\/tvbrazilusa.com\/pt\/wp-json\/wp\/v2\/posts\/79537\/revisions"}],"predecessor-version":[{"id":79539,"href":"https:\/\/tvbrazilusa.com\/pt\/wp-json\/wp\/v2\/posts\/79537\/revisions\/79539"}],"wp:featuredmedia":[{"embeddable":true,"href":"https:\/\/tvbrazilusa.com\/pt\/wp-json\/wp\/v2\/media\/79538"}],"wp:attachment":[{"href":"https:\/\/tvbrazilusa.com\/pt\/wp-json\/wp\/v2\/media?parent=79537"}],"wp:term":[{"taxonomy":"category","embeddable":true,"href":"https:\/\/tvbrazilusa.com\/pt\/wp-json\/wp\/v2\/categories?post=79537"},{"taxonomy":"post_tag","embeddable":true,"href":"https:\/\/tvbrazilusa.com\/pt\/wp-json\/wp\/v2\/tags?post=79537"}],"curies":[{"name":"wp","href":"https:\/\/api.w.org\/{rel}","templated":true}]}}