{"id":79546,"date":"2024-12-20T01:16:20","date_gmt":"2024-12-20T01:16:20","guid":{"rendered":"https:\/\/tvbrazilusa.com\/2024\/12\/20\/o-povo-nordestino-foi-as-ruas-para-lutar-por-agua-energia-e-promessas-nao-cumpridas-pelo-governo-lula-veja-video\/"},"modified":"2024-12-20T01:16:21","modified_gmt":"2024-12-20T01:16:21","slug":"o-povo-nordestino-foi-as-ruas-para-lutar-por-agua-energia-e-promessas-nao-cumpridas-pelo-governo-lula-veja-video","status":"publish","type":"post","link":"https:\/\/tvbrazilusa.com\/pt\/2024\/12\/20\/o-povo-nordestino-foi-as-ruas-para-lutar-por-agua-energia-e-promessas-nao-cumpridas-pelo-governo-lula-veja-video\/","title":{"rendered":"O povo nordestino foi \u00e0s ruas para lutar por \u00e1gua, energia e promessas n\u00e3o cumpridas pelo governo Lula; VEJA V\u00cdDEO"},"content":{"rendered":"<p> <script async src=\"https:\/\/pagead2.googlesyndication.com\/pagead\/js\/adsbygoogle.js?client=ca-pub-8864793242727901\"\r\n     crossorigin=\"anonymous\"><\/script><br \/>\n<br \/>O povo nordestino foi \u00e0s ruas para lutar por \u00e1gua, energia e promessas n\u00e3o cumpridas pelo governo Lula<br \/>\n<br \/><br \/>\n<br \/><a href=\"https:\/\/diariodobrasilnoticias.com.br\/noticia\/o-povo-nordestino-foi-as-ruas-para-lutar-por-agua-energia-e-promessas-nao-cumpridas-pelo-governo-lula-veja-video-6764a06cccd00\">Source link <\/a><\/p>","protected":false},"excerpt":{"rendered":"<p>O povo nordestino foi \u00e0s ruas para lutar por \u00e1gua, energia e promessas n\u00e3o cumpridas pelo governo Lula Source link<\/p>","protected":false},"author":1,"featured_media":79547,"comment_status":"closed","ping_status":"open","sticky":false,"template":"","format":"standard","meta":{"content-type":"","footnotes":""},"categories":[16],"tags":[123,2448,5313,1267],"class_list":["post-79546","post","type-post","status-publish","format-standard","has-post-thumbnail","hentry","category-noticias","tag-brasil","tag-diario","tag-noticia","tag-noticias"],"_links":{"self":[{"href":"https:\/\/tvbrazilusa.com\/pt\/wp-json\/wp\/v2\/posts\/79546","targetHints":{"allow":["GET"]}}],"collection":[{"href":"https:\/\/tvbrazilusa.com\/pt\/wp-json\/wp\/v2\/posts"}],"about":[{"href":"https:\/\/tvbrazilusa.com\/pt\/wp-json\/wp\/v2\/types\/post"}],"author":[{"embeddable":true,"href":"https:\/\/tvbrazilusa.com\/pt\/wp-json\/wp\/v2\/users\/1"}],"replies":[{"embeddable":true,"href":"https:\/\/tvbrazilusa.com\/pt\/wp-json\/wp\/v2\/comments?post=79546"}],"version-history":[{"count":1,"href":"https:\/\/tvbrazilusa.com\/pt\/wp-json\/wp\/v2\/posts\/79546\/revisions"}],"predecessor-version":[{"id":79548,"href":"https:\/\/tvbrazilusa.com\/pt\/wp-json\/wp\/v2\/posts\/79546\/revisions\/79548"}],"wp:featuredmedia":[{"embeddable":true,"href":"https:\/\/tvbrazilusa.com\/pt\/wp-json\/wp\/v2\/media\/79547"}],"wp:attachment":[{"href":"https:\/\/tvbrazilusa.com\/pt\/wp-json\/wp\/v2\/media?parent=79546"}],"wp:term":[{"taxonomy":"category","embeddable":true,"href":"https:\/\/tvbrazilusa.com\/pt\/wp-json\/wp\/v2\/categories?post=79546"},{"taxonomy":"post_tag","embeddable":true,"href":"https:\/\/tvbrazilusa.com\/pt\/wp-json\/wp\/v2\/tags?post=79546"}],"curies":[{"name":"wp","href":"https:\/\/api.w.org\/{rel}","templated":true}]}}