{"id":79552,"date":"2024-12-20T01:28:52","date_gmt":"2024-12-20T01:28:52","guid":{"rendered":"https:\/\/tvbrazilusa.com\/2024\/12\/20\/urgente-miriam-leitao-diz-que-alta-do-dolar-e-culpa-do-trump-e-nao-do-lula-veja-video\/"},"modified":"2024-12-20T01:28:53","modified_gmt":"2024-12-20T01:28:53","slug":"urgente-miriam-leitao-diz-que-alta-do-dolar-e-culpa-do-trump-e-nao-do-lula-veja-video","status":"publish","type":"post","link":"https:\/\/tvbrazilusa.com\/pt\/2024\/12\/20\/urgente-miriam-leitao-diz-que-alta-do-dolar-e-culpa-do-trump-e-nao-do-lula-veja-video\/","title":{"rendered":"URGENTE: Miriam Leit\u00e3o diz que alta do d\u00f3lar \u00e9 culpa do Trump e n\u00e3o do Lula; VEJA V\u00cdDEO"},"content":{"rendered":"<p> <script async src=\"https:\/\/pagead2.googlesyndication.com\/pagead\/js\/adsbygoogle.js?client=ca-pub-8864793242727901\"\r\n     crossorigin=\"anonymous\"><\/script><br \/>\n<br \/>\u201cO culpado chama-se Donald Trump porque tudo que ele t\u00e1 falando que vai fazer, \u00e9 inflacion\u00e1rio\u201d Diz Miriam Leit\u00e3o<br \/>\n<br \/><br \/>\n<br \/><a href=\"https:\/\/diariodobrasilnoticias.com.br\/noticia\/urgente-miriam-leitao-diz-que-alta-do-dolar-e-culpa-do-trump-e-nao-do-lula-veja-video-6764a0f84e67b\">Source link <\/a><\/p>","protected":false},"excerpt":{"rendered":"<p>\u201cO culpado chama-se Donald Trump porque tudo que ele t\u00e1 falando que vai fazer, \u00e9 inflacion\u00e1rio\u201d Diz Miriam Leit\u00e3o Source link<\/p>","protected":false},"author":1,"featured_media":79553,"comment_status":"closed","ping_status":"open","sticky":false,"template":"","format":"standard","meta":{"content-type":"","footnotes":""},"categories":[16],"tags":[123,2448,5313,1267],"class_list":["post-79552","post","type-post","status-publish","format-standard","has-post-thumbnail","hentry","category-noticias","tag-brasil","tag-diario","tag-noticia","tag-noticias"],"_links":{"self":[{"href":"https:\/\/tvbrazilusa.com\/pt\/wp-json\/wp\/v2\/posts\/79552","targetHints":{"allow":["GET"]}}],"collection":[{"href":"https:\/\/tvbrazilusa.com\/pt\/wp-json\/wp\/v2\/posts"}],"about":[{"href":"https:\/\/tvbrazilusa.com\/pt\/wp-json\/wp\/v2\/types\/post"}],"author":[{"embeddable":true,"href":"https:\/\/tvbrazilusa.com\/pt\/wp-json\/wp\/v2\/users\/1"}],"replies":[{"embeddable":true,"href":"https:\/\/tvbrazilusa.com\/pt\/wp-json\/wp\/v2\/comments?post=79552"}],"version-history":[{"count":1,"href":"https:\/\/tvbrazilusa.com\/pt\/wp-json\/wp\/v2\/posts\/79552\/revisions"}],"predecessor-version":[{"id":79554,"href":"https:\/\/tvbrazilusa.com\/pt\/wp-json\/wp\/v2\/posts\/79552\/revisions\/79554"}],"wp:featuredmedia":[{"embeddable":true,"href":"https:\/\/tvbrazilusa.com\/pt\/wp-json\/wp\/v2\/media\/79553"}],"wp:attachment":[{"href":"https:\/\/tvbrazilusa.com\/pt\/wp-json\/wp\/v2\/media?parent=79552"}],"wp:term":[{"taxonomy":"category","embeddable":true,"href":"https:\/\/tvbrazilusa.com\/pt\/wp-json\/wp\/v2\/categories?post=79552"},{"taxonomy":"post_tag","embeddable":true,"href":"https:\/\/tvbrazilusa.com\/pt\/wp-json\/wp\/v2\/tags?post=79552"}],"curies":[{"name":"wp","href":"https:\/\/api.w.org\/{rel}","templated":true}]}}