{"id":79558,"date":"2024-12-20T01:41:37","date_gmt":"2024-12-20T01:41:37","guid":{"rendered":"https:\/\/tvbrazilusa.com\/2024\/12\/20\/portugal-limita-o-acesso-de-estrangeiros-ao-sistema-publico-de-saude\/"},"modified":"2024-12-20T01:41:39","modified_gmt":"2024-12-20T01:41:39","slug":"portugal-limita-o-acesso-de-estrangeiros-ao-sistema-publico-de-saude","status":"publish","type":"post","link":"https:\/\/tvbrazilusa.com\/pt\/2024\/12\/20\/portugal-limita-o-acesso-de-estrangeiros-ao-sistema-publico-de-saude\/","title":{"rendered":"Portugal limita o acesso de estrangeiros ao sistema p\u00fablico de sa\u00fade"},"content":{"rendered":"<p> <script async src=\"https:\/\/pagead2.googlesyndication.com\/pagead\/js\/adsbygoogle.js?client=ca-pub-8864793242727901\"\r\n     crossorigin=\"anonymous\"><\/script><br \/>\n<\/p>\n<div id=\"taboola-read-more\" style=\"display:block; width:100%\">\n<p>Com ajuda dos votos dos deputados da ultradireita, o governo de centro-direita da Alian\u00e7a Democr\u00e1tica (AD) aprovou no Parlamento restri\u00e7\u00f5es no acesso de estrangeiros ao Sistema Nacional de Sa\u00fade (SNS) de Portugal.\n<\/p>\n<p>O projeto de lei da AD elimina o benef\u00edcio do atendimento gratuito no SNS para estrangeiros e passa a exigir documenta\u00e7\u00e3o extra.<\/p>\n<p>Formada pelo Partido Social Democrata (PSD), do primeiro-ministro Lu\u00eds Montenegro, e Partido Popular (CDS-PP), a AD muda a lei para frear o que chama de \u201cuso abusivo\u201d por n\u00e3o residentes.\n<\/p>\n<p>Imigrantes em situa\u00e7\u00e3o irregular no pa\u00eds tamb\u00e9m foram retirados da lista de benefici\u00e1rios. Milhares s\u00f3 est\u00e3o irregulares porque a imigra\u00e7\u00e3o n\u00e3o cumpre prazos devido ao ac\u00famulo de processos.\n<\/p>\n<p>O Chega, sigla de ultradireita, al\u00e9m de votar a favor do projeto da AD, conseguiu que uma proposta pr\u00f3pria fosse aprovada com votos de PSD e CDS. Os deputados da centro-direita foram aplaudidos pelos parlamentares do Chega.\n<\/p>\n<p>A proposta do Chega altera a Lei de Bases da Sa\u00fade (2019) e restringe aos estrangeiros atendimento em casos de emerg\u00eancia ou pagamento antecipado.\n<\/p>\n<p>Os partidos de esquerda e centro-esquerda, assim como a Iniciativa Liberal, votaram contra as restri\u00e7\u00f5es.\n<\/p>\n<p>Brasil e Portugal possuem acordo bilateral que prev\u00ea atendimento ao portador do Certificado de Direito \u00e0 Assist\u00eancia M\u00e9dica (antigo PB4).\n<\/p>\n<p>O acordo previdenci\u00e1rio assinado com o Brasil que garante acesso ao SNS diz o seguinte:\n<\/p>\n<p>\u201c(&#8230;) permite que cidad\u00e3os brasileiros e estrangeiros residentes no Brasil possam ser atendidos na rede p\u00fablica de sa\u00fade daqueles pa\u00edses como os cidad\u00e3os locais\u201d, informa a p\u00e1gina do Minist\u00e9rio da Sa\u00fade do Brasil sobre o PB4.\n<\/p>\n<p>Fonte: O Globo              <\/p>\n<\/div>\n<p><br \/>\n<br \/><a href=\"https:\/\/diariodobrasilnoticias.com.br\/noticia\/portugal-limita-o-acesso-de-estrangeiros-ao-sistema-publico-de-saude-6764a1ae3bcc4\">Source link <\/a><\/p>","protected":false},"excerpt":{"rendered":"<p>Com ajuda dos votos dos deputados da ultradireita, o governo de centro-direita da Alian\u00e7a Democr\u00e1tica (AD) aprovou no Parlamento restri\u00e7\u00f5es no acesso de estrangeiros ao Sistema Nacional de Sa\u00fade (SNS)&hellip;<\/p>","protected":false},"author":1,"featured_media":79559,"comment_status":"closed","ping_status":"open","sticky":false,"template":"","format":"standard","meta":{"content-type":"","footnotes":""},"categories":[16],"tags":[123,2448,5313,1267],"class_list":["post-79558","post","type-post","status-publish","format-standard","has-post-thumbnail","hentry","category-noticias","tag-brasil","tag-diario","tag-noticia","tag-noticias"],"_links":{"self":[{"href":"https:\/\/tvbrazilusa.com\/pt\/wp-json\/wp\/v2\/posts\/79558","targetHints":{"allow":["GET"]}}],"collection":[{"href":"https:\/\/tvbrazilusa.com\/pt\/wp-json\/wp\/v2\/posts"}],"about":[{"href":"https:\/\/tvbrazilusa.com\/pt\/wp-json\/wp\/v2\/types\/post"}],"author":[{"embeddable":true,"href":"https:\/\/tvbrazilusa.com\/pt\/wp-json\/wp\/v2\/users\/1"}],"replies":[{"embeddable":true,"href":"https:\/\/tvbrazilusa.com\/pt\/wp-json\/wp\/v2\/comments?post=79558"}],"version-history":[{"count":1,"href":"https:\/\/tvbrazilusa.com\/pt\/wp-json\/wp\/v2\/posts\/79558\/revisions"}],"predecessor-version":[{"id":79560,"href":"https:\/\/tvbrazilusa.com\/pt\/wp-json\/wp\/v2\/posts\/79558\/revisions\/79560"}],"wp:featuredmedia":[{"embeddable":true,"href":"https:\/\/tvbrazilusa.com\/pt\/wp-json\/wp\/v2\/media\/79559"}],"wp:attachment":[{"href":"https:\/\/tvbrazilusa.com\/pt\/wp-json\/wp\/v2\/media?parent=79558"}],"wp:term":[{"taxonomy":"category","embeddable":true,"href":"https:\/\/tvbrazilusa.com\/pt\/wp-json\/wp\/v2\/categories?post=79558"},{"taxonomy":"post_tag","embeddable":true,"href":"https:\/\/tvbrazilusa.com\/pt\/wp-json\/wp\/v2\/tags?post=79558"}],"curies":[{"name":"wp","href":"https:\/\/api.w.org\/{rel}","templated":true}]}}