{"id":79564,"date":"2024-12-20T01:52:05","date_gmt":"2024-12-20T01:52:05","guid":{"rendered":"https:\/\/tvbrazilusa.com\/2024\/12\/20\/mucio-sinaliza-a-lula-que-deseja-deixar-o-governo-e-que-seu-substituto-deve-ser-alguem-paciente\/"},"modified":"2024-12-20T01:52:06","modified_gmt":"2024-12-20T01:52:06","slug":"mucio-sinaliza-a-lula-que-deseja-deixar-o-governo-e-que-seu-substituto-deve-ser-alguem-paciente","status":"publish","type":"post","link":"https:\/\/tvbrazilusa.com\/pt\/2024\/12\/20\/mucio-sinaliza-a-lula-que-deseja-deixar-o-governo-e-que-seu-substituto-deve-ser-alguem-paciente\/","title":{"rendered":"M\u00facio sinaliza a Lula que deseja deixar o governo e que seu substituto deve ser algu\u00e9m &#8216;paciente&#8217;"},"content":{"rendered":"<p> <script async src=\"https:\/\/pagead2.googlesyndication.com\/pagead\/js\/adsbygoogle.js?client=ca-pub-8864793242727901\"\r\n     crossorigin=\"anonymous\"><\/script><br \/>\n<\/p>\n<div id=\"taboola-read-more\" style=\"display:block; width:100%\">\n<p>Dois anos ap\u00f3s ser escolhido pelo presidente Luiz In\u00e1cio Lula da Silva para comandar o Minist\u00e9rio da Defesa, Jos\u00e9 M\u00facio Monteiro sinalizou a inten\u00e7\u00e3o de deixar o governo. Sua indica\u00e7\u00e3o ao cargo, ainda durante o per\u00edodo de transi\u00e7\u00e3o, teve como objetivo buscar uma pacifica\u00e7\u00e3o com os militares. Ao ser indagado se pretende sair, M\u00facio brinca e diz que &#8220;depende do presidente&#8221;.\n<\/p>\n<p>Segundo auxiliares pr\u00f3ximos, contudo, o ministro tem se queixado que precisa cuidar da sa\u00fade. Com 76 anos, tem sido cobrado pela fam\u00edlia a se cuidar mais.<\/p>\n<p>Em conversas reservadas, tem dito que o presidente precisa encontrar algu\u00e9m com perfil &#8220;paciente&#8221; para substitu\u00ed-lo no posto. Um dos nomes cotados, segundo mostrou o jornal Folha de S.Paulo, \u00e9 o do vice-presidente, Geraldo Alckmin, que hoje acumula o comando do Minist\u00e9rio do Desenvolvimento, Ind\u00fastria, Com\u00e9rcio e Servi\u00e7o. A ideia \u00e9 que ele troque de pasta.\n<\/p>\n<p>A avalia\u00e7\u00e3o de interlocutros do ministro da Defesa \u00e9 que o cargo precisa ter um nome de peso, uma vez que precisa ter o respeito das tropas. Ao assumir o cargo, M\u00facio precisou contornar desconfian\u00e7as m\u00fatuas diante da suspeita de envolvimento de militares em tentativa de golpe. Com o avan\u00e7o das investiga\u00e7\u00f5es e a pris\u00e3o de oficiais das For\u00e7as Armadas, o ministro costuma repetir que as pr\u00e1ticas il\u00edcitas foram cometidas por indiv\u00edduos, numa tentativa de blindar a institui\u00e7\u00e3o da vincula\u00e7\u00e3o com atos antidemocr\u00e1ticos.\n<\/p>\n<p>O governo e os militares convivem bem no momento, mas n\u00e3o s\u00e3o amigos, costuma dizer o M\u00facio de forma reservada.\n<\/p>\n<p>Uma das \u00faltimas surpresas negativas foi o v\u00eddeo divulgado pela Marinha em comemora\u00e7\u00e3o ao Dia do Marinho. A pe\u00e7a gerou desconforto por colocar em campos opostos civis e militares, numa cr\u00edtica indireta \u00e0 inclus\u00e3o das For\u00e7as do pacote fiscal do ministro da Fazenda, Fernando Haddad.\n<\/p>\n<p>Ap\u00f3s o epis\u00f3dio, o governo orientou que campanhas publicit\u00e1rias produzidas pelas For\u00e7as Armadas dever\u00e3o passar pelo aval do Minist\u00e9rio da Defesa antes de serem divulgadas. A medida \u00e9 mais um movimento da gest\u00e3o de Lula para tentar evitar politiza\u00e7\u00e3o das tropas.\n<\/p>\n<p>A mudan\u00e7a na Defesa pode ser inclu\u00edda na reforma ministerial que Lula avalia fazer no in\u00edcio da segunda metade do seu mandato. As trocas devem envolver tamb\u00e9m a Secretaria de Comunica\u00e7\u00e3o Social, comandada pelo ministro Paulo Pimenta. O presidente j\u00e1 declarou estar insatisfeito com a \u00e1rea em seu governo.\n<\/p>\n<p>Fonte: O Globo              <\/p>\n<\/div>\n<p><br \/>\n<br \/><a href=\"https:\/\/diariodobrasilnoticias.com.br\/noticia\/mucio-sinaliza-a-lula-que-deseja-deixar-o-governo-e-que-seu-substituto-deve-ser-alguem-paciente-67649aaed0415\">Source link <\/a><\/p>","protected":false},"excerpt":{"rendered":"<p>Dois anos ap\u00f3s ser escolhido pelo presidente Luiz In\u00e1cio Lula da Silva para comandar o Minist\u00e9rio da Defesa, Jos\u00e9 M\u00facio Monteiro sinalizou a inten\u00e7\u00e3o de deixar o governo. Sua indica\u00e7\u00e3o&hellip;<\/p>","protected":false},"author":1,"featured_media":79565,"comment_status":"closed","ping_status":"open","sticky":false,"template":"","format":"standard","meta":{"content-type":"","footnotes":""},"categories":[16],"tags":[123,2448,5313,1267],"class_list":["post-79564","post","type-post","status-publish","format-standard","has-post-thumbnail","hentry","category-noticias","tag-brasil","tag-diario","tag-noticia","tag-noticias"],"_links":{"self":[{"href":"https:\/\/tvbrazilusa.com\/pt\/wp-json\/wp\/v2\/posts\/79564","targetHints":{"allow":["GET"]}}],"collection":[{"href":"https:\/\/tvbrazilusa.com\/pt\/wp-json\/wp\/v2\/posts"}],"about":[{"href":"https:\/\/tvbrazilusa.com\/pt\/wp-json\/wp\/v2\/types\/post"}],"author":[{"embeddable":true,"href":"https:\/\/tvbrazilusa.com\/pt\/wp-json\/wp\/v2\/users\/1"}],"replies":[{"embeddable":true,"href":"https:\/\/tvbrazilusa.com\/pt\/wp-json\/wp\/v2\/comments?post=79564"}],"version-history":[{"count":1,"href":"https:\/\/tvbrazilusa.com\/pt\/wp-json\/wp\/v2\/posts\/79564\/revisions"}],"predecessor-version":[{"id":79566,"href":"https:\/\/tvbrazilusa.com\/pt\/wp-json\/wp\/v2\/posts\/79564\/revisions\/79566"}],"wp:featuredmedia":[{"embeddable":true,"href":"https:\/\/tvbrazilusa.com\/pt\/wp-json\/wp\/v2\/media\/79565"}],"wp:attachment":[{"href":"https:\/\/tvbrazilusa.com\/pt\/wp-json\/wp\/v2\/media?parent=79564"}],"wp:term":[{"taxonomy":"category","embeddable":true,"href":"https:\/\/tvbrazilusa.com\/pt\/wp-json\/wp\/v2\/categories?post=79564"},{"taxonomy":"post_tag","embeddable":true,"href":"https:\/\/tvbrazilusa.com\/pt\/wp-json\/wp\/v2\/tags?post=79564"}],"curies":[{"name":"wp","href":"https:\/\/api.w.org\/{rel}","templated":true}]}}