{"id":79567,"date":"2024-12-20T01:50:02","date_gmt":"2024-12-20T01:50:02","guid":{"rendered":"https:\/\/tvbrazilusa.com\/2024\/12\/20\/ex-tecnico-do-celtics-doc-rivers-nomeado-para-o-hall-da-fama-do-basquete\/"},"modified":"2024-12-20T01:58:12","modified_gmt":"2024-12-20T01:58:12","slug":"ex-tecnico-do-celtics-doc-rivers-nomeado-para-o-hall-da-fama-do-basquete","status":"publish","type":"post","link":"https:\/\/tvbrazilusa.com\/pt\/2024\/12\/20\/ex-tecnico-do-celtics-doc-rivers-nomeado-para-o-hall-da-fama-do-basquete\/","title":{"rendered":"Ex-t\u00e9cnico do Celtics, Doc Rivers, nomeado para o Hall da Fama do Basquete"},"content":{"rendered":"<p> <script async src=\"https:\/\/pagead2.googlesyndication.com\/pagead\/js\/adsbygoogle.js?client=ca-pub-8864793242727901\"\r\n     crossorigin=\"anonymous\"><\/script><br \/>\n<\/p>\n<div id=\"\">\n<header class=\"m-article-header m-article-header--standard\">\n\t\t\t\t\t\t\t\t\t\t\t\t<span id=\"article-header-primary-term\"><br \/>\n\t\t\t\t\t\t\t\t<a class=\"a-term a-term--primary\" href=\"https:\/\/www.boston.com\/tag\/boston-celtics\/\"><\/p>\n<p>\t\t\t\t\t\t\t\tCeltas\t\t\t\t\t\t\t\t<\/a><br \/>\n\t\t\t\t\t\t\t<\/span><\/p>\n<h2 class=\"m-article-header__sub-headline\">Doc Rivers ajudou o Celtics a conquistar um t\u00edtulo da NBA em 2008 e est\u00e1 em quarto lugar na lista de vit\u00f3rias em playoffs entre os treinadores da NBA.<\/h2>\n<figure class=\"a-photo m-article-header__photo\"><figcaption class=\"a-photo__caption\">\n<p>\tDoc Rivers est\u00e1 em sua segunda temporada como treinador do Milwaukee Bucks, assumindo o comando dos \u00faltimos 36 jogos da temporada passada.<em> Ethan Miller<\/em>\t<\/figcaption><\/figure>\n<div class=\"m-article-header__meta\">\n<div class=\"m-article-header__byline\">\n<p class=\"m-article-header__author\">\n<p>\t\t\t\t\t\t\t\tPor Khari Thompson, The Boston Globe\t\t\t\t\t\t\t<\/p>\n<p>\t\t\t\t\t\t\t\t\t\t\t\t\t\t\t<time class=\"m-article-header__date\"><\/p>\n<p>\t\t\t\t\t\t\t\t\t19 de dezembro de 2024\t\t\t\t\t\t\t\t<\/time><\/p>\n<p><span>3 minutos para ler<\/span><\/p>\n<\/p><\/div>\n<\/p><\/div>\n<\/header>\n<p><a href=\"https:\/\/www.bostonglobe.com\/2024\/12\/07\/sports\/celtics-champions-bucks-rivers\/\" target=\"_blank\" rel=\"\" title=\"https:\/\/www.bostonglobe.com\/2024\/12\/07\/sports\/celtics-champions-bucks-rivers\/\">Doutor Rios<\/a>que treinou o Celtics para um campeonato da NBA em 2008, foi nomeado para o Naismith Memorial Basketball Hall of Fame.<\/p>\n<p>Rivers chegou aos playoffs em sete de suas nove temporadas como treinador do Celtics. Ele \u00e9 o quarto na lista de todos os tempos de vit\u00f3rias nos playoffs (113) entre os treinadores da NBA, atr\u00e1s de Phil Jackson (229), Pat Riley (171) e Gregg Popovich (170).<\/p>\n<p>Rivers, que treina o Bucks, est\u00e1 em sua 26\u00aa temporada como treinador. Suas outras paradas inclu\u00edram Orlando, Los Angeles Clippers e Philadelphia 76ers. Ele tamb\u00e9m jogou 13 temporadas na NBA e foi All-Star em 1988.<\/p>\n<p>Esta ser\u00e1 a primeira vez que Rivers estar\u00e1 na vota\u00e7\u00e3o do Hall da Fama. Ele se junta a v\u00e1rios outros treinadores, incluindo o t\u00e9cnico dos Bulls, Billy Donovan, na lista de indicados.<\/p>\n<p>\u201cEle tem sido incr\u00edvel como jogador\u201d, disse Donovan. \u201cLembro-me de v\u00ea-lo quando ele jogou no Marquette e depois jogou no Hawks, ele teve uma \u00f3tima carreira de jogador. Ganhar um campeonato. Ele fez isso em alto n\u00edvel em muitas organiza\u00e7\u00f5es diferentes. Ele teve uma carreira incr\u00edvel.<\/p>\n<p>\u201cEu me sinto muito feliz quando ele estava em Orlando e eu na Fl\u00f3rida, recrutei Austin  [Rivers] e foi a\u00ed que nosso relacionamento come\u00e7ou quando Austin era mais jovem. Ent\u00e3o, eu o conhe\u00e7o h\u00e1 muito tempo e aprecio o relacionamento que ele e eu desenvolvemos ao longo dos anos.\u201d<\/p>\n<p>O Bucks, com 14-11, est\u00e1 em quinto lugar na classifica\u00e7\u00e3o da Confer\u00eancia Leste. O Celtics venceu todas as tr\u00eas partidas contra o Bucks, incluindo uma vit\u00f3ria por 111-105 no TD Garden em 6 de dezembro.<\/p>\n<p>Outros indicados not\u00e1veis \u200b\u200bincluem Carmelo Anthony, Dwight Howard, Marc Gasol, Sue Bird, Maya Moore e Amar&#8217;e Stoudemire.<\/p>\n<p>Os finalistas ser\u00e3o anunciados em S\u00e3o Francisco no dia 14 de fevereiro, durante o All-Star Weekend. A Classe de 2025 ser\u00e1 anunciada durante a Final Four do Torneio da NCAA em 5 de abril.<\/p>\n<p>Os eventos de consagra\u00e7\u00e3o est\u00e3o agendados para 5 de setembro no Mohegan Sun em Connecticut e 6 de setembro no Hall of Fame em Springfield.<\/p>\n<h2 class=\"wp-block-heading\" id=\"h-horford-s-longevity\">A longevidade de Horford<\/h2>\n<p>Donovan n\u00e3o conseguiu Austin Rivers na Fl\u00f3rida, mas conseguiu <a href=\"https:\/\/www.bostonglobe.com\/2024\/11\/20\/sports\/al-horford-celtics-defeat-cavaliers\/\" target=\"_blank\" rel=\"\" title=\"https:\/\/www.bostonglobe.com\/2024\/11\/20\/sports\/al-horford-celtics-defeat-cavaliers\/\">Al Horford<\/a>que ajudou os Gators a conquistar t\u00edtulos nacionais consecutivos em 2006 e 2007.<\/p>\n<p>O t\u00e9cnico do Chicago disse que n\u00e3o est\u00e1 surpreso em ver Horford ainda atuando na NBA depois de todos esses anos.<\/p>\n<p>\u201cQuando voc\u00ea convive com as pessoas, voc\u00ea entende o car\u00e1ter competitivo e a integridade\u201d, disse Donovan. \u201cAcho que as pessoas em Chicago tiveram a chance de ver isso com Joakim Noah. Acho que as pessoas em Boston est\u00e3o vendo isso com Al.<\/p>\n<p>\u201cH\u00e1 uma raz\u00e3o para esses caras terem participado de dois campeonatos nacionais. S\u00e3o jogadores de elite. Eles foram inacredit\u00e1veis \u200b\u200bno vesti\u00e1rio. Eles s\u00e3o grandes vencedores, grandes concorrentes e ambos t\u00eam a capacidade de realmente levar as pessoas em uma dire\u00e7\u00e3o positiva.\u201d<\/p>\n<p>Donovan disse que tentou convencer Horford a ingressar no Oklahoma City quando ele treinava o Thunder. Horford acabou com o Thunder na temporada ap\u00f3s a sa\u00edda de Donovan, antes que o Celtics o trouxesse de volta.<\/p>\n<p>\u201cHavia uma raz\u00e3o pela qual Brad [Stevens] o trouxe de volta para uma segunda passagem depois de ir para a Filad\u00e9lfia\u201d, disse Donovan. \u201c\u00c9 muito, muito claro de ver. Ou\u00e7a, quando eu estava em Oklahoma City, tentamos convenc\u00ea-lo a vir para l\u00e1.<\/p>\n<p>\u201cEnt\u00e3o, voc\u00ea pode ver a produtividade dele e o que ele fez em sua carreira, mas n\u00e3o acho que as pessoas tenham a chance de ver o que ele faz a portas fechadas e o que ele faz com os jogadores, e os relacionamentos, e como ele consegue os caras. para ver o quadro geral.\u201d<\/p>\n<h2 class=\"wp-block-heading\" id=\"h-injury-update\">Atualiza\u00e7\u00e3o sobre les\u00f5es<\/h2>\n<p>Kristaps Porzingis voltou \u00e0 a\u00e7\u00e3o na noite de quinta-feira, depois de deixar o jogo de domingo contra os Wizards com dores no calcanhar.<\/p>\n<p>Sam Hauser (costas) e Xavier Tillman (doen\u00e7a n\u00e3o relacionada ao COVID) perderam o jogo contra o Chicago.<\/p>\n<p>O t\u00e9cnico do Celtics, Joe Mazzulla, disse que Hauser tem administrado bem o problema persistente nas costas.<\/p>\n<p>\u201cEle faz um \u00f3timo trabalho cuidando de seu corpo\u201d, disse Mazzulla. \u201c\u00c0s vezes o que ele faz na sala de muscula\u00e7\u00e3o ou na sala de treinamento \u00e9 t\u00e3o importante quanto na quadra. Ao mesmo tempo, ele \u00e9 um tocador de ritmo. Ele lidou bem com isso, entrando e saindo, mas no final das contas ele faz tudo o que pode para se colocar em posi\u00e7\u00e3o de estar dispon\u00edvel o m\u00e1ximo que puder.\u201d<\/p>\n<div class=\"m-block m-generic-cta\t m-generic-cta--post-content\t m-generic-cta--dark\t m-generic-cta--homepage\t m-generic-cta--email-signup\t\t m-generic-cta-block-style--default \tt-amp__generic-cta\"><\/p>\n<div class=\"m-generic-cta__wrap\">\n<div class=\"m-generic-cta__content\">\n<h3 class=\"m-generic-cta__title\">Inscreva-se para receber atualiza\u00e7\u00f5es do Celtics\ud83c\udfc0<\/h3>\n<p class=\"m-generic-cta__subtitle\">Receba as \u00faltimas not\u00edcias e an\u00e1lises em sua caixa de entrada durante a temporada de basquete.<\/p>\n<\/p><\/div>\n<\/p><\/div>\n<\/div><\/div>\n<p><script>\n\t\tvar consent=\"grant\";\n\t\t\/* The above code is parsing the JSON data from the local storage and storing it in a variable. *\/\n\t\t\t\t\tconst onetrustStorageConsent = JSON.parse(localStorage.getItem( 'consent_one_trust_bdc' ) );\n\t\t\tif ( ( onetrustStorageConsent !== null ) ) {\n\t\t\t\t\/* Checking to see if the user has consented to the use of cookies.\n\t\t\t\t* If they have not, it is deleting the cookie.\n\t\t\t\t* This will comment for now, until further notice.\n\t\t\t\t*\/\n\t\t\t\t\/\/if ( onetrustStorageConsent.C0002 === false ) {\n\t\t\t\t\/\/\tdocument.cookie=\"_fbp=;expires=Thu, 01 Jan 2010 00:00:00 UTC; path=\/; domain=.boston.com\";\n\t\t\t\t\/\/}\n\t\t\t\t\/* Checking if the user has given consent for the cookie C0002.\n\t\t\t\t* If the user has given consent, the variable consent will be set to 'grant'.\n\t\t\t\t* If the user has not given consent,the variable consent will be set to 'revoke'.\n\t\t\t\t* Documentation https:\/\/developers.facebook.com\/docs\/meta-pixel\/implementation\/gdpr\n\t\t\t\t*\/\n\t\t\t\tif ( onetrustStorageConsent.C0002 !== true ) {\n\t\t\t\t\tconsent=\"revoke\";\n\t\t\t\t}\n\t\t\t}\n\t\t\t\t!function(f,b,e,v,n,t,s)\n\t\t{if(f.fbq)return;n=f.fbq=function(){n.callMethod?\n\t\tn.callMethod.apply(n,arguments):n.queue.push(arguments)};\n\t\tif(!f._fbq)f._fbq=n;n.push=n;n.loaded=!0;n.version='2.0';\n\t\tn.queue=[];t=b.createElement(e);t.async=!0;\n\t\tt.src=v;s=b.getElementsByTagName(e)[0];\n\t\ts.parentNode.insertBefore(t,s)}(window, document,'script',\n\t\t'https:\/\/connect.facebook.net\/en_US\/fbevents.js');\n\t\tfbq('consent', consent);\n\t\tfbq('init', '989222871864976');\n\t\tfbq('track', 'PageView');\n\t<\/script><script type=\"module\">\n\t\tvar consent=\"grant\";\n\t\t\/* The above code is parsing the JSON data from the local storage and storing it in a variable. *\/\n\t\t\tconst onetrustStorageConsent = JSON.parse(localStorage.getItem( 'consent_one_trust_bdc' ) );\n\t\t\t\/* Checking to see if the user has consented to the use of cookies.\n\t\t\t* If they have not, it is deleting the cookie.\n\t\t\t* This will comment for now, until further notice.\n\t\t\t*\/\n\t\t\t\/\/if ( onetrustStorageConsent.C0002 === false ) {\n\t\t\t\/\/\tdocument.cookie=\"_fbp=;expires=Thu, 01 Jan 2010 00:00:00 UTC; path=\/; domain=.boston.com\";\n\t\t\t\/\/}\n\t\t\t\/* Checking if the user has given consent for the cookie C0002.\n\t\t\t* If the user has given consent, the variable consent will be set to 'grant'.\n\t\t\t* If the user has not given consent,the variable consent will be set to 'revoke'.\n\t\t\t* Documentation https:\/\/developers.facebook.com\/docs\/meta-pixel\/implementation\/gdpr\n\t\t\t*\/\n\t\t\tif ( ( onetrustStorageConsent !== null ) && (onetrustStorageConsent.C0002 !== true ) ) {\n\t\t\t\tconsent=\"revoke\";\n\t\t\t}\n\t\t\t\t!function(f,b,e,v,n,t,s){if(f.fbq)return;n=f.fbq=function()\n\t\t{n.callMethod? n.callMethod.apply(n,arguments):n.queue.push(arguments)}\n\t\t;if(!f._fbq)f._fbq=n;\n\t\tn.push=n;n.loaded=!0;n.version='2.0';n.queue=[];t=b.createElement(e);t.async=!0;\n\t\tt.src=v;s=b.getElementsByTagName(e)[0];s.parentNode.insertBefore(t,s)}(window,\n\t\tdocument,'script','https:\/\/connect.facebook.net\/en_US\/fbevents.js');\n\t\tfbq('consent', consent);\n\t\tfbq('init', '813236348753005');\n\t\tfbq('track', \"PageView\");\n\t<\/script><br \/>\n<br \/><br \/>\n<br \/><a href=\"https:\/\/www.boston.com\/sports\/boston-celtics\/2024\/12\/19\/celtics-doc-rivers-basketball-hall-of-fame-nominated\/\">Source link <\/a><\/p>","protected":false},"excerpt":{"rendered":"<p>Celtas Doc Rivers ajudou o Celtics a conquistar um t\u00edtulo da NBA em 2008 e est\u00e1 em quarto lugar na lista de vit\u00f3rias em playoffs entre os treinadores da NBA.&hellip;<\/p>","protected":false},"author":1,"featured_media":79568,"comment_status":"closed","ping_status":"open","sticky":false,"template":"","format":"standard","meta":{"content-type":"","footnotes":""},"categories":[1],"tags":[],"class_list":["post-79567","post","type-post","status-publish","format-standard","has-post-thumbnail","hentry","category-uncategorized"],"_links":{"self":[{"href":"https:\/\/tvbrazilusa.com\/pt\/wp-json\/wp\/v2\/posts\/79567","targetHints":{"allow":["GET"]}}],"collection":[{"href":"https:\/\/tvbrazilusa.com\/pt\/wp-json\/wp\/v2\/posts"}],"about":[{"href":"https:\/\/tvbrazilusa.com\/pt\/wp-json\/wp\/v2\/types\/post"}],"author":[{"embeddable":true,"href":"https:\/\/tvbrazilusa.com\/pt\/wp-json\/wp\/v2\/users\/1"}],"replies":[{"embeddable":true,"href":"https:\/\/tvbrazilusa.com\/pt\/wp-json\/wp\/v2\/comments?post=79567"}],"version-history":[{"count":1,"href":"https:\/\/tvbrazilusa.com\/pt\/wp-json\/wp\/v2\/posts\/79567\/revisions"}],"predecessor-version":[{"id":79569,"href":"https:\/\/tvbrazilusa.com\/pt\/wp-json\/wp\/v2\/posts\/79567\/revisions\/79569"}],"wp:featuredmedia":[{"embeddable":true,"href":"https:\/\/tvbrazilusa.com\/pt\/wp-json\/wp\/v2\/media\/79568"}],"wp:attachment":[{"href":"https:\/\/tvbrazilusa.com\/pt\/wp-json\/wp\/v2\/media?parent=79567"}],"wp:term":[{"taxonomy":"category","embeddable":true,"href":"https:\/\/tvbrazilusa.com\/pt\/wp-json\/wp\/v2\/categories?post=79567"},{"taxonomy":"post_tag","embeddable":true,"href":"https:\/\/tvbrazilusa.com\/pt\/wp-json\/wp\/v2\/tags?post=79567"}],"curies":[{"name":"wp","href":"https:\/\/api.w.org\/{rel}","templated":true}]}}