{"id":79570,"date":"2024-12-20T02:04:30","date_gmt":"2024-12-20T02:04:30","guid":{"rendered":"https:\/\/tvbrazilusa.com\/2024\/12\/20\/jornalistas-do-canal-uol-chamam-de-palhacada-do-governo-investigacao-de-memes-que-podem-ter-sido-causa-da-alta-do-dolar-veja-video\/"},"modified":"2024-12-20T02:04:32","modified_gmt":"2024-12-20T02:04:32","slug":"jornalistas-do-canal-uol-chamam-de-palhacada-do-governo-investigacao-de-memes-que-podem-ter-sido-causa-da-alta-do-dolar-veja-video","status":"publish","type":"post","link":"https:\/\/tvbrazilusa.com\/pt\/2024\/12\/20\/jornalistas-do-canal-uol-chamam-de-palhacada-do-governo-investigacao-de-memes-que-podem-ter-sido-causa-da-alta-do-dolar-veja-video\/","title":{"rendered":"Jornalistas do canal UOL chamam de &#8216;palha\u00e7ada&#8217; do governo investiga\u00e7\u00e3o de memes que podem ter sido causa da alta do d\u00f3lar; VEJA V\u00cdDEO"},"content":{"rendered":"<p> <script async src=\"https:\/\/pagead2.googlesyndication.com\/pagead\/js\/adsbygoogle.js?client=ca-pub-8864793242727901\"\r\n     crossorigin=\"anonymous\"><\/script><br \/>\n<br \/>Jornalistas do canal UOL chamam de &#8216;palha\u00e7ada&#8217; do governo investigas memes que podem ter sido causa da alta do d\u00f3lar<br \/>\n<br \/><br \/>\n<br \/><a href=\"https:\/\/diariodobrasilnoticias.com.br\/noticia\/jornalistas-do-canal-uol-chamam-de-palhacada-do-governo-investigacao-de-memes-que-podem-ter-sido-causa-da-alta-do-dolar-veja-video-676488215398e\">Source link <\/a><\/p>","protected":false},"excerpt":{"rendered":"<p>Jornalistas do canal UOL chamam de &#8216;palha\u00e7ada&#8217; do governo investigas memes que podem ter sido causa da alta do d\u00f3lar Source link<\/p>","protected":false},"author":1,"featured_media":79571,"comment_status":"closed","ping_status":"open","sticky":false,"template":"","format":"standard","meta":{"content-type":"","footnotes":""},"categories":[16],"tags":[123,2448,5313,1267],"class_list":["post-79570","post","type-post","status-publish","format-standard","has-post-thumbnail","hentry","category-noticias","tag-brasil","tag-diario","tag-noticia","tag-noticias"],"_links":{"self":[{"href":"https:\/\/tvbrazilusa.com\/pt\/wp-json\/wp\/v2\/posts\/79570","targetHints":{"allow":["GET"]}}],"collection":[{"href":"https:\/\/tvbrazilusa.com\/pt\/wp-json\/wp\/v2\/posts"}],"about":[{"href":"https:\/\/tvbrazilusa.com\/pt\/wp-json\/wp\/v2\/types\/post"}],"author":[{"embeddable":true,"href":"https:\/\/tvbrazilusa.com\/pt\/wp-json\/wp\/v2\/users\/1"}],"replies":[{"embeddable":true,"href":"https:\/\/tvbrazilusa.com\/pt\/wp-json\/wp\/v2\/comments?post=79570"}],"version-history":[{"count":1,"href":"https:\/\/tvbrazilusa.com\/pt\/wp-json\/wp\/v2\/posts\/79570\/revisions"}],"predecessor-version":[{"id":79572,"href":"https:\/\/tvbrazilusa.com\/pt\/wp-json\/wp\/v2\/posts\/79570\/revisions\/79572"}],"wp:featuredmedia":[{"embeddable":true,"href":"https:\/\/tvbrazilusa.com\/pt\/wp-json\/wp\/v2\/media\/79571"}],"wp:attachment":[{"href":"https:\/\/tvbrazilusa.com\/pt\/wp-json\/wp\/v2\/media?parent=79570"}],"wp:term":[{"taxonomy":"category","embeddable":true,"href":"https:\/\/tvbrazilusa.com\/pt\/wp-json\/wp\/v2\/categories?post=79570"},{"taxonomy":"post_tag","embeddable":true,"href":"https:\/\/tvbrazilusa.com\/pt\/wp-json\/wp\/v2\/tags?post=79570"}],"curies":[{"name":"wp","href":"https:\/\/api.w.org\/{rel}","templated":true}]}}