{"id":79588,"date":"2024-12-20T02:17:00","date_gmt":"2024-12-20T02:17:00","guid":{"rendered":"https:\/\/tvbrazilusa.com\/2024\/12\/20\/projeto-de-lei-protegeria-mulheres-gravidas-encarceradas\/"},"modified":"2024-12-20T02:42:00","modified_gmt":"2024-12-20T02:42:00","slug":"projeto-de-lei-protegeria-mulheres-gravidas-encarceradas","status":"publish","type":"post","link":"https:\/\/tvbrazilusa.com\/pt\/2024\/12\/20\/projeto-de-lei-protegeria-mulheres-gravidas-encarceradas\/","title":{"rendered":"Projeto de lei protegeria mulheres gr\u00e1vidas encarceradas"},"content":{"rendered":"<script async src=\"https:\/\/pagead2.googlesyndication.com\/pagead\/js\/adsbygoogle.js?client=ca-pub-8864793242727901\"\r\n     crossorigin=\"anonymous\"><\/script>\n<p>WASHINGTON, DC \u2014 Este ver\u00e3o, mulheres da Ge\u00f3rgia testemunharam sobre o abuso de mulheres gr\u00e1vidas nas pris\u00f5es e cadeias da Ge\u00f3rgia. Agora, foi apresentado um projeto de lei bipartid\u00e1rio para proteger as mulheres gr\u00e1vidas encarceradas.<br \/>\n<br \/><br \/>\n<br \/><a href=\"https:\/\/www.henryherald.com\/news\/bill-would-protect-pregnant-incarcerated-women\/article_a277fd60-be78-11ef-8c74-57794c2f8fcf.html\">Source link <\/a><\/p>","protected":false},"excerpt":{"rendered":"<p>WASHINGTON, DC \u2014 Este ver\u00e3o, mulheres da Ge\u00f3rgia testemunharam sobre o abuso de mulheres gr\u00e1vidas nas pris\u00f5es e cadeias da Ge\u00f3rgia. Agora, foi apresentado um projeto de lei bipartid\u00e1rio para&hellip;<\/p>","protected":false},"author":1,"featured_media":79589,"comment_status":"closed","ping_status":"open","sticky":false,"template":"","format":"standard","meta":{"content-type":"","footnotes":""},"categories":[1],"tags":[],"class_list":["post-79588","post","type-post","status-publish","format-standard","has-post-thumbnail","hentry","category-uncategorized"],"_links":{"self":[{"href":"https:\/\/tvbrazilusa.com\/pt\/wp-json\/wp\/v2\/posts\/79588","targetHints":{"allow":["GET"]}}],"collection":[{"href":"https:\/\/tvbrazilusa.com\/pt\/wp-json\/wp\/v2\/posts"}],"about":[{"href":"https:\/\/tvbrazilusa.com\/pt\/wp-json\/wp\/v2\/types\/post"}],"author":[{"embeddable":true,"href":"https:\/\/tvbrazilusa.com\/pt\/wp-json\/wp\/v2\/users\/1"}],"replies":[{"embeddable":true,"href":"https:\/\/tvbrazilusa.com\/pt\/wp-json\/wp\/v2\/comments?post=79588"}],"version-history":[{"count":1,"href":"https:\/\/tvbrazilusa.com\/pt\/wp-json\/wp\/v2\/posts\/79588\/revisions"}],"predecessor-version":[{"id":79590,"href":"https:\/\/tvbrazilusa.com\/pt\/wp-json\/wp\/v2\/posts\/79588\/revisions\/79590"}],"wp:featuredmedia":[{"embeddable":true,"href":"https:\/\/tvbrazilusa.com\/pt\/wp-json\/wp\/v2\/media\/79589"}],"wp:attachment":[{"href":"https:\/\/tvbrazilusa.com\/pt\/wp-json\/wp\/v2\/media?parent=79588"}],"wp:term":[{"taxonomy":"category","embeddable":true,"href":"https:\/\/tvbrazilusa.com\/pt\/wp-json\/wp\/v2\/categories?post=79588"},{"taxonomy":"post_tag","embeddable":true,"href":"https:\/\/tvbrazilusa.com\/pt\/wp-json\/wp\/v2\/tags?post=79588"}],"curies":[{"name":"wp","href":"https:\/\/api.w.org\/{rel}","templated":true}]}}