{"id":79602,"date":"2024-12-20T03:18:26","date_gmt":"2024-12-20T03:18:26","guid":{"rendered":"https:\/\/tvbrazilusa.com\/2024\/12\/20\/detetives-de-casos-arquivados-acusam-suspeito-de-assassinato-em-tiroteio-entre-adolescentes-em-miami-12-anos-apos-o-crime-wsvn-7news-noticias-de-miami-clima-esportes-fort-lauderdale\/"},"modified":"2024-12-20T03:26:36","modified_gmt":"2024-12-20T03:26:36","slug":"detetives-de-casos-arquivados-acusam-suspeito-de-assassinato-em-tiroteio-entre-adolescentes-em-miami-12-anos-apos-o-crime-wsvn-7news-noticias-de-miami-clima-esportes-fort-lauderdale","status":"publish","type":"post","link":"https:\/\/tvbrazilusa.com\/pt\/2024\/12\/20\/detetives-de-casos-arquivados-acusam-suspeito-de-assassinato-em-tiroteio-entre-adolescentes-em-miami-12-anos-apos-o-crime-wsvn-7news-noticias-de-miami-clima-esportes-fort-lauderdale\/","title":{"rendered":"Detetives de casos arquivados acusam suspeito de assassinato em tiroteio entre adolescentes em Miami, 12 anos ap\u00f3s o crime &#8211; WSVN 7News | Not\u00edcias de Miami, clima, esportes | Fort Lauderdale"},"content":{"rendered":"<p> <script async src=\"https:\/\/pagead2.googlesyndication.com\/pagead\/js\/adsbygoogle.js?client=ca-pub-8864793242727901\"\r\n     crossorigin=\"anonymous\"><\/script><br \/>\n<\/p>\n<div itemprop=\"articleBody\">\n<p>MIAMI (WSVN) \u2013 Depois de mais de uma d\u00e9cada, detetives de casos arquivados disseram que pegaram o assassino de um adolescente de Miami.<\/p>\n<p>Adrian Grimes compareceu ao tribunal na quinta-feira e foi acusado de homic\u00eddio em primeiro grau e assalto \u00e0 m\u00e3o armada com arma de fogo. <\/p>\n<p>J\u00e1 tendo estado sob cust\u00f3dia federal por acusa\u00e7\u00f5es de drogas, ele agora \u00e9 acusado da morte a tiros de Brian Herrera, de 16 anos, em 2012, poucos dias antes do Natal.<\/p>\n<p>Herrera estava indo de bicicleta at\u00e9 a casa de um amigo quando foi abatido por tiros. Ele logo foi declarado morto no hospital.<\/p>\n<p>A pol\u00edcia disse que o roubo foi um motivo aparente. <\/p>\n<p><em>Copyright 2024 Sunbeam Television Corp. Todos os direitos reservados. Este material n\u00e3o pode ser publicado, transmitido, reescrito ou redistribu\u00eddo.<\/em><\/p>\n<div class=\"wp-block-newsletter\">\n\t<strong class=\"wp-block-newsletter__title\">Cadastre-se em nosso boletim informativo para receber as \u00faltimas not\u00edcias diretamente em sua caixa de entrada<\/strong><\/p>\n<\/div><\/div>\n<p><br \/>\n<br \/><a href=\"https:\/\/wsvn.com\/news\/local\/miami-dade\/cold-case-detectives-charge-murder-suspect-in-miami-teen-shooting-12-years-after-crime\/\">Source link <\/a><\/p>","protected":false},"excerpt":{"rendered":"<p>MIAMI (WSVN) \u2013 Depois de mais de uma d\u00e9cada, detetives de casos arquivados disseram que pegaram o assassino de um adolescente de Miami. Adrian Grimes compareceu ao tribunal na quinta-feira&hellip;<\/p>","protected":false},"author":1,"featured_media":79603,"comment_status":"closed","ping_status":"open","sticky":false,"template":"","format":"standard","meta":{"content-type":"","footnotes":""},"categories":[1],"tags":[],"class_list":["post-79602","post","type-post","status-publish","format-standard","has-post-thumbnail","hentry","category-uncategorized"],"_links":{"self":[{"href":"https:\/\/tvbrazilusa.com\/pt\/wp-json\/wp\/v2\/posts\/79602","targetHints":{"allow":["GET"]}}],"collection":[{"href":"https:\/\/tvbrazilusa.com\/pt\/wp-json\/wp\/v2\/posts"}],"about":[{"href":"https:\/\/tvbrazilusa.com\/pt\/wp-json\/wp\/v2\/types\/post"}],"author":[{"embeddable":true,"href":"https:\/\/tvbrazilusa.com\/pt\/wp-json\/wp\/v2\/users\/1"}],"replies":[{"embeddable":true,"href":"https:\/\/tvbrazilusa.com\/pt\/wp-json\/wp\/v2\/comments?post=79602"}],"version-history":[{"count":1,"href":"https:\/\/tvbrazilusa.com\/pt\/wp-json\/wp\/v2\/posts\/79602\/revisions"}],"predecessor-version":[{"id":79604,"href":"https:\/\/tvbrazilusa.com\/pt\/wp-json\/wp\/v2\/posts\/79602\/revisions\/79604"}],"wp:featuredmedia":[{"embeddable":true,"href":"https:\/\/tvbrazilusa.com\/pt\/wp-json\/wp\/v2\/media\/79603"}],"wp:attachment":[{"href":"https:\/\/tvbrazilusa.com\/pt\/wp-json\/wp\/v2\/media?parent=79602"}],"wp:term":[{"taxonomy":"category","embeddable":true,"href":"https:\/\/tvbrazilusa.com\/pt\/wp-json\/wp\/v2\/categories?post=79602"},{"taxonomy":"post_tag","embeddable":true,"href":"https:\/\/tvbrazilusa.com\/pt\/wp-json\/wp\/v2\/tags?post=79602"}],"curies":[{"name":"wp","href":"https:\/\/api.w.org\/{rel}","templated":true}]}}