{"id":79617,"date":"2024-12-20T03:58:30","date_gmt":"2024-12-20T03:58:30","guid":{"rendered":"https:\/\/tvbrazilusa.com\/2024\/12\/20\/eu-chamo-isso-de-oasis-a-missao-do-residente-para-restaurar-a-casa-de-opa-locka-recebe-atencao-e-elogios-internacionais-wsvn-7news-noticias-de-miami-clima-esportes-fort-lauderdale\/"},"modified":"2024-12-20T04:02:10","modified_gmt":"2024-12-20T04:02:10","slug":"eu-chamo-isso-de-oasis-a-missao-do-residente-para-restaurar-a-casa-de-opa-locka-recebe-atencao-e-elogios-internacionais-wsvn-7news-noticias-de-miami-clima-esportes-fort-lauderdale","status":"publish","type":"post","link":"https:\/\/tvbrazilusa.com\/pt\/2024\/12\/20\/eu-chamo-isso-de-oasis-a-missao-do-residente-para-restaurar-a-casa-de-opa-locka-recebe-atencao-e-elogios-internacionais-wsvn-7news-noticias-de-miami-clima-esportes-fort-lauderdale\/","title":{"rendered":"&#8216;Eu chamo isso de o\u00e1sis&#8217;: a miss\u00e3o do residente para restaurar a casa de Opa-locka recebe aten\u00e7\u00e3o e elogios internacionais &#8211; WSVN 7News | Not\u00edcias de Miami, clima, esportes | Fort Lauderdale"},"content":{"rendered":"<p> <script async src=\"https:\/\/pagead2.googlesyndication.com\/pagead\/js\/adsbygoogle.js?client=ca-pub-8864793242727901\"\r\n     crossorigin=\"anonymous\"><\/script><br \/>\n<\/p>\n<div itemprop=\"articleBody\">\n<p>(WSVN) &#8211; Uma casa em Opa-locka est\u00e1 recebendo aten\u00e7\u00e3o internacional gra\u00e7as a um homem que decidiu restaur\u00e1-la.<\/p>\n<p>Heather Walker tem o 7Spotlight desta noite.<\/p>\n<p>Ao entrar na propriedade, voc\u00ea \u00e9 transportado para fora da Fl\u00f3rida e para o mundo das Mil e Uma Noites.<\/p>\n<p>Alex Van Mecl e seu marido compraram a casa durante a pandemia.<\/p>\n<p>Alex Van Mecl: \u201cQuando nos mudamos, a casa certamente n\u00e3o tinha a mesma apar\u00eancia de hoje. At\u00e9 a cor mudou, mas era tudo grama morta.\u201d<\/p>\n<p>Apesar do exterior r\u00fastico, Alex ficou intrigado com um pequeno detalhe.<\/p>\n<p>Alex Van Mecl: \u201cO que me chamou a aten\u00e7\u00e3o ao caminhar at\u00e9 a porta da frente foi uma placa.\u201d<\/p>\n<p>Acontece que a casa est\u00e1 listada no registro hist\u00f3rico de Opa-locka. <\/p>\n<p>Portanto, este f\u00e3 de hist\u00f3ria partiu em miss\u00e3o para restaurar a casa \u00e0 sua gl\u00f3ria original.<\/p>\n<p>Alex Van Mecl: \u201cReconhe\u00e7o que havia elementos desta casa que estavam originalmente l\u00e1, que n\u00e3o estamos l\u00e1 hoje. Diferentes tipos de aberturas de janela, uma pequena lanterna marroquina na frente e, mais notavelmente, e \u00e9 a quintess\u00eancia do Opa-locka, uma c\u00fapula que costumava ficar no topo da casa, na porta da frente.<\/p>\n<p>Gra\u00e7as \u00e0 ajuda dos arquivos da Universidade de Miami, ele conseguiu encontrar os planos originais e dar vida a eles.<\/p>\n<p>Alex Van Mecl: \u201cN\u00e3o h\u00e1 outro lugar na Am\u00e9rica que tenha o esfor\u00e7o conjunto e o compromisso de ter um design unificado \u00e1rabe-mourisco inspirado nas Mil e Uma Noites. Simplesmente n\u00e3o existe.\u201d<\/p>\n<p>Opa-locka \u00e9 \u00fanico, com grandes c\u00fapulas e nomes de ruas como Ali-Baba.<\/p>\n<p>A cidade foi fundada pelo pioneiro da avia\u00e7\u00e3o Glenn Curtis em 1926, que sonhava em dar vida \u00e0s Mil e Uma Noites aqui no sul da Fl\u00f3rida, mas morreu antes de terminar.<\/p>\n<p>Alex Van Mecl: \u201cEstou apenas pegando a tocha e seguindo em frente, e estou reconhecendo o valor e a import\u00e2ncia e salvando isso.\u201d<\/p>\n<p>E por causa de Alex, o resto do mundo est\u00e1 vendo a beleza de Opa-locka.<\/p>\n<p>Alex Van Mecl: \u201cEsta \u00e9 a maior conquista.\u201d<\/p>\n<p>Sua casa tem sido usada para todos os tipos de sess\u00f5es de fotos, incluindo a capa da Harper&#8217;s Bazaar Vietnam.<\/p>\n<p>Alex Van Mecl: \u201cDe todas as coisas que foram filmadas aqui, este \u00e9 definitivamente o destaque.\u201d <\/p>\n<p>Agora que sua casa est\u00e1 quase pronta, Alex est\u00e1 ajudando seus vizinhos a restaurar suas casas.<\/p>\n<p>Alex Van Mecl: \u201cQuer\u00edamos muito fazer parte do Opa-locka e abra\u00e7ar o tema.\u201d<\/p>\n<p>E abra\u00e7ando sua comunidade.<\/p>\n<p>Heather Walker, 7News.<\/p>\n<p><strong>Se voc\u00ea conhece uma pessoa, lugar ou grupo que acha que devemos destacar, envie-nos um email para <a href=\"https:\/\/wsvn.com\/news\/7spotlight\/i-call-this-the-oasis-residents-mission-to-restore-opa-locka-home-receives-international-attention-and-praise\/mailto:7spotlight@wsvn.com\" target=\"_blank\" rel=\"noreferrer noopener\">7spotlight@wsvn.com<\/a>.<\/strong><\/p>\n<p><em>Copyright 2024 Sunbeam Television Corp. Todos os direitos reservados. Este material n\u00e3o pode ser publicado, transmitido, reescrito ou redistribu\u00eddo.<\/em><\/p>\n<div class=\"wp-block-newsletter\">\n\t<strong class=\"wp-block-newsletter__title\">Cadastre-se em nosso boletim informativo para receber as \u00faltimas not\u00edcias diretamente em sua caixa de entrada<\/strong><\/p>\n<\/div><\/div>\n<p><br \/>\n<br \/><a href=\"https:\/\/wsvn.com\/news\/7spotlight\/i-call-this-the-oasis-residents-mission-to-restore-opa-locka-home-receives-international-attention-and-praise\/\">Source link <\/a><\/p>","protected":false},"excerpt":{"rendered":"<p>(WSVN) &#8211; Uma casa em Opa-locka est\u00e1 recebendo aten\u00e7\u00e3o internacional gra\u00e7as a um homem que decidiu restaur\u00e1-la. Heather Walker tem o 7Spotlight desta noite. Ao entrar na propriedade, voc\u00ea \u00e9&hellip;<\/p>","protected":false},"author":1,"featured_media":79618,"comment_status":"closed","ping_status":"open","sticky":false,"template":"","format":"standard","meta":{"content-type":"","footnotes":""},"categories":[1],"tags":[],"class_list":["post-79617","post","type-post","status-publish","format-standard","has-post-thumbnail","hentry","category-uncategorized"],"_links":{"self":[{"href":"https:\/\/tvbrazilusa.com\/pt\/wp-json\/wp\/v2\/posts\/79617","targetHints":{"allow":["GET"]}}],"collection":[{"href":"https:\/\/tvbrazilusa.com\/pt\/wp-json\/wp\/v2\/posts"}],"about":[{"href":"https:\/\/tvbrazilusa.com\/pt\/wp-json\/wp\/v2\/types\/post"}],"author":[{"embeddable":true,"href":"https:\/\/tvbrazilusa.com\/pt\/wp-json\/wp\/v2\/users\/1"}],"replies":[{"embeddable":true,"href":"https:\/\/tvbrazilusa.com\/pt\/wp-json\/wp\/v2\/comments?post=79617"}],"version-history":[{"count":1,"href":"https:\/\/tvbrazilusa.com\/pt\/wp-json\/wp\/v2\/posts\/79617\/revisions"}],"predecessor-version":[{"id":79619,"href":"https:\/\/tvbrazilusa.com\/pt\/wp-json\/wp\/v2\/posts\/79617\/revisions\/79619"}],"wp:featuredmedia":[{"embeddable":true,"href":"https:\/\/tvbrazilusa.com\/pt\/wp-json\/wp\/v2\/media\/79618"}],"wp:attachment":[{"href":"https:\/\/tvbrazilusa.com\/pt\/wp-json\/wp\/v2\/media?parent=79617"}],"wp:term":[{"taxonomy":"category","embeddable":true,"href":"https:\/\/tvbrazilusa.com\/pt\/wp-json\/wp\/v2\/categories?post=79617"},{"taxonomy":"post_tag","embeddable":true,"href":"https:\/\/tvbrazilusa.com\/pt\/wp-json\/wp\/v2\/tags?post=79617"}],"curies":[{"name":"wp","href":"https:\/\/api.w.org\/{rel}","templated":true}]}}