{"id":7965,"date":"2024-07-24T21:31:15","date_gmt":"2024-07-24T21:31:15","guid":{"rendered":"https:\/\/tvbrazilusa.com\/2024\/07\/24\/porto-rico-proibe-discriminacao-contra-quem-usa-afros-e-outros-penteados-em-ilha-diversa\/"},"modified":"2024-07-24T21:37:23","modified_gmt":"2024-07-24T21:37:23","slug":"porto-rico-proibe-discriminacao-contra-quem-usa-afros-e-outros-penteados-em-ilha-diversa","status":"publish","type":"post","link":"https:\/\/tvbrazilusa.com\/pt\/2024\/07\/24\/porto-rico-proibe-discriminacao-contra-quem-usa-afros-e-outros-penteados-em-ilha-diversa\/","title":{"rendered":"Porto Rico pro\u00edbe discrimina\u00e7\u00e3o contra quem usa afros e outros penteados em ilha diversa"},"content":{"rendered":"<script async src=\"https:\/\/pagead2.googlesyndication.com\/pagead\/js\/adsbygoogle.js?client=ca-pub-8864793242727901\"\r\n     crossorigin=\"anonymous\"><\/script>\n<div id=\"\">\n<p class=\"dist__Box-sc-1fnzlkn-0 dist__TextBase-sc-1fnzlkn-3 CGHCP htMUPQ article-text\"><strong>S\u00c3O JO\u00c3O<\/strong> \u2013 O governador de Porto Rico assinou na quarta-feira uma lei que pro\u00edbe a discrimina\u00e7\u00e3o contra pessoas que usam afros, cachos, dreads, twists, tran\u00e7as e outros estilos de cabelo no territ\u00f3rio racialmente diverso dos EUA.<\/p>\n<p class=\"dist__Box-sc-1fnzlkn-0 dist__TextBase-sc-1fnzlkn-3 CGHCP htMUPQ article-text\">A medida foi comemorada por aqueles que h\u00e1 muito exigiam prote\u00e7\u00e3o expl\u00edcita relacionada ao trabalho, moradia, educa\u00e7\u00e3o e servi\u00e7os p\u00fablicos.<\/p>\n<p class=\"dist__Box-sc-1fnzlkn-0 dist__TextBase-sc-1fnzlkn-3 CGHCP htMUPQ article-text\">\u201c\u00c9 uma vit\u00f3ria para as gera\u00e7\u00f5es futuras\u201d, disse Welmo Romero Joseph, facilitador comunit\u00e1rio da organiza\u00e7\u00e3o sem fins lucrativos Taller Salud, em uma entrevista.<\/p>\n<p class=\"dist__Box-sc-1fnzlkn-0 dist__TextBase-sc-1fnzlkn-3 CGHCP htMUPQ article-text\">A organiza\u00e7\u00e3o \u00e9 uma das v\u00e1rias que t\u00eam pressionado pela lei, com Romero observando que ela envia uma mensagem forte de que \u201cvoc\u00ea pode alcan\u00e7ar posi\u00e7\u00f5es de poder sem ter que mudar sua identidade\u201d.<\/p>\n<p class=\"dist__Box-sc-1fnzlkn-0 dist__TextBase-sc-1fnzlkn-3 CGHCP htMUPQ article-text\">Embora as leis e a constitui\u00e7\u00e3o de Porto Rico protejam contra a discrimina\u00e7\u00e3o, juntamente com o T\u00edtulo VII da Lei dos Direitos Civis, um precedente foi estabelecido em 2016 quando um Tribunal de Apela\u00e7\u00f5es dos EUA rejeitou uma a\u00e7\u00e3o de discrimina\u00e7\u00e3o e decidiu que a pol\u00edtica de proibi\u00e7\u00e3o de dreadlocks de um empregador no Alabama n\u00e3o violava o T\u00edtulo VII.<\/p>\n<p class=\"dist__Box-sc-1fnzlkn-0 dist__TextBase-sc-1fnzlkn-3 CGHCP htMUPQ article-text\">No in\u00edcio deste ano, os legisladores do territ\u00f3rio dos EUA <a href=\"https:\/\/apnews.com\/article\/puerto-rico-hairstyles-discrimination-education-housing-8315e71b1a300ebce1130a03b805ad00\">realizou uma audi\u00eancia p\u00fablica sobre o assunto<\/a>com v\u00e1rios porto-riquenhos compartilhando exemplos de como foram discriminados, incluindo ofertas de emprego condicionadas a cortes de cabelo.<\/p>\n<p class=\"dist__Box-sc-1fnzlkn-0 dist__TextBase-sc-1fnzlkn-3 CGHCP htMUPQ article-text\">\u00c9 uma hist\u00f3ria familiar para Romero, que se lembra de como o diretor de uma escola ordenou que ele cortasse seu cabelo liso.<\/p>\n<p class=\"dist__Box-sc-1fnzlkn-0 dist__TextBase-sc-1fnzlkn-3 CGHCP htMUPQ article-text\">\u201cEra uma fonte de orgulho\u201d, ele disse sobre aquele penteado. \u201cEu era um aluno 4.0. O que isso tinha a ver com meu cabelo?\u201d<\/p>\n<p class=\"dist__Box-sc-1fnzlkn-0 dist__TextBase-sc-1fnzlkn-3 CGHCP htMUPQ article-text\">Com uma popula\u00e7\u00e3o de 3,2 milh\u00f5es, Porto Rico tem mais de 1,6 milh\u00e3o de pessoas que se identificam como pertencentes a duas ou mais ra\u00e7as, com quase 230.000 se identificando exclusivamente como negras, de acordo com o Censo dos EUA.<\/p>\n<p class=\"dist__Box-sc-1fnzlkn-0 dist__TextBase-sc-1fnzlkn-3 CGHCP htMUPQ article-text\">\u201cInfelizmente, pessoas identificadas como negras ou afrodescendentes em Porto Rico ainda enfrentam tratamento depreciativo, priva\u00e7\u00e3o de oportunidades, marginaliza\u00e7\u00e3o, exclus\u00e3o e todos os tipos de discrimina\u00e7\u00e3o\u201d, afirma a lei assinada na quarta-feira.<\/p>\n<p class=\"dist__Box-sc-1fnzlkn-0 dist__TextBase-sc-1fnzlkn-3 CGHCP htMUPQ article-text\">Embora Romero tenha elogiado a lei, ele alertou que s\u00e3o necess\u00e1rias medidas para garantir que ela seja cumprida.<\/p>\n<p class=\"dist__Box-sc-1fnzlkn-0 dist__TextBase-sc-1fnzlkn-3 CGHCP htMUPQ article-text\">No continente americano, pelo menos duas d\u00fazias de estados aprovaram vers\u00f5es do CROWN Act, que visa proibir a discrimina\u00e7\u00e3o capilar baseada em ra\u00e7a e significa \u201cCriar um Mundo Respeitoso e Aberto para o Cabelo Natural\u201d.<\/p>\n<p class=\"dist__Box-sc-1fnzlkn-0 dist__TextBase-sc-1fnzlkn-3 CGHCP htMUPQ article-text\">Entre esses estados est\u00e1 o Texas, <a href=\"https:\/\/apnews.com\/article\/hairstyles-dreadlocks-racial-discrimination-crown-act-034a59b9f2652881470dc606b39e5243\">onde um estudante negro do ensino m\u00e9dio foi suspenso<\/a> depois que autoridades escolares disseram que seus dreadlocks ca\u00edam abaixo das sobrancelhas e l\u00f3bulos das orelhas, violando o c\u00f3digo de vestimenta.<\/p>\n<p class=\"dist__Box-sc-1fnzlkn-0 dist__TextBase-sc-1fnzlkn-3 CGHCP htMUPQ article-text\">Um relat\u00f3rio de mar\u00e7o do Economic Policy Institute descobriu que nem todos os estados alteraram seus c\u00f3digos educacionais para proteger alunos de escolas p\u00fablicas e privadas, e que alguns estados permitiram certas exce\u00e7\u00f5es \u00e0 Lei CROWN.<\/p>\n<p class=\"dist__Box-sc-1fnzlkn-0 dist__TextBase-sc-1fnzlkn-3 CGHCP htMUPQ article-text\">Uma vers\u00e3o federal foi aprovada pela C\u00e2mara dos Representantes dos EUA em 2022, mas falhou no Senado. Em maio, os legisladores democratas reintroduziram a legisla\u00e7\u00e3o.<\/p>\n<\/div>\n<p>Copyright 2024 The Associated Press. Todos os direitos reservados. Este material n\u00e3o pode ser publicado, transmitido, reescrito ou redistribu\u00eddo sem permiss\u00e3o.<\/p>\n<p><br \/>\n<br \/><a href=\"https:\/\/www.clickorlando.com\/news\/world\/2024\/07\/24\/puerto-rico-bans-discrimination-against-those-who-wear-afros-and-other-hairstyles-on-diverse-island\/\">Source link <\/a><\/p>","protected":false},"excerpt":{"rendered":"<p>S\u00c3O JO\u00c3O \u2013 O governador de Porto Rico assinou na quarta-feira uma lei que pro\u00edbe a discrimina\u00e7\u00e3o contra pessoas que usam afros, cachos, dreads, twists, tran\u00e7as e outros estilos de&hellip;<\/p>","protected":false},"author":1,"featured_media":7966,"comment_status":"closed","ping_status":"open","sticky":false,"template":"","format":"standard","meta":{"content-type":"","footnotes":""},"categories":[1],"tags":[1662,1419,1411],"class_list":["post-7965","post","type-post","status-publish","format-standard","has-post-thumbnail","hentry","category-uncategorized","tag-estilo-de-vida","tag-noticias-do-mundo","tag-noticias-dos-eua"],"_links":{"self":[{"href":"https:\/\/tvbrazilusa.com\/pt\/wp-json\/wp\/v2\/posts\/7965","targetHints":{"allow":["GET"]}}],"collection":[{"href":"https:\/\/tvbrazilusa.com\/pt\/wp-json\/wp\/v2\/posts"}],"about":[{"href":"https:\/\/tvbrazilusa.com\/pt\/wp-json\/wp\/v2\/types\/post"}],"author":[{"embeddable":true,"href":"https:\/\/tvbrazilusa.com\/pt\/wp-json\/wp\/v2\/users\/1"}],"replies":[{"embeddable":true,"href":"https:\/\/tvbrazilusa.com\/pt\/wp-json\/wp\/v2\/comments?post=7965"}],"version-history":[{"count":1,"href":"https:\/\/tvbrazilusa.com\/pt\/wp-json\/wp\/v2\/posts\/7965\/revisions"}],"predecessor-version":[{"id":7967,"href":"https:\/\/tvbrazilusa.com\/pt\/wp-json\/wp\/v2\/posts\/7965\/revisions\/7967"}],"wp:featuredmedia":[{"embeddable":true,"href":"https:\/\/tvbrazilusa.com\/pt\/wp-json\/wp\/v2\/media\/7966"}],"wp:attachment":[{"href":"https:\/\/tvbrazilusa.com\/pt\/wp-json\/wp\/v2\/media?parent=7965"}],"wp:term":[{"taxonomy":"category","embeddable":true,"href":"https:\/\/tvbrazilusa.com\/pt\/wp-json\/wp\/v2\/categories?post=7965"},{"taxonomy":"post_tag","embeddable":true,"href":"https:\/\/tvbrazilusa.com\/pt\/wp-json\/wp\/v2\/tags?post=7965"}],"curies":[{"name":"wp","href":"https:\/\/api.w.org\/{rel}","templated":true}]}}