{"id":79651,"date":"2024-12-20T08:40:49","date_gmt":"2024-12-20T08:40:49","guid":{"rendered":"https:\/\/tvbrazilusa.com\/2024\/12\/20\/%f0%9f%8c%b1-a-equoterapia-transforma-vidas-em-fort-myers\/"},"modified":"2024-12-20T08:45:40","modified_gmt":"2024-12-20T08:45:40","slug":"%f0%9f%8c%b1-a-equoterapia-transforma-vidas-em-fort-myers","status":"publish","type":"post","link":"https:\/\/tvbrazilusa.com\/pt\/2024\/12\/20\/%f0%9f%8c%b1-a-equoterapia-transforma-vidas-em-fort-myers\/","title":{"rendered":"\ud83c\udf31 A equoterapia transforma vidas em Fort Myers"},"content":{"rendered":"<p> <script async src=\"https:\/\/pagead2.googlesyndication.com\/pagead\/js\/adsbygoogle.js?client=ca-pub-8864793242727901\"\r\n     crossorigin=\"anonymous\"><\/script><br \/>\n<\/p>\n<div>\n<p>\u2615\ufe0f\ufe0fBom dia Fort Myers! Estamos de volta \u00e0 sua caixa de entrada, mantendo voc\u00ea atualizado sobre o que est\u00e1 acontecendo na cidade e nos arredores. <strong>No boletim informativo de hoje:<\/strong><\/p>\n<\/div>\n<div>\n<ul>\n<li>A equoterapia transforma vidas em Fort Myers<\/li>\n<li>Hamfest traz entusiastas de r\u00e1dio para Fort Myers<\/li>\n<li>Torneio City of Palms impulsiona turismo em Fort Myers<\/li>\n<\/ul>\n<p>Tamb\u00e9m no calend\u00e1rio de hoje: <strong>Mercado de empreendedores infantis com mercado de agricultores de ra\u00edzes locais<\/strong> e 12 outros eventos.<\/p>\n<p><em>Enigma de hoje:<\/em> Por que os esqueletos n\u00e3o lutam entre si? \ud83e\udd14 Continue lendo para descobrir.<\/p>\n<\/div>\n<div>\n<hr\/>\n<p> <a href=\"https:\/\/patch.com\/florida\/fort-myers\/weather\"><strong>Previs\u00e3o do tempo:<\/strong><\/a> <\/p>\n<ul>\n<li class=\"sans\"><strong>Sexta-feira:<\/strong> Parcialmente ensolarado, com m\u00e1xima de 76 e m\u00ednima de 51 graus. <\/li>\n<li class=\"sans\"><strong>S\u00e1bado:<\/strong> Principalmente nublado e frio, temperatura: alta: 66, baixa: 46. <\/li>\n<li class=\"sans\"><strong>Domingo:<\/strong> Parcialmente ensolarado e agrad\u00e1vel, com m\u00e1xima de 72 e m\u00ednima de 54 graus. <\/li>\n<\/ul>\n<hr\/>\n<h4>\ud83d\udcf0 <strong>Not\u00edcias que estamos lendo<\/strong><\/h4>\n<p><b>1. Seguindo em frente diante das adversidades com o programa Fort Myers<\/b> (<a href=\"https:\/\/www.nbc-2.com\/article\/trotting-on-in-the-face-of-adversity-with-fort-myers-program\/63228695\" target=\"_blank\" rel=\"nofollow\">nbc-2.com<\/a>) \u2014 Em Fort Myers, um programa de equoterapia est\u00e1 causando um impacto significativo em indiv\u00edduos que enfrentam desafios f\u00edsicos, ajudando-os a recuperar um senso de normalidade e comunidade. O programa destaca os benef\u00edcios terap\u00eauticos da cavalgada, oferecendo esperan\u00e7a e resili\u00eancia aos participantes. <br \/><a href=\"https:\/\/fort-myers-fl.patch.am\/rate-item?d=u&#038;h=eyJsb2MiOiI3NjkyIiwic291cmNlIjoibmJjLTIuY29tIiwidGl0bGUiOiJUcm90dGluZyBvbiBpbiB0aGUgZmFjZSBvZiBhZHZlcnNpdHkgd2l0aCBGb3J0IE15ZXJzIHByb2dyYW0iLCJ1cmwiOiJodHRwczpcL1wvd3d3Lm5iYy0yLmNvbVwvYXJ0aWNsZVwvdHJvdHRpbmctb24taW4tdGhlLWZhY2Utb2YtYWR2ZXJzaXR5LXdpdGgtZm9ydC1teWVycy1wcm9ncmFtXC82MzIyODY5NSIsImFydGlkIjoiNzUyMmVhOGU4ZDA0YTkzZTJmYWVjZTUwZjFjYjU4MDcifQ==\" target=\"_blank\" rel=\"nofollow\"><\/a>   <a href=\"https:\/\/fort-myers-fl.patch.am\/rate-item?d=d&#038;h=eyJsb2MiOiI3NjkyIiwic291cmNlIjoibmJjLTIuY29tIiwidGl0bGUiOiJUcm90dGluZyBvbiBpbiB0aGUgZmFjZSBvZiBhZHZlcnNpdHkgd2l0aCBGb3J0IE15ZXJzIHByb2dyYW0iLCJ1cmwiOiJodHRwczpcL1wvd3d3Lm5iYy0yLmNvbVwvYXJ0aWNsZVwvdHJvdHRpbmctb24taW4tdGhlLWZhY2Utb2YtYWR2ZXJzaXR5LXdpdGgtZm9ydC1teWVycy1wcm9ncmFtXC82MzIyODY5NSIsImFydGlkIjoiNzUyMmVhOGU4ZDA0YTkzZTJmYWVjZTUwZjFjYjU4MDcifQ==\" target=\"_blank\" rel=\"nofollow\"><img decoding=\"async\" class=\"thumbs\" width=\"16\" height=\"16\" src=\"https:\/\/patch.com\/img\/cdn\/assets\/layout\/thumb_down_16x16.png\" data-sizes=\"(min-width: 780px) 726px, 100vw\" srcset=\"https:\/\/patch.com\/img\/cdn\/assets\/layout\/thumb_down_16x16.png?width=640 640w, https:\/\/patch.com\/img\/cdn\/assets\/layout\/thumb_down_16x16.png?width=726 726w\"\/><\/a><\/p>\n<\/div>\n<div>\n<p><b>2. Hamfest trar\u00e1 entusiastas de r\u00e1dio amador para Fort Myers<\/b> (<a href=\"https:\/\/www.pineisland-eagle.com\/2024\/12\/20\/hamfest-to-bring-amateur-radio-enthusiasts-to-fort-myers\" target=\"_blank\" rel=\"nofollow\">pineisland-eagle. com<\/a>) &#8211; O Hamfest Regional do Sudoeste da Fl\u00f3rida est\u00e1 definido para transformar Fort Myers em um centro movimentado para entusiastas de r\u00e1dio amador nos dias 10 e 11 de janeiro. <b>Fort Myers<\/b> O Amateur Radio Club oferece testes de licen\u00e7a da FCC, workshops e um animado mercado de pulgas no Florida Southwestern State College. <br \/><a href=\"https:\/\/fort-myers-fl.patch.am\/rate-item?d=u&#038;h=eyJsb2MiOiI3NjkyIiwic291cmNlIjoicGluZWlzbGFuZC1lYWdsZS5jb20iLCJ0aXRsZSI6IkhhbWZlc3QgdG8gYnJpbmcgYW1hdGV1ciByYWRpbyBlbnRodXNpYXN0cyB0byBGb3J0IE15ZXJzIiwidXJsIjoiaHR0cHM6XC9cL3d3dy5waW5laXNsYW5kLWVhZ2xlLmNvbVwvMjAyNFwvMTJcLzIwXC9oYW1mZXN0LXRvLWJyaW5nLWFtYXRldXItcmFkaW8tZW50aHVzaWFzdHMtdG8tZm9ydC1teWVycyIsImFydGlkIjoiMDhhOTc0N2RiMGQ5OGY1ODlmYmJkYTBlYTZiN2RhYzQifQ==\" target=\"_blank\" rel=\"nofollow\"><img decoding=\"async\" class=\"thumbs\" width=\"16\" height=\"16\" src=\"https:\/\/patch.com\/img\/cdn\/assets\/layout\/thumb_up_16x16.png\" data-rel=\"penci-gallery-image-content\"  data-sizes=\"(min-width: 780px) 726px, 100vw\" srcset=\"https:\/\/patch.com\/img\/cdn\/assets\/layout\/thumb_up_16x16.png?width=640 640w, https:\/\/patch.com\/img\/cdn\/assets\/layout\/thumb_up_16x16.png?width=726 726w\"\/><\/a>   <a href=\"https:\/\/fort-myers-fl.patch.am\/rate-item?d=d&#038;h=eyJsb2MiOiI3NjkyIiwic291cmNlIjoicGluZWlzbGFuZC1lYWdsZS5jb20iLCJ0aXRsZSI6IkhhbWZlc3QgdG8gYnJpbmcgYW1hdGV1ciByYWRpbyBlbnRodXNpYXN0cyB0byBGb3J0IE15ZXJzIiwidXJsIjoiaHR0cHM6XC9cL3d3dy5waW5laXNsYW5kLWVhZ2xlLmNvbVwvMjAyNFwvMTJcLzIwXC9oYW1mZXN0LXRvLWJyaW5nLWFtYXRldXItcmFkaW8tZW50aHVzaWFzdHMtdG8tZm9ydC1teWVycyIsImFydGlkIjoiMDhhOTc0N2RiMGQ5OGY1ODlmYmJkYTBlYTZiN2RhYzQifQ==\" target=\"_blank\" rel=\"nofollow\"><img decoding=\"async\" class=\"thumbs\" width=\"16\" height=\"16\" src=\"https:\/\/patch.com\/img\/cdn\/assets\/layout\/thumb_down_16x16.png\" data-sizes=\"(min-width: 780px) 726px, 100vw\" srcset=\"https:\/\/patch.com\/img\/cdn\/assets\/layout\/thumb_down_16x16.png?width=640 640w, https:\/\/patch.com\/img\/cdn\/assets\/layout\/thumb_down_16x16.png?width=726 726w\"\/><\/a><\/p>\n<p><b>3. Mais que um jogo: Torneio Cidade das Palmeiras impulsiona turismo no SWFL<\/b> (<a href=\"https:\/\/winknews.com\/2024\/12\/19\/city-of-palms-tournament-boosts-tourism-in-southwest-florida\" target=\"_blank\" rel=\"nofollow\">winknews. com<\/a>) \u2014 O torneio de basquete City of Palms, em Fort Myers, est\u00e1 atraindo milhares de visitantes, impulsionando o turismo local e gerando um impacto econ\u00f4mico significativo. Com os melhores talentos do ensino m\u00e9dio e multid\u00f5es entusiasmadas, o evento promete energizar a cidade. <br \/><a href=\"https:\/\/fort-myers-fl.patch.am\/rate-item?d=u&#038;h=eyJsb2MiOiI3NjkyIiwic291cmNlIjoid2lua25ld3MuY29tIiwidGl0bGUiOiJNb3JlIHRoYW4gYSBnYW1lOiBDaXR5IG9mIFBhbG1zIFRvdXJuYW1lbnQgYm9vc3RzIHRvdXJpc20gaW4gU1dGTCIsInVybCI6Imh0dHBzOlwvXC93aW5rbmV3cy5jb21cLzIwMjRcLzEyXC8xOVwvY2l0eS1vZi1wYWxtcy10b3VybmFtZW50LWJvb3N0cy10b3VyaXNtLWluLXNvdXRod2VzdC1mbG9yaWRhIiwiYXJ0aWQiOiI5M2Y4NGIzODMxYzdmOWI2NGU1MDA1NmZlNDAwNjhiYSJ9\" target=\"_blank\" rel=\"nofollow\"><img decoding=\"async\" class=\"thumbs\" width=\"16\" height=\"16\" src=\"https:\/\/patch.com\/img\/cdn\/assets\/layout\/thumb_up_16x16.png\" data-rel=\"penci-gallery-image-content\"  data-sizes=\"(min-width: 780px) 726px, 100vw\" srcset=\"https:\/\/patch.com\/img\/cdn\/assets\/layout\/thumb_up_16x16.png?width=640 640w, https:\/\/patch.com\/img\/cdn\/assets\/layout\/thumb_up_16x16.png?width=726 726w\"\/><\/a>   <a href=\"https:\/\/fort-myers-fl.patch.am\/rate-item?d=d&#038;h=eyJsb2MiOiI3NjkyIiwic291cmNlIjoid2lua25ld3MuY29tIiwidGl0bGUiOiJNb3JlIHRoYW4gYSBnYW1lOiBDaXR5IG9mIFBhbG1zIFRvdXJuYW1lbnQgYm9vc3RzIHRvdXJpc20gaW4gU1dGTCIsInVybCI6Imh0dHBzOlwvXC93aW5rbmV3cy5jb21cLzIwMjRcLzEyXC8xOVwvY2l0eS1vZi1wYWxtcy10b3VybmFtZW50LWJvb3N0cy10b3VyaXNtLWluLXNvdXRod2VzdC1mbG9yaWRhIiwiYXJ0aWQiOiI5M2Y4NGIzODMxYzdmOWI2NGU1MDA1NmZlNDAwNjhiYSJ9\" target=\"_blank\" rel=\"nofollow\"><img decoding=\"async\" class=\"thumbs\" width=\"16\" height=\"16\" src=\"https:\/\/patch.com\/img\/cdn\/assets\/layout\/thumb_down_16x16.png\" data-sizes=\"(min-width: 780px) 726px, 100vw\" srcset=\"https:\/\/patch.com\/img\/cdn\/assets\/layout\/thumb_down_16x16.png?width=640 640w, https:\/\/patch.com\/img\/cdn\/assets\/layout\/thumb_down_16x16.png?width=726 726w\"\/><\/a><\/p>\n<\/div>\n<div>\n<p><b>4. Hist\u00f3ria de capa da ABC7: Casos de c\u00e2ncer de pulm\u00e3o na Costa do Golfo aumentam entre mulheres<\/b> (<a href=\"https:\/\/www.abc-7.com\/article\/gulf-coast-lung-cancer-women-lee-county-fort-myers-health\/63230038\" target=\"_blank\" rel=\"nofollow\">abc-7.com<\/a>) \u2014 Os casos de c\u00e2ncer de pulm\u00e3o est\u00e3o aumentando entre mulheres n\u00e3o fumantes em North Fort Myers, refletindo uma tend\u00eancia nacional. Dena Wentz, uma paciente local, partilha a sua jornada e destaca a import\u00e2ncia do rastreio precoce e da sensibiliza\u00e7\u00e3o. <br \/><a href=\"https:\/\/fort-myers-fl.patch.am\/rate-item?d=u&#038;h=eyJsb2MiOiI3NjkyIiwic291cmNlIjoiYWJjLTcuY29tIiwidGl0bGUiOiJBQkM3IENvdmVyIFN0b3J5OiBHdWxmIENvYXN0IGx1bmcgY2FuY2VyIGNhc2VzIHJpc2luZyBhbW9uZyB3b21lbiIsInVybCI6Imh0dHBzOlwvXC93d3cuYWJjLTcuY29tXC9hcnRpY2xlXC9ndWxmLWNvYXN0LWx1bmctY2FuY2VyLXdvbWVuLWxlZS1jb3VudHktZm9ydC1teWVycy1oZWFsdGhcLzYzMjMwMDM4IiwiYXJ0aWQiOiI1MGM0MmQyYmY5YjZmNjNjMTE0OGMzYThkZTBjZjc5ZiJ9\" target=\"_blank\" rel=\"nofollow\"><img decoding=\"async\" class=\"thumbs\" width=\"16\" height=\"16\" src=\"https:\/\/patch.com\/img\/cdn\/assets\/layout\/thumb_up_16x16.png\" data-rel=\"penci-gallery-image-content\"  data-sizes=\"(min-width: 780px) 726px, 100vw\" srcset=\"https:\/\/patch.com\/img\/cdn\/assets\/layout\/thumb_up_16x16.png?width=640 640w, https:\/\/patch.com\/img\/cdn\/assets\/layout\/thumb_up_16x16.png?width=726 726w\"\/><\/a>   <a href=\"https:\/\/fort-myers-fl.patch.am\/rate-item?d=d&#038;h=eyJsb2MiOiI3NjkyIiwic291cmNlIjoiYWJjLTcuY29tIiwidGl0bGUiOiJBQkM3IENvdmVyIFN0b3J5OiBHdWxmIENvYXN0IGx1bmcgY2FuY2VyIGNhc2VzIHJpc2luZyBhbW9uZyB3b21lbiIsInVybCI6Imh0dHBzOlwvXC93d3cuYWJjLTcuY29tXC9hcnRpY2xlXC9ndWxmLWNvYXN0LWx1bmctY2FuY2VyLXdvbWVuLWxlZS1jb3VudHktZm9ydC1teWVycy1oZWFsdGhcLzYzMjMwMDM4IiwiYXJ0aWQiOiI1MGM0MmQyYmY5YjZmNjNjMTE0OGMzYThkZTBjZjc5ZiJ9\" target=\"_blank\" rel=\"nofollow\"><img decoding=\"async\" class=\"thumbs\" width=\"16\" height=\"16\" src=\"https:\/\/patch.com\/img\/cdn\/assets\/layout\/thumb_down_16x16.png\" data-sizes=\"(min-width: 780px) 726px, 100vw\" srcset=\"https:\/\/patch.com\/img\/cdn\/assets\/layout\/thumb_down_16x16.png?width=640 640w, https:\/\/patch.com\/img\/cdn\/assets\/layout\/thumb_down_16x16.png?width=726 726w\"\/><\/a><\/p>\n<p><b>5. Nossa crise de tr\u00e2nsito: Al\u00edvio chegando para os passageiros da I-75 que viajam entre Fort Myers e N\u00e1poles<\/b> (<a href=\"https:\/\/www.news-press.com\/story\/news\/2024\/12\/19\/fdot-to-widen-i-75-between-fort-myers-and-naples-starting-in-2026\/77063273007\" target=\"_blank\" rel=\"nofollow\">news-press.com<\/a>) \u2013 Os passageiros entre Fort Myers e N\u00e1poles podem esperar uma grande melhoria na I-75, j\u00e1 que um projeto de amplia\u00e7\u00e3o est\u00e1 previsto para come\u00e7ar em 2026, um ano antes do previsto. Este projeto visa aliviar o not\u00f3rio congestionamento de tr\u00e1fego no sudoeste da Fl\u00f3rida, prometendo uma redu\u00e7\u00e3o de 47% nos tempos de viagem. <br \/><a href=\"https:\/\/fort-myers-fl.patch.am\/rate-item?d=u&#038;h=eyJsb2MiOiI3NjkyIiwic291cmNlIjoibmV3cy1wcmVzcy5jb20iLCJ0aXRsZSI6Ik91ciB0cmFmZmljIGNyaXNpczogUmVsaWVmIGNvbWluZyBmb3IgSS03NSBjb21tdXRlcnMgdHJhdmVsaW5nIGJldHdlZW4gRm9ydCBNeWVycywgTmFwbGVzIiwidXJsIjoiaHR0cHM6XC9cL3d3dy5uZXdzLXByZXNzLmNvbVwvc3RvcnlcL25ld3NcLzIwMjRcLzEyXC8xOVwvZmRvdC10by13aWRlbi1pLTc1LWJldHdlZW4tZm9ydC1teWVycy1hbmQtbmFwbGVzLXN0YXJ0aW5nLWluLTIwMjZcLzc3MDYzMjczMDA3IiwiYXJ0aWQiOiIwZjYwN2E0NmMwMWIwZDdlMGI5YjhkNzY1MGFjYTVmZiJ9\" target=\"_blank\" rel=\"nofollow\"><img decoding=\"async\" class=\"thumbs\" width=\"16\" height=\"16\" src=\"https:\/\/patch.com\/img\/cdn\/assets\/layout\/thumb_up_16x16.png\" data-rel=\"penci-gallery-image-content\"  data-sizes=\"(min-width: 780px) 726px, 100vw\" srcset=\"https:\/\/patch.com\/img\/cdn\/assets\/layout\/thumb_up_16x16.png?width=640 640w, https:\/\/patch.com\/img\/cdn\/assets\/layout\/thumb_up_16x16.png?width=726 726w\"\/><\/a>   <a href=\"https:\/\/fort-myers-fl.patch.am\/rate-item?d=d&#038;h=eyJsb2MiOiI3NjkyIiwic291cmNlIjoibmV3cy1wcmVzcy5jb20iLCJ0aXRsZSI6Ik91ciB0cmFmZmljIGNyaXNpczogUmVsaWVmIGNvbWluZyBmb3IgSS03NSBjb21tdXRlcnMgdHJhdmVsaW5nIGJldHdlZW4gRm9ydCBNeWVycywgTmFwbGVzIiwidXJsIjoiaHR0cHM6XC9cL3d3dy5uZXdzLXByZXNzLmNvbVwvc3RvcnlcL25ld3NcLzIwMjRcLzEyXC8xOVwvZmRvdC10by13aWRlbi1pLTc1LWJldHdlZW4tZm9ydC1teWVycy1hbmQtbmFwbGVzLXN0YXJ0aW5nLWluLTIwMjZcLzc3MDYzMjczMDA3IiwiYXJ0aWQiOiIwZjYwN2E0NmMwMWIwZDdlMGI5YjhkNzY1MGFjYTVmZiJ9\" target=\"_blank\" rel=\"nofollow\"><img decoding=\"async\" class=\"thumbs\" width=\"16\" height=\"16\" src=\"https:\/\/patch.com\/img\/cdn\/assets\/layout\/thumb_down_16x16.png\" data-sizes=\"(min-width: 780px) 726px, 100vw\" srcset=\"https:\/\/patch.com\/img\/cdn\/assets\/layout\/thumb_down_16x16.png?width=640 640w, https:\/\/patch.com\/img\/cdn\/assets\/layout\/thumb_down_16x16.png?width=726 726w\"\/><\/a><\/p>\n<\/div>\n<div>\n<hr\/>\n<h4>\ud83d\uddd3 <strong>Pr\u00f3ximos eventos em Fort Myers<\/strong><br \/><\/h4>\n<p><a href=\"https:\/\/patch.com\/florida\/fort-myers\/compose\/event\">  Adicione seu evento ao nosso calend\u00e1rio e newsletter! <\/a><\/p>\n<p> <em>Perdemos alguma coisa em nosso calend\u00e1rio? <a href=\"https:\/\/patch.com\/florida\/fort-myers\/compose\/event\">Adicione um evento aqui<\/a>! <\/em> <\/p>\n<hr\/>\n<p><em>Quer um link para sua empresa neste boletim informativo? <a href=\"https:\/\/patch.com\/florida\/fort-myers\/compose\/bizpost\">Clique aqui<\/a>.<\/em><\/p>\n<hr\/>\n<h4>\ud83d\uddd3 <strong>Eventos pr\u00f3ximos<\/strong><\/h4>\n<ul>\n<h5> <span class=\"text-green-8\"><b>Sexta-feira, 20 de dezembro<\/b><\/span> <\/h5>\n<li><span> <a href=\"https:\/\/shoeless-joes.com\/event\/mondays-fridays-happy-hour-specials\/2024-12-20\/\" target=\"_blank\" rel=\"nofollow\"><b>Segundas \u2013 Sextas | Promo\u00e7\u00f5es de happy hour<\/b><\/a>  (Parque de p\u00e1ginas) <br \/>Sexta-feira, 20 de dezembro, 11h<br \/>Caf\u00e9 Esportivo Shoeless Joe&#8217;s <\/span><\/li>\n<li><span> <a href=\"https:\/\/www.fmbrew.com\/event\/friday-music-food-trucks-60-4\/\" target=\"_blank\" rel=\"nofollow\"><b>Sexta-feira M\u00fasica e Food Trucks<\/b><\/a>  (Tice) <br \/>Sexta-feira, 20 de dezembro, 14h<br \/>Empresa de cervejaria Fort Myers <\/span><\/li>\n<blockquote><p> <b>Precisa divulgar seu evento?<br \/><a href=\"https:\/\/patch.com\/florida\/fort-myers\/compose\/event\">Adicione seu evento aqui<\/a>!<\/b> <\/p><\/blockquote>\n<h5> <span class=\"text-green-8\"><b>S\u00e1bado, 21 de dezembro<\/b><\/span> <\/h5>\n<li><span> <a href=\"https:\/\/swfl.life\/event\/southern-fresh-farms-fall-fest-2024\/2024-12-21\/\" target=\"_blank\" rel=\"nofollow\"><b>Festival de outono de Southern Fresh Farms 2024<\/b><\/a>  (Parque de p\u00e1ginas) <br \/>S\u00e1bado, 21 de dezembro, 10h<br \/>Fazendas Frescas do Sul <\/span><\/li>\n<li><span> <b>Laborat\u00f3rio de Arte Familiar<\/b> (Whisky Creek) <br \/>S\u00e1bado, 21 de dezembro, 10h<br \/>Alliance for the Arts, 10091 McGregor Blvd., Fort Myers, FL, 33919, Estados Unidos <\/span><\/li>\n<li><span> <a href=\"https:\/\/www.yoursun.com\/arcadia\/local-events\/?_evDiscoveryPath=\/event\/106061981n-joe-fernandez-solo-acoustic\" target=\"_blank\" rel=\"nofollow\"><b>Joe Fern\u00e1ndez<\/b><\/a>  (Tice) <br \/>S\u00e1bado, 21 de dezembro, 11h<br \/>Hooked Island Grill-Fort Myers <\/span><\/li>\n<li><span> <b>Biscoitos para 2 (todas as idades)<\/b> (Whisky Creek) <br \/>S\u00e1bado, 21 de dezembro, 11h<br \/>Alliance for the Arts, 10091 McGregor Blvd., Fort Myers, FL, 33919, Estados Unidos <\/span><\/li>\n<\/ul>\n<p> <em>Perdemos alguma coisa em nosso calend\u00e1rio? <a href=\"https:\/\/patch.com\/florida\/fort-myers\/compose\/event\">Adicione voc\u00ea mesmo um evento<\/a>! <\/em> <\/p>\n<hr\/>\n<p>\ud83d\udd28 <strong>Precisa de ajuda com um projeto em casa?<\/strong> Patch fez parceria com Thumbtack para tornar a contrata\u00e7\u00e3o de um profissional local confi\u00e1vel r\u00e1pida e f\u00e1cil. <a href=\"https:\/\/patch.com\/florida\/fort-myers\/businesses\" target=\"_blank\">Clique aqui para come\u00e7ar.<\/a><\/p>\n<\/div>\n<div>\n<hr\/>\n<h4>\ud83d\udcac <strong>Conversa<\/strong><\/h4>\n<p>O que seus vizinhos est\u00e3o falando nas redes sociais<\/p>\n<ul>\n<li><b>Bom dia!<\/b> <br \/>Feliz quarta-feira! Aqui est\u00e1 a sua divers\u00e3o do dia!! &#8220;\u00c0s vezes, tarde da noite, cavo um buraco no quintal para manter os vizinhos intrometidos na d\u00favida.&#8221; (<a href=\"https:\/\/nextdoor.com\/p\/_ZrQ--3DH35k\/?from_partner=patch&#038;share_id=_ZrQ--3DH35k&#038;utm_medium=public_api&#038;utm_source=patch&#038;utm_content=_ZrQ--3DH35k&#038;next_url=\/p\/_ZrQ--3DH35k&#038;utm_medium=email&#038;utm_campaign=pilot\" target=\"_blank\" rel=\"nofollow\">Ao lado<\/a> Mans\u00e3o do Pinheiro) <\/li>\n<li><b>Ol\u00e1 a todos, estou procurando 2 gatinhos, preferencialmente f\u00eameas, n\u00e3o, h\u00e1 toneladas de animais perdidos por a\u00ed.<\/b> <br \/>gostaria de um para minha filha e minha amiga que est\u00e1 cuidando da m\u00e3e com alzheimer. obrigado por olhar Sally (<a href=\"https:\/\/nextdoor.com\/p\/tXmzkyRtxHZY\/?from_partner=patch&#038;share_id=tXmzkyRtxHZY&#038;utm_medium=public_api&#038;utm_source=patch&#038;utm_content=tXmzkyRtxHZY&#038;next_url=\/p\/tXmzkyRtxHZY&#038;utm_medium=email&#038;utm_campaign=pilot\" target=\"_blank\" rel=\"nofollow\">Ao lado<\/a> Lagos Espelhados) <\/li>\n<\/ul>\n<ul>\n<li>  Clube WEPA \u00e9 um Tice Gr. 3 Grupo de interven\u00e7\u00e3o ESOL onde os alunos \u201cVencem e se destacam em uma atmosfera positiva!\u201d Os alunos foram reconhecidos por fazerem PM2&#8230; (X: <a href=\"https:\/\/twitter.com\/elementary_tice\/status\/1869562485902336397?ref_src=twsrc%5Egoogle%7Ctwcamp%5Eserp%7Ctwgr%5Etweet\" target=\"_blank\" rel=\"nofollow\">@elementary_tice<\/a>) <\/li>\n<li>  Gemina\u00e7\u00e3o para a vit\u00f3ria no Twin Day! @LeeSchools #TeamAllenPark #OurTimetoShine (X: <a href=\"https:\/\/twitter.com\/AllenParkElem\/status\/1869952043458109588?ref_src=twsrc%5Egoogle%7Ctwcamp%5Eserp%7Ctwgr%5Etweet\" target=\"_blank\" rel=\"nofollow\">@AllenParkElem<\/a>) <\/li>\n<\/ul>\n<ul>\n<li>  Toast publicou uma vaga de emprego para <strong>Executivo de contas do territ\u00f3rio de Fort Myers, FL<\/strong> em Fort Myers, Fl\u00f3rida. Inscreva-se em <a href=\"https:\/\/careers.toasttab.com\/jobs\/fort-myers-fl-territory-account-executive-fort-myers-florida-united-states?utm_campaign=google_jobs_apply&#038;utm_source=google_jobs_apply&#038;utm_medium=organic\" target=\"_blank\" rel=\"nofollow\">Brinde<\/a>. <\/li>\n<li>  A Home Depot publicou uma vaga de emprego para <strong>Atendimento ao Cliente\/Vendas<\/strong> em Fort Myers, Fl\u00f3rida. Inscreva-se em <a href=\"https:\/\/careers.homedepot.com\/job\/6961148\/customer-service-sales-fort-myers-fl\/?utm_campaign=google_jobs_apply&#038;utm_source=google_jobs_apply&#038;utm_medium=organic\" target=\"_blank\" rel=\"nofollow\">As carreiras da Home Depot<\/a>. <\/li>\n<\/ul>\n<hr\/>\n<p> <b>Ok Fort Myers!<\/b> Ent\u00e3o agora voc\u00ea est\u00e1 por dentro do que est\u00e1 acontecendo hoje. Obrigado pela leitura e at\u00e9 a pr\u00f3xima vez na sua caixa de entrada! <\/p>\n<p> <b>&#8211; A equipe do Patch AM<\/b> <\/p>\n<p> <em>PS A resposta para o enigma de hoje:<\/em> Eles n\u00e3o t\u00eam coragem. <\/p>\n<hr\/>\n<h4>\ud83d\udc49 <strong>Ajude a tornar o Patch AM melhor<\/strong><\/h4>\n<hr\/>\n<p> <a href=\"https:\/\/nextdoor.com\/sharekit\/?source=Fort%20Myers%20Patch%20AM&#038;body=Catch+up+on+what+you+need+to+know+from+the+Fort+Myers+Patch+AM+daily+update%3A+https%3A%2F%2Fpatch.com%2Fflorida%2Ffort-myers&#038;utm_source=patch&#038;utm_medium=email&#038;utm_campaign=pilot\" target=\"_blank\" class=\"text-weight-bold text-green-8 sans\">Compartilhar no NextDoor<\/a>     <a href=\"https:\/\/www.facebook.com\/share.php?u=https:\/\/patch.com\/florida\/fort-myers&#038;title=Catch+up+on+what+you+need+to+know+from+the+Fort+Myers+Patch+AM+daily+update%3A+https%3A%2F%2Fpatch.com%2Fflorida%2Ffort-myers\" target=\"_blank\" class=\"text-weight-bold text-light-blue-10 sans\">Compartilhar no Facebook<\/a><\/p>\n<\/div>\n<p><script async src=\"\/\/platform.twitter.com\/widgets.js\" charset=\"utf-8\"><\/script><br \/>\n<br \/><br \/>\n<br \/><a href=\"http:\/\/patch.com\/florida\/fort-myers\/equine-therapy-transforms-lives-fort-myers-nodx-20241220?utm_source=article-mostrecent&#038;utm_medium=rss&#038;utm_term=community%20corner&#038;utm_campaign=recirc&#038;utm_content=aol\">Source link <\/a><\/p>","protected":false},"excerpt":{"rendered":"<p>\u2615\ufe0f\ufe0fBom dia Fort Myers! Estamos de volta \u00e0 sua caixa de entrada, mantendo voc\u00ea atualizado sobre o que est\u00e1 acontecendo na cidade e nos arredores. No boletim informativo de hoje:&hellip;<\/p>","protected":false},"author":1,"featured_media":71100,"comment_status":"closed","ping_status":"open","sticky":false,"template":"","format":"standard","meta":{"content-type":"","footnotes":""},"categories":[1],"tags":[],"class_list":["post-79651","post","type-post","status-publish","format-standard","has-post-thumbnail","hentry","category-uncategorized"],"_links":{"self":[{"href":"https:\/\/tvbrazilusa.com\/pt\/wp-json\/wp\/v2\/posts\/79651","targetHints":{"allow":["GET"]}}],"collection":[{"href":"https:\/\/tvbrazilusa.com\/pt\/wp-json\/wp\/v2\/posts"}],"about":[{"href":"https:\/\/tvbrazilusa.com\/pt\/wp-json\/wp\/v2\/types\/post"}],"author":[{"embeddable":true,"href":"https:\/\/tvbrazilusa.com\/pt\/wp-json\/wp\/v2\/users\/1"}],"replies":[{"embeddable":true,"href":"https:\/\/tvbrazilusa.com\/pt\/wp-json\/wp\/v2\/comments?post=79651"}],"version-history":[{"count":1,"href":"https:\/\/tvbrazilusa.com\/pt\/wp-json\/wp\/v2\/posts\/79651\/revisions"}],"predecessor-version":[{"id":79652,"href":"https:\/\/tvbrazilusa.com\/pt\/wp-json\/wp\/v2\/posts\/79651\/revisions\/79652"}],"wp:featuredmedia":[{"embeddable":true,"href":"https:\/\/tvbrazilusa.com\/pt\/wp-json\/wp\/v2\/media\/71100"}],"wp:attachment":[{"href":"https:\/\/tvbrazilusa.com\/pt\/wp-json\/wp\/v2\/media?parent=79651"}],"wp:term":[{"taxonomy":"category","embeddable":true,"href":"https:\/\/tvbrazilusa.com\/pt\/wp-json\/wp\/v2\/categories?post=79651"},{"taxonomy":"post_tag","embeddable":true,"href":"https:\/\/tvbrazilusa.com\/pt\/wp-json\/wp\/v2\/tags?post=79651"}],"curies":[{"name":"wp","href":"https:\/\/api.w.org\/{rel}","templated":true}]}}