{"id":79719,"date":"2024-12-20T12:49:40","date_gmt":"2024-12-20T12:49:40","guid":{"rendered":"https:\/\/tvbrazilusa.com\/2024\/12\/20\/avaliacao-positiva-do-stf-despenca-2-anos-revela-pesquisa-veja-numeros\/"},"modified":"2024-12-20T12:49:41","modified_gmt":"2024-12-20T12:49:41","slug":"avaliacao-positiva-do-stf-despenca-2-anos-revela-pesquisa-veja-numeros","status":"publish","type":"post","link":"https:\/\/tvbrazilusa.com\/pt\/2024\/12\/20\/avaliacao-positiva-do-stf-despenca-2-anos-revela-pesquisa-veja-numeros\/","title":{"rendered":"Avalia\u00e7\u00e3o positiva do STF despenca  2 anos, revela pesquisa; VEJA N\u00daMEROS"},"content":{"rendered":"<p> <script async src=\"https:\/\/pagead2.googlesyndication.com\/pagead\/js\/adsbygoogle.js?client=ca-pub-8864793242727901\"\r\n     crossorigin=\"anonymous\"><\/script><br \/>\n<\/p>\n<div id=\"taboola-read-more\" style=\"display:block; width:100%\">\n<p>Uma pesquisa do PoderData revela que a avalia\u00e7\u00e3o positiva do Supremo Tribunal Federal (STF) despencou, nos \u00faltimos dois anos, de 31% para 12%.\n<\/p>\n<p>Realizado entre os dias 14 e 16 de dezembro, o levantamento entrevistou 2,5 mil pessoas em 192 munic\u00edpios das 27 unidades federativas do Brasil. As entrevistas ocorreram por meio de liga\u00e7\u00f5es telef\u00f4nicas.<\/p>\n<p>A pesquisa do PoderData foi feita pelo grupo Poder360. A margem de erro da pesquisa \u00e9 de 2 pontos porcentuais, com um intervalo de confian\u00e7a de 95%.\n<\/p>\n<p>Desde o in\u00edcio de 2023, a percep\u00e7\u00e3o positiva do STF vem caindo, com uma redu\u00e7\u00e3o de 19 pontos porcentuais. A propor\u00e7\u00e3o de entrevistados que classificam o desempenho da Corte como \u201cruim\u201d ou \u201cp\u00e9ssimo\u201d subiu de 31% para 43%, desde junho de 2023.\n<\/p>\n<p>Esse patamar ficou ainda pior que aquele registrado ao final do governo de Jair Bolsonaro, quando a rejei\u00e7\u00e3o aos membros da Corte chegava a 40%.\n<\/p>\n<p>Contexto da queda na avalia\u00e7\u00e3o do STF\n<\/p>\n<p>Atualmente, 34% dos entrevistados consideram a atua\u00e7\u00e3o do STF como \u201cregular\u201d, e 11% n\u00e3o t\u00eam uma opini\u00e3o formada. A piora na percep\u00e7\u00e3o p\u00fablica do STF coincide com a posse de Luiz In\u00e1cio Lula da Silva e o aumento de a\u00e7\u00f5es judiciais da Corte contra os v\u00e2ndalos acusados de tentativa de golpe, em 8 de janeiro de 2023.\n<\/p>\n<p>A queda na avalia\u00e7\u00e3o do STF tamb\u00e9m coincide com o final da presid\u00eancia de Rosa Weber e o in\u00edcio da gest\u00e3o de Roberto Barroso, que assumiu em setembro de 2023.\n<\/p>\n<p>Durante esses per\u00edodos, o tribunal discutiu temas pol\u00eamicos, como a legaliza\u00e7\u00e3o do aborto, descriminaliza\u00e7\u00e3o de drogas, responsabiliza\u00e7\u00e3o de m\u00eddia e regula\u00e7\u00e3o das redes sociais. Tamb\u00e9m decretou o arquivamento de processos contra investigados na Opera\u00e7\u00e3o Lava Jato.\n<\/p>\n<p>Fonte: Revista Oeste              <\/p>\n<\/div>\n<p><br \/>\n<br \/><a href=\"https:\/\/diariodobrasilnoticias.com.br\/noticia\/avaliacao-positiva-do-stf-despenca-2-anos-revela-pesquisa-veja-numeros-6765539aba3af\">Source link <\/a><\/p>","protected":false},"excerpt":{"rendered":"<p>Uma pesquisa do PoderData revela que a avalia\u00e7\u00e3o positiva do Supremo Tribunal Federal (STF) despencou, nos \u00faltimos dois anos, de 31% para 12%. Realizado entre os dias 14 e 16&hellip;<\/p>","protected":false},"author":1,"featured_media":79720,"comment_status":"closed","ping_status":"open","sticky":false,"template":"","format":"standard","meta":{"content-type":"","footnotes":""},"categories":[16],"tags":[123,2448,5313,1267],"class_list":["post-79719","post","type-post","status-publish","format-standard","has-post-thumbnail","hentry","category-noticias","tag-brasil","tag-diario","tag-noticia","tag-noticias"],"_links":{"self":[{"href":"https:\/\/tvbrazilusa.com\/pt\/wp-json\/wp\/v2\/posts\/79719","targetHints":{"allow":["GET"]}}],"collection":[{"href":"https:\/\/tvbrazilusa.com\/pt\/wp-json\/wp\/v2\/posts"}],"about":[{"href":"https:\/\/tvbrazilusa.com\/pt\/wp-json\/wp\/v2\/types\/post"}],"author":[{"embeddable":true,"href":"https:\/\/tvbrazilusa.com\/pt\/wp-json\/wp\/v2\/users\/1"}],"replies":[{"embeddable":true,"href":"https:\/\/tvbrazilusa.com\/pt\/wp-json\/wp\/v2\/comments?post=79719"}],"version-history":[{"count":1,"href":"https:\/\/tvbrazilusa.com\/pt\/wp-json\/wp\/v2\/posts\/79719\/revisions"}],"predecessor-version":[{"id":79721,"href":"https:\/\/tvbrazilusa.com\/pt\/wp-json\/wp\/v2\/posts\/79719\/revisions\/79721"}],"wp:featuredmedia":[{"embeddable":true,"href":"https:\/\/tvbrazilusa.com\/pt\/wp-json\/wp\/v2\/media\/79720"}],"wp:attachment":[{"href":"https:\/\/tvbrazilusa.com\/pt\/wp-json\/wp\/v2\/media?parent=79719"}],"wp:term":[{"taxonomy":"category","embeddable":true,"href":"https:\/\/tvbrazilusa.com\/pt\/wp-json\/wp\/v2\/categories?post=79719"},{"taxonomy":"post_tag","embeddable":true,"href":"https:\/\/tvbrazilusa.com\/pt\/wp-json\/wp\/v2\/tags?post=79719"}],"curies":[{"name":"wp","href":"https:\/\/api.w.org\/{rel}","templated":true}]}}