{"id":79722,"date":"2024-12-20T13:01:08","date_gmt":"2024-12-20T13:01:08","guid":{"rendered":"https:\/\/tvbrazilusa.com\/2024\/12\/20\/camera-oculta-em-escola-gera-indignacao-e-reacende-debate-sobre-a-politica-de-banheiros-unissex\/"},"modified":"2024-12-20T13:01:09","modified_gmt":"2024-12-20T13:01:09","slug":"camera-oculta-em-escola-gera-indignacao-e-reacende-debate-sobre-a-politica-de-banheiros-unissex","status":"publish","type":"post","link":"https:\/\/tvbrazilusa.com\/pt\/2024\/12\/20\/camera-oculta-em-escola-gera-indignacao-e-reacende-debate-sobre-a-politica-de-banheiros-unissex\/","title":{"rendered":"C\u00e2mera oculta em escola gera indigna\u00e7\u00e3o e reacende debate sobre a pol\u00edtica de banheiros unissex"},"content":{"rendered":"<p> <script async src=\"https:\/\/pagead2.googlesyndication.com\/pagead\/js\/adsbygoogle.js?client=ca-pub-8864793242727901\"\r\n     crossorigin=\"anonymous\"><\/script><br \/>\n<\/p>\n<div id=\"taboola-read-more\" style=\"display:block; width:100%\">\n<p>Uma escola em Dundee, na Esc\u00f3cia, est\u00e1 no centro de um grave esc\u00e2ndalo ap\u00f3s a descoberta de filmagens secretas de alunas em banheiros e vesti\u00e1rios.\n<\/p>\n<p>O incidente exp\u00f4s uma s\u00e9ria viola\u00e7\u00e3o de privacidade e gerou forte como\u00e7\u00e3o na comunidade escolar.<\/p>\n<p>Uma estudante encontrou um celular escondido no suporte de papel higi\u00eanico de um dos banheiros. Ao verificar o conte\u00fado, descobriu centenas de v\u00eddeos e fotos comprometedoras de outras alunas. A jovem deletou o v\u00eddeo em que aparecia e entregou o aparelho \u00e0 dire\u00e7\u00e3o, que acionou a pol\u00edcia.\n<\/p>\n<p>Um adolescente de 15 anos foi acusado de\u00a0<em>voyeurismo<\/em>, o ato de obter prazer sexual observando pessoas sem o consentimento delas. A pol\u00edcia trabalha para identificar todas as v\u00edtimas e notificar suas fam\u00edlias, oferecendo o suporte necess\u00e1rio.\n<\/p>\n<p>\u00a0<\/p>\n<p><strong>A m\u00e3e da aluna que encontrou a c\u00e2mera, identificada como Emma, relatou o trauma da filha, que se recusa a voltar \u00e0 escola. Emma criticou a pol\u00edtica \u201cwoke\u201d de banheiros unissex da escola, argumentando que isso facilitou o acesso do acusado aos espa\u00e7os femininos.<\/strong>\n<\/p>\n<p>O caso gerou forte indigna\u00e7\u00e3o na sociedade. Pais e respons\u00e1veis expressaram preocupa\u00e7\u00f5es sobre a seguran\u00e7a e a privacidade dos alunos nas escolas. O debate sobre banheiros unissex foi intensificado, com muitos argumentando que a falta de separa\u00e7\u00e3o por sexo aumenta o risco de incidentes como este.\n<\/p>\n<p>\u00a0<\/p>\n<p>A escritora J.K. Rowling, conhecida por defender espa\u00e7os exclusivos para mulheres, comentou o caso nas redes sociais:\n<\/p>\n<p><em>\u201cQuem poderia ter previsto isso? Mulheres que frequentaram escolas mistas. Por anos, temos alertado que instala\u00e7\u00f5es unissex tornam o voyeurismo e o ass\u00e9dio absurdamente f\u00e1ceis e argumentado que as meninas merecem privacidade e dignidade. Em troca, fomos chamadas de exageradas, intolerantes e nazistas.\u201d<\/em>\n<\/p>\n<p>\u00a0<\/p>\n<p>O coment\u00e1rio de Rowling ecoa as preocupa\u00e7\u00f5es da m\u00e3e da aluna e de outros cr\u00edticos dos banheiros unissex, que acreditam que esses espa\u00e7os comprometem a seguran\u00e7a e a privacidade das meninas.\n<\/p>\n<p>Este caso levanta quest\u00f5es cruciais sobre os protocolos de seguran\u00e7a nas escolas e a necessidade de repensar as pol\u00edticas internas para prevenir novas ocorr\u00eancias. A pol\u00edcia da Esc\u00f3cia confirmou a den\u00fancia e informou que um relat\u00f3rio ser\u00e1 encaminhado \u00e0 justi\u00e7a.\n<\/p>\n<p>\u00a0<\/p>\n<p>O conselho municipal de Dundee n\u00e3o se pronunciou durante a investiga\u00e7\u00e3o. A comunidade aguarda o desenrolar das investiga\u00e7\u00f5es e a ado\u00e7\u00e3o de medidas para garantir a seguran\u00e7a e a privacidade dos estudantes.\n<\/p>\n<p>Reportagens locais indicam a dimens\u00e3o do problema, com a suspeita de centenas de v\u00edtimas e um profundo impacto emocional sobre as alunas e suas fam\u00edlias.<\/p>\n<p>Fonte: O antagonista              <\/p>\n<\/div>\n<p><br \/>\n<br \/><a href=\"https:\/\/diariodobrasilnoticias.com.br\/noticia\/camera-oculta-em-escola-gera-indignacao-e-reacende-debate-sobre-a-politica-de-banheiros-unissex-676550abd47c7\">Source link <\/a><\/p>","protected":false},"excerpt":{"rendered":"<p>Uma escola em Dundee, na Esc\u00f3cia, est\u00e1 no centro de um grave esc\u00e2ndalo ap\u00f3s a descoberta de filmagens secretas de alunas em banheiros e vesti\u00e1rios. O incidente exp\u00f4s uma s\u00e9ria&hellip;<\/p>","protected":false},"author":1,"featured_media":79723,"comment_status":"closed","ping_status":"open","sticky":false,"template":"","format":"standard","meta":{"content-type":"","footnotes":""},"categories":[16],"tags":[123,2448,5313,1267],"class_list":["post-79722","post","type-post","status-publish","format-standard","has-post-thumbnail","hentry","category-noticias","tag-brasil","tag-diario","tag-noticia","tag-noticias"],"_links":{"self":[{"href":"https:\/\/tvbrazilusa.com\/pt\/wp-json\/wp\/v2\/posts\/79722","targetHints":{"allow":["GET"]}}],"collection":[{"href":"https:\/\/tvbrazilusa.com\/pt\/wp-json\/wp\/v2\/posts"}],"about":[{"href":"https:\/\/tvbrazilusa.com\/pt\/wp-json\/wp\/v2\/types\/post"}],"author":[{"embeddable":true,"href":"https:\/\/tvbrazilusa.com\/pt\/wp-json\/wp\/v2\/users\/1"}],"replies":[{"embeddable":true,"href":"https:\/\/tvbrazilusa.com\/pt\/wp-json\/wp\/v2\/comments?post=79722"}],"version-history":[{"count":1,"href":"https:\/\/tvbrazilusa.com\/pt\/wp-json\/wp\/v2\/posts\/79722\/revisions"}],"predecessor-version":[{"id":79724,"href":"https:\/\/tvbrazilusa.com\/pt\/wp-json\/wp\/v2\/posts\/79722\/revisions\/79724"}],"wp:featuredmedia":[{"embeddable":true,"href":"https:\/\/tvbrazilusa.com\/pt\/wp-json\/wp\/v2\/media\/79723"}],"wp:attachment":[{"href":"https:\/\/tvbrazilusa.com\/pt\/wp-json\/wp\/v2\/media?parent=79722"}],"wp:term":[{"taxonomy":"category","embeddable":true,"href":"https:\/\/tvbrazilusa.com\/pt\/wp-json\/wp\/v2\/categories?post=79722"},{"taxonomy":"post_tag","embeddable":true,"href":"https:\/\/tvbrazilusa.com\/pt\/wp-json\/wp\/v2\/tags?post=79722"}],"curies":[{"name":"wp","href":"https:\/\/api.w.org\/{rel}","templated":true}]}}