{"id":79728,"date":"2024-12-20T13:23:42","date_gmt":"2024-12-20T13:23:42","guid":{"rendered":"https:\/\/tvbrazilusa.com\/2024\/12\/20\/equipe-de-lula-liderada-pelo-atual-diretor-da-pf-teria-recebido-relatorios-da-abin-antes-dos-eventos-de-8-de-janeiro\/"},"modified":"2024-12-20T13:23:43","modified_gmt":"2024-12-20T13:23:43","slug":"equipe-de-lula-liderada-pelo-atual-diretor-da-pf-teria-recebido-relatorios-da-abin-antes-dos-eventos-de-8-de-janeiro","status":"publish","type":"post","link":"https:\/\/tvbrazilusa.com\/pt\/2024\/12\/20\/equipe-de-lula-liderada-pelo-atual-diretor-da-pf-teria-recebido-relatorios-da-abin-antes-dos-eventos-de-8-de-janeiro\/","title":{"rendered":"Equipe de Lula, liderada pelo atual diretor da PF, teria recebido relat\u00f3rios da Abin antes dos eventos de 8 de janeiro"},"content":{"rendered":"<p> <script async src=\"https:\/\/pagead2.googlesyndication.com\/pagead\/js\/adsbygoogle.js?client=ca-pub-8864793242727901\"\r\n     crossorigin=\"anonymous\"><\/script><br \/>\n<\/p>\n<div id=\"taboola-read-more\" style=\"display:block; width:100%\">\n<p>A equipe de seguran\u00e7a de Lula (PT), composta majoritariamente por policiais federais, recebeu na transi\u00e7\u00e3o de governo uma s\u00e9rie de relat\u00f3rios da Abin (Ag\u00eancia Brasileira de Intelig\u00eancia) com informa\u00e7\u00f5es de atos que precederam os ataques do 8 de janeiro de 2023, como a tentativa de invas\u00e3o da sede da Pol\u00edcia Federal em 12 de dezembro de 2022.\n<\/p>\n<p>Os documentos da Abin traziam informa\u00e7\u00f5es de ve\u00edculos que rondaram o hotel onde o ent\u00e3o presidente eleito estava hospedado, rela\u00e7\u00f5es de militantes bolsonaristas monitorados com potencial perfil agressor e at\u00e9 o relato de um homem que, ao se hospedar no mesmo local, teria tentado acessar por duas vezes o andar em que Lula estava.<\/p>\n<p>Os relat\u00f3rios evidenciam que havia um monitoramento antecipado da ag\u00eancia sobre manifestantes que apresentavam riscos \u00e0 ordem p\u00fablica. Caso o material tivesse sido trabalhado, o futuro rastreamento dos autores dos atentados do dia 8 de janeiro poderia ter sido facilitado.\n<\/p>\n<p>Os informes foram produzidos por um grupo de trabalho presidido pelo ent\u00e3o chefe da equipe de seguran\u00e7a de Lula, Andrei Rodrigues. No atua governo, ele foi nomeado diretor-geral da PF.\n<\/p>\n<p>N\u00e3o era de conhecimento p\u00fablico, at\u00e9 agora, que a Abin havia produzido, no final de 2022, informa\u00e7\u00f5es de intelig\u00eancia encaminhadas prioritariamente para a equipe de Lula no \u00e2mbito deste GT (grupo de trabalho).\n<\/p>\n<p>Procurada, a PF e a Abin n\u00e3o responderam.\n<\/p>\n<p>A Folha teve acesso aos documentos e tamb\u00e9m a mensagens que mostram que eles chegaram a membros da seguran\u00e7a do petista nas elei\u00e7\u00f5es de 2022. A reportagem questionou qual encaminhamento foi dado a eles, mas n\u00e3o houve resposta.\n<\/p>\n<p>No dia 7 de janeiro de 2023, j\u00e1 como diretor-geral da PF, Andrei Rodrigues fez um of\u00edcio em que alertou sobre poss\u00edveis atos violentos nos dias seguintes. N\u00e3o detalhava quais informa\u00e7\u00f5es embasavam esse progn\u00f3stico.\n<\/p>\n<p>Como mostrou a Folha, em depoimento durante um processo administrativo disciplinar, o chefe da PF disse que n\u00e3o encaminhou nenhum relat\u00f3rio com detalhes dos riscos identificados \u00e0 Secretaria de Seguran\u00e7a P\u00fablica do Distrito Federal e que fez apenas a comunica\u00e7\u00e3o verbal na reuni\u00e3o.\n<\/p>\n<p>O grupo de trabalho em quest\u00e3o tinha o nome de GT de Intelig\u00eancia Estrat\u00e9gica e foi criado na transi\u00e7\u00e3o, com participa\u00e7\u00e3o de integrantes da Abin e da PF, convidados pela equipe de Andrei.\n<\/p>\n<p>Na \u00e9poca, j\u00e1 havia atrito do atual diretor-geral com a administra\u00e7\u00e3o da PF, especialmente com a diretoria de intelig\u00eancia, ent\u00e3o sob comando de Alessandro Moretti. Nos bastidores, Andrei dizia que n\u00e3o era poss\u00edvel confiar na gest\u00e3o da PF sob Jair Bolsonaro (PL).\n<\/p>\n<p>Os documentos da ag\u00eancia apresentam nomes de pessoas identificadas no in\u00edcio de dezembro em manifesta\u00e7\u00f5es em frente ao hotel e, depois, reconhecidas como participantes de a\u00e7\u00f5es violentas em Bras\u00edlia, como a tentativa de explos\u00e3o no aeroporto de Bras\u00edlia, na v\u00e9spera do Natal de 2022, e tamb\u00e9m dos atos golpistas nos pr\u00e9dios dos Tr\u00eas Poderes de 8 de janeiro de 2023.\n<\/p>\n<p>Um dos identificados e monitorados foi o blogueiro bolsonarista Wellington Sousa, condenado por tentar explodir a bomba no aeroporto. Ele aparece nos relat\u00f3rios da Abin com potencial perfil agressor \u00e0 seguran\u00e7a de Lula. Sousa foi preso em setembro de 2023 no Paraguai.\n<\/p>\n<p>Outro mencionado \u00e9 o major aposentado Cl\u00e1udio Santa Cruz, da Pol\u00edcia Militar do Distrito Federal, conhecido como um dos l\u00edderes do acampamento em frente ao QG do Ex\u00e9rcito em Bras\u00edlia. Foi preso na 9\u00aa fase da Opera\u00e7\u00e3o Lesa P\u00e1tria em mar\u00e7o de 2023.<\/p>\n<p>Fonte: Folha de S. Paulo              <\/p>\n<\/div>\n<p><br \/>\n<br \/><a href=\"https:\/\/diariodobrasilnoticias.com.br\/noticia\/equipe-de-lula-liderada-pelo-atual-diretor-da-pf-teria-recebido-relatorios-da-abin-antes-dos-eventos-de-8-de-janeiro-67655b6d83932\">Source link <\/a><\/p>","protected":false},"excerpt":{"rendered":"<p>A equipe de seguran\u00e7a de Lula (PT), composta majoritariamente por policiais federais, recebeu na transi\u00e7\u00e3o de governo uma s\u00e9rie de relat\u00f3rios da Abin (Ag\u00eancia Brasileira de Intelig\u00eancia) com informa\u00e7\u00f5es de&hellip;<\/p>","protected":false},"author":1,"featured_media":79729,"comment_status":"closed","ping_status":"open","sticky":false,"template":"","format":"standard","meta":{"content-type":"","footnotes":""},"categories":[16],"tags":[123,2448,5313,1267],"class_list":["post-79728","post","type-post","status-publish","format-standard","has-post-thumbnail","hentry","category-noticias","tag-brasil","tag-diario","tag-noticia","tag-noticias"],"_links":{"self":[{"href":"https:\/\/tvbrazilusa.com\/pt\/wp-json\/wp\/v2\/posts\/79728","targetHints":{"allow":["GET"]}}],"collection":[{"href":"https:\/\/tvbrazilusa.com\/pt\/wp-json\/wp\/v2\/posts"}],"about":[{"href":"https:\/\/tvbrazilusa.com\/pt\/wp-json\/wp\/v2\/types\/post"}],"author":[{"embeddable":true,"href":"https:\/\/tvbrazilusa.com\/pt\/wp-json\/wp\/v2\/users\/1"}],"replies":[{"embeddable":true,"href":"https:\/\/tvbrazilusa.com\/pt\/wp-json\/wp\/v2\/comments?post=79728"}],"version-history":[{"count":1,"href":"https:\/\/tvbrazilusa.com\/pt\/wp-json\/wp\/v2\/posts\/79728\/revisions"}],"predecessor-version":[{"id":79730,"href":"https:\/\/tvbrazilusa.com\/pt\/wp-json\/wp\/v2\/posts\/79728\/revisions\/79730"}],"wp:featuredmedia":[{"embeddable":true,"href":"https:\/\/tvbrazilusa.com\/pt\/wp-json\/wp\/v2\/media\/79729"}],"wp:attachment":[{"href":"https:\/\/tvbrazilusa.com\/pt\/wp-json\/wp\/v2\/media?parent=79728"}],"wp:term":[{"taxonomy":"category","embeddable":true,"href":"https:\/\/tvbrazilusa.com\/pt\/wp-json\/wp\/v2\/categories?post=79728"},{"taxonomy":"post_tag","embeddable":true,"href":"https:\/\/tvbrazilusa.com\/pt\/wp-json\/wp\/v2\/tags?post=79728"}],"curies":[{"name":"wp","href":"https:\/\/api.w.org\/{rel}","templated":true}]}}