{"id":79734,"date":"2024-12-20T13:35:09","date_gmt":"2024-12-20T13:35:09","guid":{"rendered":"https:\/\/tvbrazilusa.com\/2024\/12\/20\/terraplanistas-reconhecem-erro-em-sua-teoria-apos-testemunharem-o-sol-da-meia-noite-na-antartica\/"},"modified":"2024-12-20T13:35:10","modified_gmt":"2024-12-20T13:35:10","slug":"terraplanistas-reconhecem-erro-em-sua-teoria-apos-testemunharem-o-sol-da-meia-noite-na-antartica","status":"publish","type":"post","link":"https:\/\/tvbrazilusa.com\/pt\/2024\/12\/20\/terraplanistas-reconhecem-erro-em-sua-teoria-apos-testemunharem-o-sol-da-meia-noite-na-antartica\/","title":{"rendered":"Terraplanistas reconhecem erro em sua teoria ap\u00f3s testemunharem o &#8216;Sol da Meia-Noite&#8217; na Ant\u00e1rtica"},"content":{"rendered":"<p> <script async src=\"https:\/\/pagead2.googlesyndication.com\/pagead\/js\/adsbygoogle.js?client=ca-pub-8864793242727901\"\r\n     crossorigin=\"anonymous\"><\/script><br \/>\n<\/p>\n<div data-block-type=\"unstyled\" data-block-weight=\"45\" data-block-id=\"16\">\n<p class=\"content-text__container\" data-track-category=\"Link no Texto\" data-track-links=\"\" data-mrf-recirculation=\"Mat\u00e9ria - Links no Texto\">&#8220;Eu sei que vou ser chamado de falso por dizer isso, e quer saber? Se voc\u00ea \u00e9 um falso por ser honesto, ent\u00e3o que assim seja&#8221;, disse Campanella, ao reconhecer que o Sol na verdade permanece vis\u00edvel 24 horas por dia durante o ver\u00e3o ant\u00e1rtico.\n<\/p>\n<p>Sol da meia-noite como prova da esfericidade<br \/>O fen\u00f4meno do Sol da Meia-Noite \u00e9, justamente, uma das muitas evid\u00eancias da esfericidade da Terra, uma vez que somente pode ocorrer sobre uma esfera inclinada e rotativa.\n<\/p>\n<p>Durante o ver\u00e3o, a inclina\u00e7\u00e3o axial coloca o Polo Sul voltado para o Sol continuamente durante 24 horas, algo imposs\u00edvel em uma superf\u00edcie plana.<br \/>No entanto, nem todos os participantes ficaram igualmente convencidos. Austin Whitsitt, outro ferrenho terraplanista que participou da viagem, reconheceu a exist\u00eancia do Sol da Meia-Noite, mas afirmou que ainda n\u00e3o o considera uma prova conclusiva de que o planeta seja de fato uma esfera.\n<\/p>\n<p>&#8220;J\u00e1 vi uma demonstra\u00e7\u00e3o f\u00edsica que podia mostrar que isso funciona numa Terra plana&#8221;, disse, sugerindo que o fen\u00f4meno poderia ter uma explica\u00e7\u00e3o alternativa.\n<\/p>\n<p>Por outro lado, o impacto da viagem na comunidade terraplanista foi variado. Enquanto alguns seguidores no YouTube come\u00e7aram a questionar as suas cren\u00e7as anteriores, outros, segundo o Daily Mail, insistiram que as imagens eram falsas e tinham sido gravadas em frente a uma tela verde, ou acusaram Duffy de ser &#8220;um pastor que defende uma Terra que n\u00e3o \u00e9 b\u00edblica&#8221; e de trabalhar para a Nasa.\n<\/p>\n<p>Para Campanella, pelo menos, a experi\u00eancia o levou repensar algumas de suas cren\u00e7as mais fortes. &#8220;O mapa AE [equidistante azimutal] n\u00e3o funciona mais&#8221;, admitiu, referindo-se ao modelo cartogr\u00e1fico favorito dos terraplanistas, embora n\u00e3o tenha chegado a declarar explicitamente que a Terra \u00e9 redonda.<\/p>\n<p>Fonte: g1\n<\/p>\n<\/div>\n<p><br \/>\n<br \/><a href=\"https:\/\/diariodobrasilnoticias.com.br\/noticia\/terraplanistas-reconhecem-erro-em-sua-teoria-apos-testemunharem-o-sol-da-meia-noite-na-antartica-67655c8d0867a\">Source link <\/a><\/p>","protected":false},"excerpt":{"rendered":"<p>&#8220;Eu sei que vou ser chamado de falso por dizer isso, e quer saber? Se voc\u00ea \u00e9 um falso por ser honesto, ent\u00e3o que assim seja&#8221;, disse Campanella, ao reconhecer&hellip;<\/p>","protected":false},"author":1,"featured_media":79735,"comment_status":"closed","ping_status":"open","sticky":false,"template":"","format":"standard","meta":{"content-type":"","footnotes":""},"categories":[16],"tags":[123,2448,5313,1267],"class_list":["post-79734","post","type-post","status-publish","format-standard","has-post-thumbnail","hentry","category-noticias","tag-brasil","tag-diario","tag-noticia","tag-noticias"],"_links":{"self":[{"href":"https:\/\/tvbrazilusa.com\/pt\/wp-json\/wp\/v2\/posts\/79734","targetHints":{"allow":["GET"]}}],"collection":[{"href":"https:\/\/tvbrazilusa.com\/pt\/wp-json\/wp\/v2\/posts"}],"about":[{"href":"https:\/\/tvbrazilusa.com\/pt\/wp-json\/wp\/v2\/types\/post"}],"author":[{"embeddable":true,"href":"https:\/\/tvbrazilusa.com\/pt\/wp-json\/wp\/v2\/users\/1"}],"replies":[{"embeddable":true,"href":"https:\/\/tvbrazilusa.com\/pt\/wp-json\/wp\/v2\/comments?post=79734"}],"version-history":[{"count":1,"href":"https:\/\/tvbrazilusa.com\/pt\/wp-json\/wp\/v2\/posts\/79734\/revisions"}],"predecessor-version":[{"id":79736,"href":"https:\/\/tvbrazilusa.com\/pt\/wp-json\/wp\/v2\/posts\/79734\/revisions\/79736"}],"wp:featuredmedia":[{"embeddable":true,"href":"https:\/\/tvbrazilusa.com\/pt\/wp-json\/wp\/v2\/media\/79735"}],"wp:attachment":[{"href":"https:\/\/tvbrazilusa.com\/pt\/wp-json\/wp\/v2\/media?parent=79734"}],"wp:term":[{"taxonomy":"category","embeddable":true,"href":"https:\/\/tvbrazilusa.com\/pt\/wp-json\/wp\/v2\/categories?post=79734"},{"taxonomy":"post_tag","embeddable":true,"href":"https:\/\/tvbrazilusa.com\/pt\/wp-json\/wp\/v2\/tags?post=79734"}],"curies":[{"name":"wp","href":"https:\/\/api.w.org\/{rel}","templated":true}]}}