{"id":79770,"date":"2024-12-20T14:54:00","date_gmt":"2024-12-20T14:54:00","guid":{"rendered":"https:\/\/tvbrazilusa.com\/2024\/12\/20\/com-assalto-em-andamento-policial-para-na-frente-acha-que-a-arma-do-criminoso-e-de-brinquedo-e-e-morto-com-varios-tiros-veja-video\/"},"modified":"2024-12-20T14:54:02","modified_gmt":"2024-12-20T14:54:02","slug":"com-assalto-em-andamento-policial-para-na-frente-acha-que-a-arma-do-criminoso-e-de-brinquedo-e-e-morto-com-varios-tiros-veja-video","status":"publish","type":"post","link":"https:\/\/tvbrazilusa.com\/pt\/2024\/12\/20\/com-assalto-em-andamento-policial-para-na-frente-acha-que-a-arma-do-criminoso-e-de-brinquedo-e-e-morto-com-varios-tiros-veja-video\/","title":{"rendered":"Com assalto em andamento, policial para na frente, acha que a arma do criminoso \u00e9 de brinquedo e \u00e9 morto com v\u00e1rios tiros; Veja v\u00eddeo"},"content":{"rendered":"<p> <script async src=\"https:\/\/pagead2.googlesyndication.com\/pagead\/js\/adsbygoogle.js?client=ca-pub-8864793242727901\"\r\n     crossorigin=\"anonymous\"><\/script><br \/>\n<\/p>\n<div id=\"taboola-read-more\" style=\"display:block; width:100%\">\n<div id=\"chunk-ah623\">\n<p>Um policial penal foi morto a tiros, na noite desta quinta-feira (19), durante um assalto em Santa Cruz, na Zona Oeste do Rio. O crime foi registrado por c\u00e2meras de seguran\u00e7a.\n<\/p>\n<\/div>\n<div id=\"chunk-apkfk\">\n<p>Bandidos invadiram um dep\u00f3sito de bebidas para roubar. O inspetor Henry dos Santos Oliveira, de 51 anos, passava de moto quando viu um suspeito armado na rua.<\/p>\n<\/div>\n<div id=\"chunk-5auph\">\n<p>Pelas imagens, \u00e9 poss\u00edvel ver quando ele para a moto para falar com o assaltante e mostra que est\u00e1 armado com uma pistola na cintura.\n<\/p>\n<\/div>\n<div id=\"chunk-ddn8k\">\n<p>Ao ver a arma, os comparsas, que estavam dentro do dep\u00f3sito, saem e atiram contra o agente, que morreu na hora.\n<\/p>\n<\/div>\n<div id=\"chunk-b1udt\">\n<p>Testemunhas relataram que Henry achou que o criminoso portava uma arma de gel e n\u00e3o percebeu que era um assalto.\n<\/p>\n<\/div>\n<div id=\"chunk-fv3mh\">\n<p>Em nota, a Secretaria de Administra\u00e7\u00e3o Penitenci\u00e1ria (Seap) lamentou a morte do policial penal e informou que acompanha a apura\u00e7\u00e3o do caso.\n<\/p>\n<\/div>\n<div id=\"chunk-6acti\">\n<p>O caso \u00e9 investigado pela Delegacia de Homic\u00eddios da Capital (DHC), que informou que uma segunda v\u00edtima ficou ferida sem gravidade.\n<\/p>\n<\/div>\n<div id=\"chunk-12rd2\">\n<p>&#8220;Os agentes est\u00e3o em busca de imagens de c\u00e2meras de seguran\u00e7a que registraram o crime e de testemunhas para identificar os autores do crime&#8221;, diz a nota da Pol\u00edcia Civil.\n<\/p>\n<p>ASSISTA:\n<\/p>\n<p>Fonte: g1\n<\/p>\n<\/div><\/div>\n<p><br \/>\n<br \/><a href=\"https:\/\/diariodobrasilnoticias.com.br\/noticia\/com-assalto-em-andamento-policial-para-na-frente-acha-que-a-arma-do-criminoso-e-de-brinquedo-e-e-morto-com-varios-tiros-veja-video-67656d5d9bdd2\">Source link <\/a><\/p>","protected":false},"excerpt":{"rendered":"<p>Um policial penal foi morto a tiros, na noite desta quinta-feira (19), durante um assalto em Santa Cruz, na Zona Oeste do Rio. O crime foi registrado por c\u00e2meras de&hellip;<\/p>","protected":false},"author":1,"featured_media":79771,"comment_status":"closed","ping_status":"open","sticky":false,"template":"","format":"standard","meta":{"content-type":"","footnotes":""},"categories":[16],"tags":[123,2448,5313,1267],"class_list":["post-79770","post","type-post","status-publish","format-standard","has-post-thumbnail","hentry","category-noticias","tag-brasil","tag-diario","tag-noticia","tag-noticias"],"_links":{"self":[{"href":"https:\/\/tvbrazilusa.com\/pt\/wp-json\/wp\/v2\/posts\/79770","targetHints":{"allow":["GET"]}}],"collection":[{"href":"https:\/\/tvbrazilusa.com\/pt\/wp-json\/wp\/v2\/posts"}],"about":[{"href":"https:\/\/tvbrazilusa.com\/pt\/wp-json\/wp\/v2\/types\/post"}],"author":[{"embeddable":true,"href":"https:\/\/tvbrazilusa.com\/pt\/wp-json\/wp\/v2\/users\/1"}],"replies":[{"embeddable":true,"href":"https:\/\/tvbrazilusa.com\/pt\/wp-json\/wp\/v2\/comments?post=79770"}],"version-history":[{"count":1,"href":"https:\/\/tvbrazilusa.com\/pt\/wp-json\/wp\/v2\/posts\/79770\/revisions"}],"predecessor-version":[{"id":79772,"href":"https:\/\/tvbrazilusa.com\/pt\/wp-json\/wp\/v2\/posts\/79770\/revisions\/79772"}],"wp:featuredmedia":[{"embeddable":true,"href":"https:\/\/tvbrazilusa.com\/pt\/wp-json\/wp\/v2\/media\/79771"}],"wp:attachment":[{"href":"https:\/\/tvbrazilusa.com\/pt\/wp-json\/wp\/v2\/media?parent=79770"}],"wp:term":[{"taxonomy":"category","embeddable":true,"href":"https:\/\/tvbrazilusa.com\/pt\/wp-json\/wp\/v2\/categories?post=79770"},{"taxonomy":"post_tag","embeddable":true,"href":"https:\/\/tvbrazilusa.com\/pt\/wp-json\/wp\/v2\/tags?post=79770"}],"curies":[{"name":"wp","href":"https:\/\/api.w.org\/{rel}","templated":true}]}}