{"id":79776,"date":"2024-12-20T15:02:13","date_gmt":"2024-12-20T15:02:13","guid":{"rendered":"https:\/\/tvbrazilusa.com\/2024\/12\/20\/nikolas-vai-relatar-projeto-contra-fake-news-em-eleicoes\/"},"modified":"2024-12-20T15:02:14","modified_gmt":"2024-12-20T15:02:14","slug":"nikolas-vai-relatar-projeto-contra-fake-news-em-eleicoes","status":"publish","type":"post","link":"https:\/\/tvbrazilusa.com\/pt\/2024\/12\/20\/nikolas-vai-relatar-projeto-contra-fake-news-em-eleicoes\/","title":{"rendered":"Nikolas vai relatar projeto contra fake news em elei\u00e7\u00f5es"},"content":{"rendered":"<p> <script async src=\"https:\/\/pagead2.googlesyndication.com\/pagead\/js\/adsbygoogle.js?client=ca-pub-8864793242727901\"\r\n     crossorigin=\"anonymous\"><\/script><br \/>\n<\/p>\n<div id=\"taboola-read-more\" style=\"display:block; width:100%\">\n<p>O deputado Nikolas Ferreira (PL-MG) foi escolhido como relator do projeto de lei 2051\/2024, apresentado pela deputada \u00c9rika Kokay (PT-DF), que prop\u00f5e criminalizar a dissemina\u00e7\u00e3o de fake news durante per\u00edodos eleitorais.\n<\/p>\n<p>A nomea\u00e7\u00e3o foi feita pela deputada Caroline de Toni (PL-SC), presidente da Comiss\u00e3o de Constitui\u00e7\u00e3o e Justi\u00e7a (CCJ) da C\u00e2mara, na \u00faltima quarta-feira, 18. Eleita para a fun\u00e7\u00e3o em mar\u00e7o deste ano, seu mandato est\u00e1 em vias de ser conclu\u00eddo.<\/p>\n<p>A proposta da petista estabelece pena de dois a seis anos de pris\u00e3o, al\u00e9m de multa, para quem divulgar informa\u00e7\u00f5es comprovadamente falsas e com potencial de prejudicar o processo eleitoral. Segundo Erika Kokay, a iniciativa \u00e9 uma rea\u00e7\u00e3o ao aumento da desinforma\u00e7\u00e3o na pol\u00edtica brasileira.\n<\/p>\n<p>\u201cAssistimos com imensa preocupa\u00e7\u00e3o a profus\u00e3o de uma verdadeira m\u00e1quina de desinforma\u00e7\u00e3o nas redes sociais e em tantos outros meios de comunica\u00e7\u00e3o, nos quais se confunde, seja por ignor\u00e2ncia ou m\u00e1-f\u00e9, liberdade de express\u00e3o com liberdade de atacar institui\u00e7\u00f5es democr\u00e1ticas e de destruir reputa\u00e7\u00f5es alheias sem o menor pudor\u201d, diz a justificativa do projeto.\n<\/p>\n<p>Nikolas deve se opor ao projeto<br \/>O projeto de lei enfrenta oposi\u00e7\u00e3o de Nikolas Ferreira, que frequentemente defende a liberdade de express\u00e3o sem restri\u00e7\u00f5es e tem grande influ\u00eancia nas redes sociais, especialmente entre os jovens.\n<\/p>\n<p>Apesar da nomea\u00e7\u00e3o do relator, o projeto n\u00e3o ser\u00e1 analisado em 2024, por causa do t\u00e9rmino do ano legislativo nesta sexta-feira, 20. Sua tramita\u00e7\u00e3o depender\u00e1 da presid\u00eancia da CCJ no pr\u00f3ximo ano e da perman\u00eancia de Nikolas Ferreira na comiss\u00e3o em 2025. Caso ele deixe o colegiado, outro deputado ser\u00e1 designado para assumir a relatoria.<\/p>\n<p>Fonte: Revista Oeste              <\/p>\n<\/div>\n<p><br \/>\n<br \/><a href=\"https:\/\/diariodobrasilnoticias.com.br\/noticia\/nikolas-vai-relatar-projeto-contra-fake-news-em-eleicoes-67656c0150995\">Source link <\/a><\/p>","protected":false},"excerpt":{"rendered":"<p>O deputado Nikolas Ferreira (PL-MG) foi escolhido como relator do projeto de lei 2051\/2024, apresentado pela deputada \u00c9rika Kokay (PT-DF), que prop\u00f5e criminalizar a dissemina\u00e7\u00e3o de fake news durante per\u00edodos&hellip;<\/p>","protected":false},"author":1,"featured_media":79777,"comment_status":"closed","ping_status":"open","sticky":false,"template":"","format":"standard","meta":{"content-type":"","footnotes":""},"categories":[16],"tags":[123,2448,5313,1267],"class_list":["post-79776","post","type-post","status-publish","format-standard","has-post-thumbnail","hentry","category-noticias","tag-brasil","tag-diario","tag-noticia","tag-noticias"],"_links":{"self":[{"href":"https:\/\/tvbrazilusa.com\/pt\/wp-json\/wp\/v2\/posts\/79776","targetHints":{"allow":["GET"]}}],"collection":[{"href":"https:\/\/tvbrazilusa.com\/pt\/wp-json\/wp\/v2\/posts"}],"about":[{"href":"https:\/\/tvbrazilusa.com\/pt\/wp-json\/wp\/v2\/types\/post"}],"author":[{"embeddable":true,"href":"https:\/\/tvbrazilusa.com\/pt\/wp-json\/wp\/v2\/users\/1"}],"replies":[{"embeddable":true,"href":"https:\/\/tvbrazilusa.com\/pt\/wp-json\/wp\/v2\/comments?post=79776"}],"version-history":[{"count":1,"href":"https:\/\/tvbrazilusa.com\/pt\/wp-json\/wp\/v2\/posts\/79776\/revisions"}],"predecessor-version":[{"id":79778,"href":"https:\/\/tvbrazilusa.com\/pt\/wp-json\/wp\/v2\/posts\/79776\/revisions\/79778"}],"wp:featuredmedia":[{"embeddable":true,"href":"https:\/\/tvbrazilusa.com\/pt\/wp-json\/wp\/v2\/media\/79777"}],"wp:attachment":[{"href":"https:\/\/tvbrazilusa.com\/pt\/wp-json\/wp\/v2\/media?parent=79776"}],"wp:term":[{"taxonomy":"category","embeddable":true,"href":"https:\/\/tvbrazilusa.com\/pt\/wp-json\/wp\/v2\/categories?post=79776"},{"taxonomy":"post_tag","embeddable":true,"href":"https:\/\/tvbrazilusa.com\/pt\/wp-json\/wp\/v2\/tags?post=79776"}],"curies":[{"name":"wp","href":"https:\/\/api.w.org\/{rel}","templated":true}]}}