{"id":79779,"date":"2024-12-20T15:07:52","date_gmt":"2024-12-20T15:07:52","guid":{"rendered":"https:\/\/tvbrazilusa.com\/2024\/12\/20\/trump-estava-preparado-para-herdar-uma-economia-forte-entao-as-coisas-ficaram-dificeis-e-ele-aumentou-a-incerteza\/"},"modified":"2024-12-20T15:09:43","modified_gmt":"2024-12-20T15:09:43","slug":"trump-estava-preparado-para-herdar-uma-economia-forte-entao-as-coisas-ficaram-dificeis-e-ele-aumentou-a-incerteza","status":"publish","type":"post","link":"https:\/\/tvbrazilusa.com\/pt\/2024\/12\/20\/trump-estava-preparado-para-herdar-uma-economia-forte-entao-as-coisas-ficaram-dificeis-e-ele-aumentou-a-incerteza\/","title":{"rendered":"Trump estava preparado para herdar uma economia forte. Ent\u00e3o as coisas ficaram dif\u00edceis e ele aumentou a incerteza."},"content":{"rendered":"<p> <script async src=\"https:\/\/pagead2.googlesyndication.com\/pagead\/js\/adsbygoogle.js?client=ca-pub-8864793242727901\"\r\n     crossorigin=\"anonymous\"><\/script><br \/>\n<\/p>\n<div id=\"\">\n<header class=\"m-article-header m-article-header--standard\">\n\t\t\t\t\t\t\t\t\t\t\t\t<span id=\"article-header-primary-term\"><br \/>\n\t\t\t\t\t\t\t\t<a class=\"a-term a-term--primary\" href=\"https:\/\/www.boston.com\/tag\/politics\/\"><\/p>\n<p>\t\t\t\t\t\t\t\tPol\u00edtica\t\t\t\t\t\t\t\t<\/a><br \/>\n\t\t\t\t\t\t\t<\/span><\/p>\n<h2 class=\"m-article-header__sub-headline\">Na quarta-feira, Trump destruiu um acordo or\u00e7ament\u00e1rio bipartid\u00e1rio, o que significa que o governo poderia fechar depois da meia-noite de s\u00e1bado.<\/h2>\n<figure class=\"a-photo m-article-header__photo\"><figcaption class=\"a-photo__caption\">\n<p>\tO presidente eleito Donald Trump fala durante uma entrevista coletiva em Mar-a-Lago, segunda-feira, 16 de dezembro de 2024, em Palm Beach, Fl\u00f3rida. <em> AP Foto\/Evan Vucci<\/em>\t<\/figcaption><\/figure>\n<div class=\"m-article-header__meta\">\n<div class=\"m-article-header__byline\">\n<p class=\"m-article-header__author\">\n<p>\t\t\t\t\t\t\t\tPor JOSH BOAK, Associated Press\t\t\t\t\t\t\t<\/p>\n<p>\t\t\t\t\t\t\t\t\t\t\t\t\t\t\t<time class=\"m-article-header__date\"><\/p>\n<p>\t\t\t\t\t\t\t\t\t20 de dezembro de 2024 | 10h07\t\t\t\t\t\t\t\t<\/time><\/p>\n<p><span>5 minutos para ler<\/span><\/p>\n<\/p><\/div>\n<\/p><\/div>\n<\/header>\n<p>WEST PALM BEACH, Fl\u00f3rida (AP) \u2013 A economia tranquila que <a href=\"https:\/\/www.boston.com\/tag\/donald-trump\/\">Donald Trump <\/a>estava prestes a herdar de repente parece um pouco mais dif\u00edcil \u2013 com os cr\u00edticos dizendo que o presidente eleito est\u00e1 contribuindo para a incerteza.<\/p>\n<p>O \u00edndice de a\u00e7\u00f5es Dow Jones terminou quinta-feira essencialmente est\u00e1vel, ap\u00f3s ter registrado 10 dias de perdas. A Reserva Federal considera agora que a infla\u00e7\u00e3o se mant\u00e9m teimosamente elevada, uma vez que se tornou cautelosa relativamente a novos cortes nas taxas de juro planeados para o pr\u00f3ximo ano.<\/p>\n<div class=\"m-block t-amp__list-container m-article-list-container m-article-list-container--frame-border a-border-frame  a-list-header__headline--red m-article-list--alternative--default  m-article-list--floated\">\n<ul class=\"t-amp__list a-list--no-style m-article-list m-article-list--recirculation m-article-list--has-images\">\n<li class=\"m-article-list__item m-article-list__item--featured\">\n\t\t\t<a class=\"m-article-list__link-wrapper\" href=\"https:\/\/www.boston.com\/news\/politics\/2024\/12\/19\/what-to-know-about-the-debt-ceiling-debate-government-shutdown-looms-washington\/?p1=article_recirc_inline_feature\" data-p1=\"article_recirc_inline_feature\"><br \/>\n\t\t\t\t<img fetchpriority=\"high\" decoding=\"async\" width=\"768\" height=\"432\" src=\"https:\/\/bdc2020.o0bc.com\/wp-content\/uploads\/2024\/12\/Congress_Budget_46691-6764c1ca558c8-768x432.jpg\" class=\"t-amp__list-image m-article-list__image m-article-list__image--full\" alt=\"\" aria-hidden=\"true\" srcset=\"https:\/\/bdc2020.o0bc.com\/wp-content\/uploads\/2024\/12\/Congress_Budget_46691-6764c1ca558c8-768x432.jpg?width=200 200w, https:\/\/bdc2020.o0bc.com\/wp-content\/uploads\/2024\/12\/Congress_Budget_46691-6764c1ca558c8-768x432.jpg?width=300 300w, https:\/\/bdc2020.o0bc.com\/wp-content\/uploads\/2024\/12\/Congress_Budget_46691-6764c1ca558c8-768x432.jpg?width=400 400w, https:\/\/bdc2020.o0bc.com\/wp-content\/uploads\/2024\/12\/Congress_Budget_46691-6764c1ca558c8-768x432.jpg?width=500 500w, https:\/\/bdc2020.o0bc.com\/wp-content\/uploads\/2024\/12\/Congress_Budget_46691-6764c1ca558c8-768x432.jpg?width=600 600w, https:\/\/bdc2020.o0bc.com\/wp-content\/uploads\/2024\/12\/Congress_Budget_46691-6764c1ca558c8-768x432.jpg?width=700 700w, https:\/\/bdc2020.o0bc.com\/wp-content\/uploads\/2024\/12\/Congress_Budget_46691-6764c1ca558c8-768x432.jpg?width=800 800w, https:\/\/bdc2020.o0bc.com\/wp-content\/uploads\/2024\/12\/Congress_Budget_46691-6764c1ca558c8-768x432.jpg?width=900 900w\" sizes=\"(max-width: 768px) 100vw, 768px\"\/>\t\t\t\t\t<\/p>\n<p><h4 class=\"m-article-list__headline t-amp__list-headline\">\n\t\t\t\t\t\t\t<span class=\"m-article-list__link a-link a-link--inline a-link--text-link a-link--text-link-dark\"><\/p>\n<p>\t\t\t\t\t\t\tO que saber sobre o debate sobre o teto da d\u00edvida \u00e0 medida que uma paralisa\u00e7\u00e3o do governo se aproxima em Washington\t\t\t\t\t\t\t<\/span><br \/>\n\t\t\t\t\t\t<\/h4>\n<\/p>\n<p>\t\t\t\t<\/a>\n\t\t\t<\/li>\n<li class=\"m-article-list__item\">\n\t\t\t\t\t<a class=\"m-article-list__link-wrapper\" href=\"https:\/\/www.boston.com\/news\/politics\/2024\/12\/18\/trump-brings-chaos-back-to-washington-by-attempting-to-kill-bipartisan-budget-deal-with-musks-help\/?p1=article_recirc_inline_feed\" data-p1=\"article_recirc_inline_feed\"><\/p>\n<p><h4 class=\"m-article-list__headline\">\n\t\t\t\t\t\t\t\t\t<span class=\"m-article-list__link a-link a-link--inline a-link--text-link a-link--text-link-dark\"><\/p>\n<p>\t\t\t\t\t\t\t\t\tTrump traz o caos de volta a Washington ao tentar destruir o acordo or\u00e7ament\u00e1rio bipartid\u00e1rio com a ajuda de Musk\t\t\t\t\t\t\t\t\t<\/span><br \/>\n\t\t\t\t\t\t\t\t<\/h4>\n<\/p>\n<p>\t\t\t\t\t\t<\/a>\n\t\t\t\t\t<\/li>\n<\/ul>\n<\/div>\n<p>Na quarta-feira, Trump explodiu um <a href=\"https:\/\/www.boston.com\/news\/politics\/2024\/12\/19\/what-to-know-about-the-debt-ceiling-debate-government-shutdown-looms-washington\/\">acordo or\u00e7ament\u00e1rio bipartid\u00e1rio<\/a>o que significa que o governo pode fechar depois da meia-noite de s\u00e1bado. Ele ent\u00e3o promoveu um acordo alcan\u00e7ado com os republicanos na quinta-feira que os legisladores democratas e o presidente Joe Biden consideram inaceit\u00e1vel. N\u00e3o conseguiu atingir o limite de dois ter\u00e7os necess\u00e1rio para a aprova\u00e7\u00e3o da C\u00e2mara. Isto vem em cima de um <a href=\"https:\/\/www.cbo.gov\/system\/files\/2024-12\/61112-Tariffs.pdf\">onda de amea\u00e7as tarif\u00e1rias<\/a> por Trump que o Gabinete de Or\u00e7amento do Congresso disse na quarta-feira que aumentaria os pre\u00e7os e prejudicaria o crescimento sem aumentar receitas suficientes para cobrir o resto dos cortes de impostos planeados.<\/p>\n<p>Enquanto Trump se prepara para um segundo mandato na Casa Branca, as suas a\u00e7\u00f5es para desfazer um acordo e substitu\u00ed-lo em menos de 24 horas testam a proposi\u00e7\u00e3o de que os mercados \u2013 um bar\u00f3metro de sucesso favorito de Trump \u2013 aceitar\u00e3o a sua mistura de incerteza e drama de reality show.<\/p>\n<p>Mas do ponto de vista do mundo Trump, a economia j\u00e1 estava uma bagun\u00e7a. Isso se deve \u00e0 infla\u00e7\u00e3o, que atualmente \u00e9 de 2,7%, e \u00e0 insatisfa\u00e7\u00e3o p\u00fablica com Biden.<\/p>\n<p>\u201cNo primeiro dia, o presidente Trump come\u00e7ar\u00e1 a trabalhar para lan\u00e7ar a maior agenda de desregulamenta\u00e7\u00e3o da hist\u00f3ria, cortar impostos e agilizar a permiss\u00e3o de perfura\u00e7\u00e3o e fracking para reduzir os custos de energia e a infla\u00e7\u00e3o para todos os americanos\u201d, disse Karoline Leavitt, porta-voz da transi\u00e7\u00e3o e futura secret\u00e1rio de imprensa.<\/p>\n<h2 class=\"wp-block-heading\" id=\"h-turbulence-already-starting\">Turbul\u00eancia j\u00e1 come\u00e7ando<\/h2>\n<p>Os \u00faltimos dias lembram-nos que o crescimento econ\u00f3mico no primeiro mandato do republicano foi muitas vezes acompanhado de turbul\u00eancia. Resta saber se os eleitores j\u00e1 exaustos pela infla\u00e7\u00e3o est\u00e3o prontos para outra ronda de jogos de culpa e de incerteza que os \u00faltimos dias prenunciaram.<\/p>\n<p>Trump prometeu na quarta-feira nas redes sociais \u201clutar at\u00e9 o fim\u201d, a menos que os democratas concordassem em aumentar o teto da d\u00edvida como condi\u00e7\u00e3o para o financiamento de curto prazo para manter o governo federal aberto. Ele e seu amigo e conselheiro bilion\u00e1rio Elon Musk tamb\u00e9m prometeram financiar advers\u00e1rios nas elei\u00e7\u00f5es prim\u00e1rias de 2026 a qualquer legislador republicano que se opusesse ao presidente eleito.<\/p>\n<p>Suas postagens nas redes sociais ocorreram depois que Musk criticou o pacote bipartid\u00e1rio alcan\u00e7ado pelo presidente da C\u00e2mara, Mike Johnson, R-La., para financiar o governo at\u00e9 14 de mar\u00e7o. CBO <a href=\"https:\/\/www.cbo.gov\/publication\/54937#:~:text=CBO%20estimates%20that%20the%20partial,dollars)%2C%20or%200.2%20percent.\">estimou que reduziu o crescimento econ\u00f3mico <\/a>em US$ 3 bilh\u00f5es, uma quantia pequena, mas simb\u00f3lica.<\/p>\n<p>Na quinta-feira, Trump afirmava nas redes sociais que um novo acordo alcan\u00e7ado entre os republicanos era um \u201cSUCESSO\u201d porque iria estender o teto da d\u00edvida at\u00e9 30 de janeiro de 2027. Ele insistiu que os democratas \u201cfa\u00e7am o que \u00e9 melhor para o pa\u00eds\u201d, mas o A Casa Branca e os principais legisladores democratas manifestaram-se contra a proposta.<\/p>\n<p>Os democratas tamb\u00e9m foram r\u00e1pidos em aproveitar a aparente disfun\u00e7\u00e3o republicana, com a deputada Suzan DelBene, D-Wash., dizendo: \u201cTrump fez muitas promessas, mas tamb\u00e9m ser\u00e1 respons\u00e1vel pelo impacto que est\u00e1 causando nas fam\u00edlias\u201d.<\/p>\n<p>\u201cAcho que Elon Musk est\u00e1 tomando as decis\u00f5es agora, porque os republicanos no Congresso s\u00e3o incapazes de tomar decis\u00f5es por conta pr\u00f3pria\u201d, disse DelBene em entrevista. \u201cEles apenas esperam que algu\u00e9m lhes diga o que fazer.\u201d<\/p>\n<h2 class=\"wp-block-heading\" id=\"h-trump-won-the-election-but-public-still-wary\">Trump venceu as elei\u00e7\u00f5es, mas o p\u00fablico ainda est\u00e1 cauteloso<\/h2>\n<p>A capacidade de Trump de projetar for\u00e7a e garantir aos eleitores que reduziria a infla\u00e7\u00e3o ajudou-o a vencer as elei\u00e7\u00f5es de novembro. As a\u00e7\u00f5es subiram inicialmente com a perspetiva de cortes fiscais e regulamentares, mas Trump ainda enfrenta um p\u00fablico c\u00e9tico e parece estar a iniciar a sua presid\u00eancia a partir de uma posi\u00e7\u00e3o mais delicada do que a de Biden h\u00e1 quatro anos.<\/p>\n<p>A maioria dos adultos norte-americanos \u2013 54% \u2013 tem uma vis\u00e3o desfavor\u00e1vel de Trump, de acordo com a \u00faltima pesquisa do Centro de Pesquisa de Assuntos P\u00fablicos da Associated Press-NORC. A pesquisa descobriu que pequenas maiorias t\u00eam pouca ou nenhuma confian\u00e7a em sua capacidade de administrar a Casa Branca ou os gastos do governo. Em contraste, Biden come\u00e7ou a sua presid\u00eancia com um \u00edndice de aprova\u00e7\u00e3o acima de 60%, apenas para v\u00ea-lo diminuir constantemente \u00e0 medida que a infla\u00e7\u00e3o piorava.<\/p>\n<p>Num certo sentido, Trump tem de preservar a din\u00e2mica de uma economia que ainda est\u00e1 a recuperar das distor\u00e7\u00f5es da era pand\u00e9mica, ao mesmo tempo que atravessa uma s\u00e9rie de escolhas pol\u00edticas dif\u00edceis. Em primeiro lugar, h\u00e1 a necessidade de aumentar a autoridade legal de empr\u00e9stimo do governo, que insiste em fazer parte de qualquer lei de financiamento de curto prazo, a fim de evitar uma paralisa\u00e7\u00e3o. Ele tamb\u00e9m pressionar\u00e1 para renovar seus cortes de impostos de 2017, que expirar\u00e3o no pr\u00f3ximo ano. Al\u00e9m disso, existe um d\u00e9fice or\u00e7amental que se tornou menos sustent\u00e1vel com taxas de juro mais elevadas.<\/p>\n<p>\u201cA economia dos EUA est\u00e1 em muito boa forma \u2013 tem uma forte tend\u00eancia de crescimento subjacente\u201d, disse Douglas Holtz-Eakin, economista e presidente do American Action Forum, um think tank de centro-direita. \u201cTodos os riscos s\u00e3o riscos pol\u00edticos. S\u00e3o riscos de que o Fed n\u00e3o tenha acertado, riscos que acompanham o tempo \u2013 temos que estabelecer o teto da d\u00edvida, temos que financiar o governo.\u201d<\/p>\n<p>Num discurso este m\u00eas na Brookings Institution, Biden fez um balan\u00e7o do crescimento econ\u00f3mico de cerca de 3% e da diminui\u00e7\u00e3o da taxa de infla\u00e7\u00e3o desde o seu pico em 2022, dizendo que Trump assumiria o cargo com uma economia s\u00f3lida. Mas tamb\u00e9m alertou que as pol\u00edticas dos aliados de Trump, sob a forma de tarifas e deporta\u00e7\u00f5es, poderiam desencadear um \u201cdesastre econ\u00f3mico\u201d.<\/p>\n<p>O presidente nunca traduziu os seus investimentos em infra-estruturas, energias renov\u00e1veis \u200b\u200be novas f\u00e1bricas em impulso pol\u00edtico. Mas ele disse que \u201cser\u00e1 politicamente dispendioso e economicamente insalubre para o pr\u00f3ximo presidente interromper ou cortar\u201d esses programas.<\/p>\n<p>Trump tamb\u00e9m herda de Biden uma d\u00edvida nacional mais elevada, o que poder\u00e1 limitar os benef\u00edcios e o alcance dos seus planeados cortes de impostos. Quando ele foi presidente pela \u00faltima vez, em 2020, o governo gastava 345 mil milh\u00f5es de d\u00f3lares anualmente para pagar a d\u00edvida. Esse custo agora ultrapassa US$ 1 trilh\u00e3o. Na quinta-feira, o presidente eleito disse nas redes sociais que o governo federal \u201ccortar\u00e1 centenas de milhares de milh\u00f5es de d\u00f3lares em gastos no pr\u00f3ximo ano\u201d num esfor\u00e7o para financiar os seus cortes de impostos e limitar os d\u00e9fices.<\/p>\n<h2 class=\"wp-block-heading\" id=\"h-the-fed-sees-uncertainty-ahead\">O Fed v\u00ea incerteza \u00e0 frente<\/h2>\n<p>O presidente do Federal Reserve, Jerome Powell, disse a rep\u00f3rteres em entrevista coletiva na quarta-feira que alguns membros do comit\u00ea de fixa\u00e7\u00e3o de taxas do banco central come\u00e7aram a incorporar os poss\u00edveis efeitos das pol\u00edticas de Trump em suas previs\u00f5es econ\u00f4micas.<\/p>\n<p>Mas Powell sublinhou que h\u00e1 falta de clareza sobre o que Trump faria. N\u00e3o se sabe se ele cumpriria as amea\u00e7as tarif\u00e1rias contra o Canad\u00e1, o M\u00e9xico, a China e a Europa. Nem h\u00e1 muita orienta\u00e7\u00e3o oficial sobre como Trump financiaria cortes de impostos que poderiam acrescentar <a href=\"https:\/\/www.budget.senate.gov\/chairman\/newsroom\/press\/extending-trump-tax-cuts-would-add-46-trillion-to-the-deficit-cbo-finds\">US$ 4,6 trilh\u00f5es <\/a>ao d\u00e9fice ao longo de uma d\u00e9cada.<\/p>\n<p>\u201cAlguns identificaram a incerteza pol\u00edtica como uma das raz\u00f5es para contabilizarem mais incertezas em torno da infla\u00e7\u00e3o\u201d, disse Powell. \u201cA quest\u00e3o da incerteza \u00e9 que faz parte do senso comum pensar que quando o caminho \u00e9 incerto voc\u00ea vai um pouco mais devagar.\u201d<\/p>\n<p>Powell acrescentou, para dar \u00eanfase ao que acontece com a incerteza: \u201cN\u00e3o \u00e9 diferente de conduzir numa noite de nevoeiro ou de entrar num quarto escuro cheio de mob\u00edlia. Voc\u00ea apenas desacelera.<\/p>\n<div class=\"m-block m-generic-cta\t m-generic-cta--post-content\t m-generic-cta--dark\t m-generic-cta--homepage\t m-generic-cta--email-signup\t\t m-generic-cta-block-style--default \tt-amp__generic-cta\"><\/p>\n<div class=\"m-generic-cta__wrap\">\n<div class=\"m-generic-cta__content\">\n<h3 class=\"m-generic-cta__title\">Alertas extras de not\u00edcias<\/h3>\n<p class=\"m-generic-cta__subtitle\">Receba as \u00faltimas atualiza\u00e7\u00f5es conforme elas acontecem.<\/p>\n<\/p><\/div>\n<\/p><\/div>\n<\/div><\/div>\n<p><script>\n\t\tvar consent=\"grant\";\n\t\t\/* The above code is parsing the JSON data from the local storage and storing it in a variable. *\/\n\t\t\t\t\tconst onetrustStorageConsent = JSON.parse(localStorage.getItem( 'consent_one_trust_bdc' ) );\n\t\t\tif ( ( onetrustStorageConsent !== null ) ) {\n\t\t\t\t\/* Checking to see if the user has consented to the use of cookies.\n\t\t\t\t* If they have not, it is deleting the cookie.\n\t\t\t\t* This will comment for now, until further notice.\n\t\t\t\t*\/\n\t\t\t\t\/\/if ( onetrustStorageConsent.C0002 === false ) {\n\t\t\t\t\/\/\tdocument.cookie=\"_fbp=;expires=Thu, 01 Jan 2010 00:00:00 UTC; path=\/; domain=.boston.com\";\n\t\t\t\t\/\/}\n\t\t\t\t\/* Checking if the user has given consent for the cookie C0002.\n\t\t\t\t* If the user has given consent, the variable consent will be set to 'grant'.\n\t\t\t\t* If the user has not given consent,the variable consent will be set to 'revoke'.\n\t\t\t\t* Documentation https:\/\/developers.facebook.com\/docs\/meta-pixel\/implementation\/gdpr\n\t\t\t\t*\/\n\t\t\t\tif ( onetrustStorageConsent.C0002 !== true ) {\n\t\t\t\t\tconsent=\"revoke\";\n\t\t\t\t}\n\t\t\t}\n\t\t\t\t!function(f,b,e,v,n,t,s)\n\t\t{if(f.fbq)return;n=f.fbq=function(){n.callMethod?\n\t\tn.callMethod.apply(n,arguments):n.queue.push(arguments)};\n\t\tif(!f._fbq)f._fbq=n;n.push=n;n.loaded=!0;n.version='2.0';\n\t\tn.queue=[];t=b.createElement(e);t.async=!0;\n\t\tt.src=v;s=b.getElementsByTagName(e)[0];\n\t\ts.parentNode.insertBefore(t,s)}(window, document,'script',\n\t\t'https:\/\/connect.facebook.net\/en_US\/fbevents.js');\n\t\tfbq('consent', consent);\n\t\tfbq('init', '989222871864976');\n\t\tfbq('track', 'PageView');\n\t<\/script><script type=\"module\">\n\t\tvar consent=\"grant\";\n\t\t\/* The above code is parsing the JSON data from the local storage and storing it in a variable. *\/\n\t\t\tconst onetrustStorageConsent = JSON.parse(localStorage.getItem( 'consent_one_trust_bdc' ) );\n\t\t\t\/* Checking to see if the user has consented to the use of cookies.\n\t\t\t* If they have not, it is deleting the cookie.\n\t\t\t* This will comment for now, until further notice.\n\t\t\t*\/\n\t\t\t\/\/if ( onetrustStorageConsent.C0002 === false ) {\n\t\t\t\/\/\tdocument.cookie=\"_fbp=;expires=Thu, 01 Jan 2010 00:00:00 UTC; path=\/; domain=.boston.com\";\n\t\t\t\/\/}\n\t\t\t\/* Checking if the user has given consent for the cookie C0002.\n\t\t\t* If the user has given consent, the variable consent will be set to 'grant'.\n\t\t\t* If the user has not given consent,the variable consent will be set to 'revoke'.\n\t\t\t* Documentation https:\/\/developers.facebook.com\/docs\/meta-pixel\/implementation\/gdpr\n\t\t\t*\/\n\t\t\tif ( ( onetrustStorageConsent !== null ) && (onetrustStorageConsent.C0002 !== true ) ) {\n\t\t\t\tconsent=\"revoke\";\n\t\t\t}\n\t\t\t\t!function(f,b,e,v,n,t,s){if(f.fbq)return;n=f.fbq=function()\n\t\t{n.callMethod? n.callMethod.apply(n,arguments):n.queue.push(arguments)}\n\t\t;if(!f._fbq)f._fbq=n;\n\t\tn.push=n;n.loaded=!0;n.version='2.0';n.queue=[];t=b.createElement(e);t.async=!0;\n\t\tt.src=v;s=b.getElementsByTagName(e)[0];s.parentNode.insertBefore(t,s)}(window,\n\t\tdocument,'script','https:\/\/connect.facebook.net\/en_US\/fbevents.js');\n\t\tfbq('consent', consent);\n\t\tfbq('init', '813236348753005');\n\t\tfbq('track', \"PageView\");\n\t<\/script><br \/>\n<br \/><br \/>\n<br \/><a href=\"https:\/\/www.boston.com\/news\/politics\/2024\/12\/20\/president-elect-donald-trump-strong-economy-rocky-uncertainty\/\">Source link <\/a><\/p>","protected":false},"excerpt":{"rendered":"<p>Pol\u00edtica Na quarta-feira, Trump destruiu um acordo or\u00e7ament\u00e1rio bipartid\u00e1rio, o que significa que o governo poderia fechar depois da meia-noite de s\u00e1bado. O presidente eleito Donald Trump fala durante uma&hellip;<\/p>","protected":false},"author":1,"featured_media":79780,"comment_status":"closed","ping_status":"open","sticky":false,"template":"","format":"standard","meta":{"content-type":"","footnotes":""},"categories":[1],"tags":[],"class_list":["post-79779","post","type-post","status-publish","format-standard","has-post-thumbnail","hentry","category-uncategorized"],"_links":{"self":[{"href":"https:\/\/tvbrazilusa.com\/pt\/wp-json\/wp\/v2\/posts\/79779","targetHints":{"allow":["GET"]}}],"collection":[{"href":"https:\/\/tvbrazilusa.com\/pt\/wp-json\/wp\/v2\/posts"}],"about":[{"href":"https:\/\/tvbrazilusa.com\/pt\/wp-json\/wp\/v2\/types\/post"}],"author":[{"embeddable":true,"href":"https:\/\/tvbrazilusa.com\/pt\/wp-json\/wp\/v2\/users\/1"}],"replies":[{"embeddable":true,"href":"https:\/\/tvbrazilusa.com\/pt\/wp-json\/wp\/v2\/comments?post=79779"}],"version-history":[{"count":1,"href":"https:\/\/tvbrazilusa.com\/pt\/wp-json\/wp\/v2\/posts\/79779\/revisions"}],"predecessor-version":[{"id":79781,"href":"https:\/\/tvbrazilusa.com\/pt\/wp-json\/wp\/v2\/posts\/79779\/revisions\/79781"}],"wp:featuredmedia":[{"embeddable":true,"href":"https:\/\/tvbrazilusa.com\/pt\/wp-json\/wp\/v2\/media\/79780"}],"wp:attachment":[{"href":"https:\/\/tvbrazilusa.com\/pt\/wp-json\/wp\/v2\/media?parent=79779"}],"wp:term":[{"taxonomy":"category","embeddable":true,"href":"https:\/\/tvbrazilusa.com\/pt\/wp-json\/wp\/v2\/categories?post=79779"},{"taxonomy":"post_tag","embeddable":true,"href":"https:\/\/tvbrazilusa.com\/pt\/wp-json\/wp\/v2\/tags?post=79779"}],"curies":[{"name":"wp","href":"https:\/\/api.w.org\/{rel}","templated":true}]}}