{"id":79788,"date":"2024-12-20T15:15:03","date_gmt":"2024-12-20T15:15:03","guid":{"rendered":"https:\/\/tvbrazilusa.com\/2024\/12\/20\/globe-santa-as-dificuldades-da-cura-nas-ferias\/"},"modified":"2024-12-20T15:22:16","modified_gmt":"2024-12-20T15:22:16","slug":"globe-santa-as-dificuldades-da-cura-nas-ferias","status":"publish","type":"post","link":"https:\/\/tvbrazilusa.com\/pt\/2024\/12\/20\/globe-santa-as-dificuldades-da-cura-nas-ferias\/","title":{"rendered":"Globe Santa: As dificuldades da cura nas f\u00e9rias"},"content":{"rendered":"<p> <script async src=\"https:\/\/pagead2.googlesyndication.com\/pagead\/js\/adsbygoogle.js?client=ca-pub-8864793242727901\"\r\n     crossorigin=\"anonymous\"><\/script><br \/>\n<\/p>\n<div id=\"\">\n<header class=\"m-article-header m-article-header--standard\">\n\t\t\t\t\t\t\t\t\t\t\t\t<span id=\"article-header-primary-term\"><br \/>\n\t\t\t\t\t\t\t\t<a class=\"a-term a-term--primary\" href=\"https:\/\/www.boston.com\/tag\/community\/\"><\/p>\n<p>\t\t\t\t\t\t\t\tComunidade\t\t\t\t\t\t\t\t<\/a><br \/>\n\t\t\t\t\t\t\t<\/span><\/p>\n<h2 class=\"m-article-header__sub-headline\">V\u00e1rias fam\u00edlias est\u00e3o de luto pela perda de um dos pais e atravessando uma \u00e9poca do ano que amplia os buracos que deixam para tr\u00e1s.<\/h2>\n<figure class=\"a-photo m-article-header__photo\"><figcaption class=\"a-photo__caption\">\n<p>\tPrimeira fila, a partir da esquerda: os comediantes Frank Santorelli, Dave Russo, Globe Santa, os propriet\u00e1rios do Giggles Comedy Club, Sharon Clarke e Mike Clarke, o diretor executivo do Globe Santa, Bill Connolly. Fila de tr\u00e1s, a partir da esquerda: os comediantes Brad Mastrangelo, Dan Crohn, Jason Merrill, Matt Misci, Jim Colliton e Anthony Scabelli no 12\u00ba show anual de com\u00e9dia para arrecada\u00e7\u00e3o de fundos para o Globe Santa no Giggles Comedy Club em Saugus na quinta-feira.<em> Josh Reynolds para o Boston Globe<\/em>\t<\/figcaption><\/figure>\n<div class=\"m-article-header__meta\">\n<div class=\"m-article-header__byline\">\n<p class=\"m-article-header__author\">\n<p>\t\t\t\t\t\t\t\tPor <a class=\"a-link a-link--inline\" href=\"https:\/\/www.boston.com\/author\/marin-wolf\/\">Marina Lobo<\/a>\t\t\t\t\t\t\t<\/p>\n<p>\t\t\t\t\t\t\t\t\t\t\t\t\t\t\t<time class=\"m-article-header__date\"><\/p>\n<p>\t\t\t\t\t\t\t\t\t20 de dezembro de 2024 | 10h15\t\t\t\t\t\t\t\t<\/time><\/p>\n<p><span>2 minutos para ler<\/span><\/p>\n<\/p><\/div>\n<\/p><\/div>\n<\/header>\n<p>O esplendor dos anivers\u00e1rios pode se perder durante as f\u00e9rias. Os amigos deixam a cidade, as festas tornam-se imposs\u00edveis de agendar e um dia destinado a celebrar voc\u00ea se confunde com o resto da loucura da temporada.<\/p>\n<p>Para uma fam\u00edlia, por\u00e9m, os anivers\u00e1rios multiplicaram a alegria da \u00e9poca.<\/p>\n<div class=\"m-block t-amp__list-container m-article-list-container m-article-list-container--frame-border a-border-frame  a-list-header__headline--red m-article-list--alternative--default  m-article-list--floated\">\n<ul class=\"t-amp__list a-list--no-style m-article-list m-article-list--recirculation m-article-list--has-images\">\n<li class=\"m-article-list__item m-article-list__item--featured\">\n\t\t\t<a class=\"m-article-list__link-wrapper\" href=\"https:\/\/www.boston.com\/news\/community\/2024\/12\/19\/globe-santa-its-hard-to-ask-for-help\/?p1=article_recirc_inline_feature\" data-p1=\"article_recirc_inline_feature\"><br \/>\n\t\t\t\t<img fetchpriority=\"high\" decoding=\"async\" width=\"768\" height=\"432\" src=\"https:\/\/bdc2020.o0bc.com\/wp-content\/uploads\/2024\/12\/3PE5GB3LIUAD24JMWZDWDMUUJY-675b51281d80e-768x432.jpg\" class=\"t-amp__list-image m-article-list__image m-article-list__image--full wp-post-image\" alt=\"\" aria-hidden=\"true\" srcset=\"https:\/\/bdc2020.o0bc.com\/wp-content\/uploads\/2024\/12\/3PE5GB3LIUAD24JMWZDWDMUUJY-675b51281d80e-768x432.jpg?width=200 200w, https:\/\/bdc2020.o0bc.com\/wp-content\/uploads\/2024\/12\/3PE5GB3LIUAD24JMWZDWDMUUJY-675b51281d80e-768x432.jpg?width=300 300w, https:\/\/bdc2020.o0bc.com\/wp-content\/uploads\/2024\/12\/3PE5GB3LIUAD24JMWZDWDMUUJY-675b51281d80e-768x432.jpg?width=400 400w, https:\/\/bdc2020.o0bc.com\/wp-content\/uploads\/2024\/12\/3PE5GB3LIUAD24JMWZDWDMUUJY-675b51281d80e-768x432.jpg?width=500 500w, https:\/\/bdc2020.o0bc.com\/wp-content\/uploads\/2024\/12\/3PE5GB3LIUAD24JMWZDWDMUUJY-675b51281d80e-768x432.jpg?width=600 600w, https:\/\/bdc2020.o0bc.com\/wp-content\/uploads\/2024\/12\/3PE5GB3LIUAD24JMWZDWDMUUJY-675b51281d80e-768x432.jpg?width=700 700w, https:\/\/bdc2020.o0bc.com\/wp-content\/uploads\/2024\/12\/3PE5GB3LIUAD24JMWZDWDMUUJY-675b51281d80e-768x432.jpg?width=800 800w, https:\/\/bdc2020.o0bc.com\/wp-content\/uploads\/2024\/12\/3PE5GB3LIUAD24JMWZDWDMUUJY-675b51281d80e-768x432.jpg?width=900 900w\" sizes=\"(max-width: 768px) 100vw, 768px\"\/>\t\t\t\t\t<\/p>\n<p><h4 class=\"m-article-list__headline t-amp__list-headline\">\n\t\t\t\t\t\t\t<span class=\"m-article-list__link a-link a-link--inline a-link--text-link a-link--text-link-dark\"><\/p>\n<p>\t\t\t\t\t\t\tPerguntar ou n\u00e3o perguntar: esse \u00e9 o dilema\t\t\t\t\t\t\t<\/span><br \/>\n\t\t\t\t\t\t<\/h4>\n<\/p>\n<p>\t\t\t\t<\/a>\n\t\t\t<\/li>\n<\/ul>\n<\/div>\n<p>\u201cO Natal sempre foi muito especial em nossa casa\u201d, escreveu a m\u00e3e ao Globe Santa.<\/p>\n<p>O filho da mulher, de sete anos, nasceu logo ap\u00f3s o feriado. Melhor ainda, ele compartilhou seu anivers\u00e1rio com seu pai \u2013 um dia especial para pessoas especiais. Foi a melhor \u00e9poca do ano at\u00e9 que o pai do menino faleceu repentinamente.<\/p>\n<p>A vida tem sido dif\u00edcil desde ent\u00e3o. O pai do menino era o principal provedor da fam\u00edlia. Os presentes s\u00e3o um luxo que a fam\u00edlia tem dificuldade em pagar. \u201cA dor comovente e transformadora\u201d preencheu o espa\u00e7o onde antes existia a emo\u00e7\u00e3o do Natal e do anivers\u00e1rio.<\/p>\n<p>\u201cSignificaria muito para n\u00f3s se pud\u00e9ssemos tornar este pr\u00f3ximo Natal\/anivers\u00e1rio t\u00e3o especial quanto todos os anteriores, quando o papai ainda estava aqui\u201d, escreveu a m\u00e3e.<\/p>\n<p>Eles n\u00e3o est\u00e3o sozinhos em sua dor. Globe Santa ouviu falar de v\u00e1rias fam\u00edlias em todo o estado que est\u00e3o de luto pela perda de um pai querido e navegando em uma \u00e9poca do ano que amplia os buracos que deixam para tr\u00e1s.<\/p>\n<p>Um irm\u00e3o e uma irm\u00e3, g\u00eameos de 9 anos, est\u00e3o chegando ao primeiro Natal sem o pai, que perderam devido ao c\u00e2ncer de c\u00f3lon neste ver\u00e3o. A tristeza envolveu toda a fam\u00edlia. A m\u00e3e deles escreveu que o dinheiro est\u00e1 curto e os presentes de Natal est\u00e3o fora de alcance.<\/p>\n<p>Quebra-cabe\u00e7as, livros e brinquedos do Homem-Aranha n\u00e3o podem tornar as f\u00e9rias mais completas sem o pai, mas podem trazer de volta um pouco de brilho.<\/p>\n<p>Quando os filhos precisam dar sentido \u00e0 vida ap\u00f3s a morte de um dos pais, todo o seu mundo pode parecer virado de cabe\u00e7a para baixo. UM <a href=\"https:\/\/psychiatryonline.org\/doi\/full\/10.1176\/appi.ajp.2018.17070792?rfr_dat=cr_pub%3Dpubmed&#038;url_ver=Z39.88-2003&#038;rfr_id=ori%3Arid%3Acrossref.org\">estudo de sete anos na Universidade de Pittsburgh<\/a> descobriram que as crian\u00e7as que perderam um dos pais tinham maior probabilidade de sofrer de depress\u00e3o, transtorno de estresse p\u00f3s-traum\u00e1tico e comprometimento do funcionamento do que as crian\u00e7as que n\u00e3o sofreram a morte dos pais. Isto foi especialmente verdadeiro nos primeiros dois anos ap\u00f3s a morte de um dos pais e em crian\u00e7as cujos pais morreram quando tinham 12 anos ou menos.<\/p>\n<p>Lidar com sua pr\u00f3pria dor e ao mesmo tempo apoiar seus filhos \u00e9 complicado, especialmente nos feriados. de Boston<a href=\"https:\/\/www.bakercenter.org\/grief-2\"> Centro Baker para Crian\u00e7as e Fam\u00edlias<\/a> recomenda que seguir rotinas b\u00e1sicas pode proporcionar uma sensa\u00e7\u00e3o de estabilidade durante uma temporada de f\u00e9rias que n\u00e3o parece a mesma de antes. Falar sobre seus sentimentos, inclusive tristeza, pode ensinar \u00e0s crian\u00e7as que o luto \u00e9 normal e que elas n\u00e3o est\u00e3o sozinhas.<\/p>\n<p>Depois da morte do marido, uma m\u00e3e teve dificuldade em adaptar-se ao seu novo papel como \u00fanica m\u00e3e da filha de 5 anos e dos enteados. A filha dela tem atrasos no desenvolvimento, ent\u00e3o voltar ao trabalho n\u00e3o \u00e9 uma op\u00e7\u00e3o.<\/p>\n<p>\u201cAjudar as crian\u00e7as a sofrer e a se curar enquanto eu mesma estava de luto tem sido uma montanha-russa sem fim\u201d, escreveu ela. \u201cQualquer coisa que voc\u00ea possa ajudar ser\u00e1 muito apreciada.\u201d<\/p>\n<p>\u00c9 exatamente para isso que estamos aqui. H\u00e1 69 anos, o Globe Santa, um programa da Boston Globe Foundation, fornece presentes para crian\u00e7as carentes nas \u00e9pocas de f\u00e9rias. Por favor, considere doar por telefone, correio ou online em <a href=\"http:\/\/globesanta.org\/\" class=\"\">globosanta.org<\/a>.<\/p>\n<div class=\"m-block m-generic-cta\t m-generic-cta--post-content\t m-generic-cta--dark\t m-generic-cta--homepage\t m-generic-cta--email-signup\t\t m-generic-cta-block-style--default \tt-amp__generic-cta\"><\/p>\n<div class=\"m-generic-cta__wrap\">\n<div class=\"m-generic-cta__content\">\n<h3 class=\"m-generic-cta__title\">Boston.com hoje<\/h3>\n<p class=\"m-generic-cta__subtitle\">Inscreva-se para receber as \u00faltimas manchetes em sua caixa de entrada todas as manh\u00e3s.<\/p>\n<\/p><\/div>\n<\/p><\/div>\n<\/div><\/div>\n<p><script>\n\t\tvar consent=\"grant\";\n\t\t\/* The above code is parsing the JSON data from the local storage and storing it in a variable. *\/\n\t\t\t\t\tconst onetrustStorageConsent = JSON.parse(localStorage.getItem( 'consent_one_trust_bdc' ) );\n\t\t\tif ( ( onetrustStorageConsent !== null ) ) {\n\t\t\t\t\/* Checking to see if the user has consented to the use of cookies.\n\t\t\t\t* If they have not, it is deleting the cookie.\n\t\t\t\t* This will comment for now, until further notice.\n\t\t\t\t*\/\n\t\t\t\t\/\/if ( onetrustStorageConsent.C0002 === false ) {\n\t\t\t\t\/\/\tdocument.cookie=\"_fbp=;expires=Thu, 01 Jan 2010 00:00:00 UTC; path=\/; domain=.boston.com\";\n\t\t\t\t\/\/}\n\t\t\t\t\/* Checking if the user has given consent for the cookie C0002.\n\t\t\t\t* If the user has given consent, the variable consent will be set to 'grant'.\n\t\t\t\t* If the user has not given consent,the variable consent will be set to 'revoke'.\n\t\t\t\t* Documentation https:\/\/developers.facebook.com\/docs\/meta-pixel\/implementation\/gdpr\n\t\t\t\t*\/\n\t\t\t\tif ( onetrustStorageConsent.C0002 !== true ) {\n\t\t\t\t\tconsent=\"revoke\";\n\t\t\t\t}\n\t\t\t}\n\t\t\t\t!function(f,b,e,v,n,t,s)\n\t\t{if(f.fbq)return;n=f.fbq=function(){n.callMethod?\n\t\tn.callMethod.apply(n,arguments):n.queue.push(arguments)};\n\t\tif(!f._fbq)f._fbq=n;n.push=n;n.loaded=!0;n.version='2.0';\n\t\tn.queue=[];t=b.createElement(e);t.async=!0;\n\t\tt.src=v;s=b.getElementsByTagName(e)[0];\n\t\ts.parentNode.insertBefore(t,s)}(window, document,'script',\n\t\t'https:\/\/connect.facebook.net\/en_US\/fbevents.js');\n\t\tfbq('consent', consent);\n\t\tfbq('init', '989222871864976');\n\t\tfbq('track', 'PageView');\n\t<\/script><script type=\"module\">\n\t\tvar consent=\"grant\";\n\t\t\/* The above code is parsing the JSON data from the local storage and storing it in a variable. *\/\n\t\t\tconst onetrustStorageConsent = JSON.parse(localStorage.getItem( 'consent_one_trust_bdc' ) );\n\t\t\t\/* Checking to see if the user has consented to the use of cookies.\n\t\t\t* If they have not, it is deleting the cookie.\n\t\t\t* This will comment for now, until further notice.\n\t\t\t*\/\n\t\t\t\/\/if ( onetrustStorageConsent.C0002 === false ) {\n\t\t\t\/\/\tdocument.cookie=\"_fbp=;expires=Thu, 01 Jan 2010 00:00:00 UTC; path=\/; domain=.boston.com\";\n\t\t\t\/\/}\n\t\t\t\/* Checking if the user has given consent for the cookie C0002.\n\t\t\t* If the user has given consent, the variable consent will be set to 'grant'.\n\t\t\t* If the user has not given consent,the variable consent will be set to 'revoke'.\n\t\t\t* Documentation https:\/\/developers.facebook.com\/docs\/meta-pixel\/implementation\/gdpr\n\t\t\t*\/\n\t\t\tif ( ( onetrustStorageConsent !== null ) && (onetrustStorageConsent.C0002 !== true ) ) {\n\t\t\t\tconsent=\"revoke\";\n\t\t\t}\n\t\t\t\t!function(f,b,e,v,n,t,s){if(f.fbq)return;n=f.fbq=function()\n\t\t{n.callMethod? n.callMethod.apply(n,arguments):n.queue.push(arguments)}\n\t\t;if(!f._fbq)f._fbq=n;\n\t\tn.push=n;n.loaded=!0;n.version='2.0';n.queue=[];t=b.createElement(e);t.async=!0;\n\t\tt.src=v;s=b.getElementsByTagName(e)[0];s.parentNode.insertBefore(t,s)}(window,\n\t\tdocument,'script','https:\/\/connect.facebook.net\/en_US\/fbevents.js');\n\t\tfbq('consent', consent);\n\t\tfbq('init', '813236348753005');\n\t\tfbq('track', \"PageView\");\n\t<\/script><br \/>\n<br \/><br \/>\n<br \/><a href=\"https:\/\/www.boston.com\/news\/community\/2024\/12\/20\/globe-santa-hardships-healing-holidays\/\">Source link <\/a><\/p>","protected":false},"excerpt":{"rendered":"<p>Comunidade V\u00e1rias fam\u00edlias est\u00e3o de luto pela perda de um dos pais e atravessando uma \u00e9poca do ano que amplia os buracos que deixam para tr\u00e1s. Primeira fila, a partir&hellip;<\/p>","protected":false},"author":1,"featured_media":79789,"comment_status":"closed","ping_status":"open","sticky":false,"template":"","format":"standard","meta":{"content-type":"","footnotes":""},"categories":[1],"tags":[],"class_list":["post-79788","post","type-post","status-publish","format-standard","has-post-thumbnail","hentry","category-uncategorized"],"_links":{"self":[{"href":"https:\/\/tvbrazilusa.com\/pt\/wp-json\/wp\/v2\/posts\/79788","targetHints":{"allow":["GET"]}}],"collection":[{"href":"https:\/\/tvbrazilusa.com\/pt\/wp-json\/wp\/v2\/posts"}],"about":[{"href":"https:\/\/tvbrazilusa.com\/pt\/wp-json\/wp\/v2\/types\/post"}],"author":[{"embeddable":true,"href":"https:\/\/tvbrazilusa.com\/pt\/wp-json\/wp\/v2\/users\/1"}],"replies":[{"embeddable":true,"href":"https:\/\/tvbrazilusa.com\/pt\/wp-json\/wp\/v2\/comments?post=79788"}],"version-history":[{"count":1,"href":"https:\/\/tvbrazilusa.com\/pt\/wp-json\/wp\/v2\/posts\/79788\/revisions"}],"predecessor-version":[{"id":79790,"href":"https:\/\/tvbrazilusa.com\/pt\/wp-json\/wp\/v2\/posts\/79788\/revisions\/79790"}],"wp:featuredmedia":[{"embeddable":true,"href":"https:\/\/tvbrazilusa.com\/pt\/wp-json\/wp\/v2\/media\/79789"}],"wp:attachment":[{"href":"https:\/\/tvbrazilusa.com\/pt\/wp-json\/wp\/v2\/media?parent=79788"}],"wp:term":[{"taxonomy":"category","embeddable":true,"href":"https:\/\/tvbrazilusa.com\/pt\/wp-json\/wp\/v2\/categories?post=79788"},{"taxonomy":"post_tag","embeddable":true,"href":"https:\/\/tvbrazilusa.com\/pt\/wp-json\/wp\/v2\/tags?post=79788"}],"curies":[{"name":"wp","href":"https:\/\/api.w.org\/{rel}","templated":true}]}}