{"id":79800,"date":"2024-12-20T15:39:41","date_gmt":"2024-12-20T15:39:41","guid":{"rendered":"https:\/\/tvbrazilusa.com\/2024\/12\/20\/moraes-concede-liberdade-condicional-a-daniel-silveira\/"},"modified":"2024-12-20T15:39:42","modified_gmt":"2024-12-20T15:39:42","slug":"moraes-concede-liberdade-condicional-a-daniel-silveira","status":"publish","type":"post","link":"https:\/\/tvbrazilusa.com\/pt\/2024\/12\/20\/moraes-concede-liberdade-condicional-a-daniel-silveira\/","title":{"rendered":"Moraes concede liberdade condicional a Daniel Silveira"},"content":{"rendered":"<p> <script async src=\"https:\/\/pagead2.googlesyndication.com\/pagead\/js\/adsbygoogle.js?client=ca-pub-8864793242727901\"\r\n     crossorigin=\"anonymous\"><\/script><br \/>\n<\/p>\n<div id=\"taboola-read-more\" style=\"display:block; width:100%\">\n<p>O ministro Alexandre de Moraes, do Supremo Tribunal Federal (STF), aceitou nesta sexta (20) o pedido da Procuradoria-Geral da Rep\u00fablica (PGR) para liberar da pris\u00e3o o ex-deputado federal Daniel Silveira. O \u00f3rg\u00e3o considerou que o ex-parlamentar cumpriu mais de um ter\u00e7o da pena, bem como os demais requisitos necess\u00e1rios para a progress\u00e3o.\n<\/p>\n<p>\u201cEm respeito ao princ\u00edpio da individualiza\u00e7\u00e3o da pena, h\u00e1, portanto, circunst\u00e2ncias f\u00e1ticas que, recomendam uma especial cautela na aferi\u00e7\u00e3o do m\u00e9rito do condenado para fins de progress\u00e3o do regime prisional e de livramento condicional\u201d, disse Moraes no despacho a que a Gazeta do Povo teve acesso.<\/p>\n<p>Ainda para autorizar a liberdade condicional, Moraes proibiu Silveira de ter contato com outros envolvidos na investiga\u00e7\u00e3o da suposta tentativa de golpe de Estado no pa\u00eds, entre eles o ex-presidente Jair Bolsonaro (PL) e os generais Augusto Heleno e Walter Braga Netto.\n<\/p>\n<p>Silveira ainda ter\u00e1 de utilizar tornozeleira eletr\u00f4nica e est\u00e1 proibido de utilizar as redes sociais, conceder entrevistas, portar armas e frequentar clubes de tiro, entre outras medidas. Ao todo, o ex-deputado j\u00e1 cumpriu quase 3 anos dos 5 anos e 9 meses de pena previstos.\n<\/p>\n<div>\n<p class=\"postParagraph_post-paragraph__juWZN\">Ainda na decis\u00e3o, Moraes ressaltou que a proibi\u00e7\u00e3o de contato com os investigados na tentativa de golpe se d\u00e1 por conta de &#8220;grav\u00edssimos crimes contra o Estado&#8221; supostamente praticados anteriormente por Silveira quando ainda ocupava o cargo de deputado federal.\n<\/p>\n<\/div>\n<div>\n<p class=\"postParagraph_post-paragraph__juWZN\">&#8220;E dos reiterados descumprimentos das medidas cautelares diversas da pris\u00e3o durante toda a instru\u00e7\u00e3o processual penal que aponta ao menos 227 viola\u00e7\u00f5es&#8221;, ressaltou o magistrado na decis\u00e3o.\n<\/p>\n<\/div>\n<div>\n<p class=\"postParagraph_post-paragraph__juWZN\">Alexandre de Moraes tamb\u00e9m pontuou na decis\u00e3o que Silveira apresentou &#8220;bom comportamento carcer\u00e1rio&#8221; sem cometimento de qualquer falta disciplinar e &#8220;aptid\u00e3o para prover a pr\u00f3pria subsist\u00eancia mediante trabalho honesto, aliado ao bom desempenho no trabalho que lhe foi atribu\u00eddo durante a execu\u00e7\u00e3o da pena&#8221;.\n<\/p>\n<p>Silveira est\u00e1 preso desde fevereiro de 2023 por descumprimento de medidas cautelares. Em julho deste ano, o advogado Paulo Faria, que representa Silveira, disse \u00e0 Gazeta do Povo que seu cliente havia ultrapassado o percentual de 25% exigido pela legisla\u00e7\u00e3o para o cumprimento da pena em regime fechado.\n<\/p>\n<p>Em abril de 2022, o Supremo sentenciou o ex-deputado a 8 anos e 9 meses de pris\u00e3o por amea\u00e7as e incita\u00e7\u00e3o \u00e0 viol\u00eancia contra ministros da Corte. O STF tamb\u00e9m aplicou multa de R$ 270 mil, valor pago pela defesa de Silveira em julho deste ano.\n<\/p>\n<p>A pena do ex-parlamentar chegou a ser perdoada por Bolsonaro, mas a medida foi anulada pelo STF no ano passado.\n<\/p>\n<p class=\"postParagraph_post-paragraph__juWZN\">Fonte: Gazeta do Povo\n<\/p>\n<\/div><\/div>\n<p><br \/>\n<br \/><a href=\"https:\/\/diariodobrasilnoticias.com.br\/noticia\/moraes-concede-liberdade-condicional-a-daniel-silveira-676573f0154a0\">Source link <\/a><\/p>","protected":false},"excerpt":{"rendered":"<p>O ministro Alexandre de Moraes, do Supremo Tribunal Federal (STF), aceitou nesta sexta (20) o pedido da Procuradoria-Geral da Rep\u00fablica (PGR) para liberar da pris\u00e3o o ex-deputado federal Daniel Silveira.&hellip;<\/p>","protected":false},"author":1,"featured_media":79801,"comment_status":"closed","ping_status":"open","sticky":false,"template":"","format":"standard","meta":{"content-type":"","footnotes":""},"categories":[16],"tags":[123,2448,5313,1267],"class_list":["post-79800","post","type-post","status-publish","format-standard","has-post-thumbnail","hentry","category-noticias","tag-brasil","tag-diario","tag-noticia","tag-noticias"],"_links":{"self":[{"href":"https:\/\/tvbrazilusa.com\/pt\/wp-json\/wp\/v2\/posts\/79800","targetHints":{"allow":["GET"]}}],"collection":[{"href":"https:\/\/tvbrazilusa.com\/pt\/wp-json\/wp\/v2\/posts"}],"about":[{"href":"https:\/\/tvbrazilusa.com\/pt\/wp-json\/wp\/v2\/types\/post"}],"author":[{"embeddable":true,"href":"https:\/\/tvbrazilusa.com\/pt\/wp-json\/wp\/v2\/users\/1"}],"replies":[{"embeddable":true,"href":"https:\/\/tvbrazilusa.com\/pt\/wp-json\/wp\/v2\/comments?post=79800"}],"version-history":[{"count":1,"href":"https:\/\/tvbrazilusa.com\/pt\/wp-json\/wp\/v2\/posts\/79800\/revisions"}],"predecessor-version":[{"id":79802,"href":"https:\/\/tvbrazilusa.com\/pt\/wp-json\/wp\/v2\/posts\/79800\/revisions\/79802"}],"wp:featuredmedia":[{"embeddable":true,"href":"https:\/\/tvbrazilusa.com\/pt\/wp-json\/wp\/v2\/media\/79801"}],"wp:attachment":[{"href":"https:\/\/tvbrazilusa.com\/pt\/wp-json\/wp\/v2\/media?parent=79800"}],"wp:term":[{"taxonomy":"category","embeddable":true,"href":"https:\/\/tvbrazilusa.com\/pt\/wp-json\/wp\/v2\/categories?post=79800"},{"taxonomy":"post_tag","embeddable":true,"href":"https:\/\/tvbrazilusa.com\/pt\/wp-json\/wp\/v2\/tags?post=79800"}],"curies":[{"name":"wp","href":"https:\/\/api.w.org\/{rel}","templated":true}]}}