{"id":79817,"date":"2024-12-20T15:14:20","date_gmt":"2024-12-20T15:14:20","guid":{"rendered":"https:\/\/tvbrazilusa.com\/2024\/12\/20\/os-governadores-democratas-atacaram-trump-antes-da-eleicao-agora-eles-esperam-trabalhar-com-ele\/"},"modified":"2024-12-20T16:01:09","modified_gmt":"2024-12-20T16:01:09","slug":"os-governadores-democratas-atacaram-trump-antes-da-eleicao-agora-eles-esperam-trabalhar-com-ele","status":"publish","type":"post","link":"https:\/\/tvbrazilusa.com\/pt\/2024\/12\/20\/os-governadores-democratas-atacaram-trump-antes-da-eleicao-agora-eles-esperam-trabalhar-com-ele\/","title":{"rendered":"Os governadores democratas atacaram Trump antes da elei\u00e7\u00e3o. Agora eles esperam trabalhar com ele."},"content":{"rendered":"<p> <script async src=\"https:\/\/pagead2.googlesyndication.com\/pagead\/js\/adsbygoogle.js?client=ca-pub-8864793242727901\"\r\n     crossorigin=\"anonymous\"><\/script><br \/>\n<\/p>\n<div id=\"\">\n<header class=\"m-article-header m-article-header--standard\">\n\t\t\t\t\t\t\t\t\t\t\t\t<span id=\"article-header-primary-term\"><br \/>\n\t\t\t\t\t\t\t\t<a class=\"a-term a-term--primary\" href=\"https:\/\/www.boston.com\/tag\/politics\/\"><\/p>\n<p>\t\t\t\t\t\t\t\tPol\u00edtica\t\t\t\t\t\t\t\t<\/a><br \/>\n\t\t\t\t\t\t\t<\/span><\/p>\n<h2 class=\"m-article-header__sub-headline\">Em Massachusetts, a governadora democrata Maura Healey assumiu uma atitude um pouco menos conflituosa em rela\u00e7\u00e3o a Trump do que h\u00e1 quatro anos, quando era procuradora-geral do estado.<\/h2>\n<figure class=\"a-photo m-article-header__photo\"><figcaption class=\"a-photo__caption\">\n<p>\tA governadora de Massachusetts, Maura Healey, \u00e0 direita, caminha entre os membros do 90\u00ba Grupo de Treinamento de Recrutamento da Pol\u00edcia Estadual de Massachusetts, durante uma cerim\u00f4nia de posse em Worcester, Massachusetts, em 9 de outubro de 2024. <em> AP Foto\/Steven Senne, Arquivo<\/em>\t<\/figcaption><\/figure>\n<div class=\"m-article-header__meta\">\n<div class=\"m-article-header__byline\">\n<p class=\"m-article-header__author\">\n<p>\t\t\t\t\t\t\t\tPor ANTHONY IZAGUIRRE, Associated Press\t\t\t\t\t\t\t<\/p>\n<p>\t\t\t\t\t\t\t\t\t\t\t\t\t\t\t<time class=\"m-article-header__date\"><\/p>\n<p>\t\t\t\t\t\t\t\t\t20 de dezembro de 2024 | 10h14\t\t\t\t\t\t\t\t<\/time><\/p>\n<p><span>4 minutos para ler<\/span><\/p>\n<\/p><\/div>\n<\/p><\/div>\n<\/header>\n<p>ALBANY, NY (AP) \u2013 Eles alertaram sobre ele. Agora eles ter\u00e3o que trabalhar com ele.<\/p>\n<p>Um punhado de governadores democratas proeminentes est\u00e3o ajustando rapidamente a sua abordagem ao presidente eleito <a href=\"https:\/\/www.boston.com\/tag\/donald-trump\/\">Donald Trump<\/a> antes de ele assumir o cargo, na esperan\u00e7a de evitar antagoniz\u00e1-lo para garantir que ter\u00e3o uma rela\u00e7\u00e3o de trabalho com sua nova administra\u00e7\u00e3o.<\/p>\n<p>Est\u00e3o numa posi\u00e7\u00e3o prec\u00e1ria: adotam cautela e ao mesmo tempo ponderam os desejos do seu partido de definir posi\u00e7\u00f5es precoces, e muitas vezes combativas, contra a agenda de Trump.<\/p>\n<p>\u201c\u00c9 uma combina\u00e7\u00e3o de lutar como o inferno se os seus valores forem atacados ou se as suas comunidades inocentes ou pessoas inocentes forem atacadas. E, por outro lado, voc\u00ea tamb\u00e9m est\u00e1 tentando ao m\u00e1ximo encontrar um terreno comum sobre coisas com as quais poder\u00edamos concordar\u201d, disse o governador democrata de Nova Jersey, Phil Murphy, em entrevista \u00e0 Associated Press.<\/p>\n<p>A governadora democrata de Nova Iorque, Kathy Hochul, est\u00e1 a caminhar numa corda bamba semelhante, prometendo reagir contra Trump em potenciais pol\u00edticas contra os direitos reprodutivos, ao mesmo tempo que parece esperan\u00e7osa de que ela e o republicano possam trabalhar juntos.<\/p>\n<p>Hochul, que criticou Trump durante um discurso na Conven\u00e7\u00e3o Nacional Democrata e foi uma importante substituta de campanha dos democratas este ano, disse que ela e Trump conversaram longamente ap\u00f3s sua vit\u00f3ria eleitoral e foram capazes de encontrar um terreno comum.<\/p>\n<p>\u201cH\u00e1 \u00e1reas onde podemos trabalhar juntos, como infraestrutura, onde dependemos de dinheiro federal, e ele parece compartilhar das minhas prioridades, mas tamb\u00e9m vou defender a prote\u00e7\u00e3o dos direitos, dos direitos reprodutivos e de outros direitos\u201d, disse ela em uma coletiva de imprensa.<\/p>\n<p>Questionada esta semana se, como governadora, consideraria perdoar Trump na sua condena\u00e7\u00e3o criminal por oculta\u00e7\u00e3o de dinheiro em Nova Iorque, Hochul notavelmente n\u00e3o encerrou a quest\u00e3o. \u201cH\u00e1 um processo de perd\u00e3o no estado de Nova York. \u00c9 demorado. Requer alguns elementos. Um deles \u00e9 o remorso\u201d, disse ela, soltando uma risada r\u00e1pida.<\/p>\n<p>Um j\u00fari de Nova Iorque condenou Trump no in\u00edcio deste ano por todas as 34 acusa\u00e7\u00f5es num esquema para influenciar ilegalmente as elei\u00e7\u00f5es de 2016 atrav\u00e9s de um pagamento secreto a um ator pornogr\u00e1fico que disse que os dois fizeram sexo.<\/p>\n<p>Outros democratas assumiram posi\u00e7\u00f5es decididamente mais combativas.<\/p>\n<p>O governador da Calif\u00f3rnia, Gavin Newsom, um cr\u00edtico ferrenho de Trump, convocou os legisladores de volta ao trabalho este m\u00eas para alocar mais dinheiro ao gabinete do procurador-geral do estado para que ele possa lan\u00e7ar batalhas legais antecipadas contra a administra\u00e7\u00e3o Trump. O objetivo de Newsom, como ele disse, \u00e9 \u201c\u00e0 prova de Trump\u201d as leis estaduais progressistas da Calif\u00f3rnia.<\/p>\n<p>Pouco depois de Trump derrotar a vice-presidente Kamala Harris, o governador de Illinois, JB Pritzker, e o governador do Colorado, Jared Polis, formaram um grupo chamado Governadores Salvaguardando a Democracia para \u201cfortalecer as institui\u00e7\u00f5es democr\u00e1ticas nos estados e garantir que o Estado de Direito sirva a todas as pessoas\u201d, de acordo com o site do grupo. .<\/p>\n<p>Ainda assim, Polis exerceu um ato de equil\u00edbrio na sua rela\u00e7\u00e3o com Trump. Ele expressou entusiasmo pela escolha de Robert F. Kennedy Jr. por Trump para liderar o Departamento de Sa\u00fade e Servi\u00e7os Humanos, dizendo que estava esperan\u00e7oso de que Kennedy assumiria \u201cas grandes empresas farmac\u00eauticas e agr\u00edcolas corporativas\u201d.<\/p>\n<p>Em Massachusetts, o governador democrata <a href=\"https:\/\/www.boston.com\/tag\/maura-healey\/\">Maura Healey<\/a> assumiu uma atitude um pouco menos conflituosa em rela\u00e7\u00e3o a Trump do que h\u00e1 quatro anos, quando era procuradora-geral do estado. Naquela \u00e9poca, Healey iniciou ou juntou-se a dezenas de a\u00e7\u00f5es judiciais contra Trump em tudo, desde pol\u00edtica de imigra\u00e7\u00e3o at\u00e9 cuidados de sa\u00fade e quest\u00f5es ambientais.<\/p>\n<p>Agora, como governadora de um estado que Harris venceu facilmente, mas onde Trump obteve mais de 35% dos votos, Healey pareceu mais discreta em suas cr\u00edticas.<\/p>\n<p>\u201cAcho que falei bastante sobre Donald Trump e meus sentimentos em rela\u00e7\u00e3o a ele\u201d, disse Healey aos rep\u00f3rteres ap\u00f3s a vit\u00f3ria de Trump. \u201cTemos que ver se ele cumpre o que prometeu e cumpriu em termos do Projeto 2025 ou outras coisas\u201d, disse ela, referindo-se a um plano pol\u00edtico de extrema direita.<\/p>\n<p>Healey indicou que a pol\u00edcia estadual n\u00e3o ajudar\u00e1 a fazer cumprir as viola\u00e7\u00f5es da lei federal de imigra\u00e7\u00e3o \u2013 uma prioridade fundamental de Trump \u2013 mas foi menos clara sobre se impediria a Guarda Nacional estadual de ajudar a deter pessoas ilegalmente no pa\u00eds.<\/p>\n<figure class=\"wp-block-image size-full\"><img fetchpriority=\"high\" decoding=\"async\" width=\"2560\" height=\"1707\" src=\"https:\/\/bdc2020.o0bc.com\/wp-content\/uploads\/2024\/12\/AP24354687231043-6765834f0df4f-scaled.jpg\" alt=\"A governadora de Michigan, Gretchen Whitmer, fala, acompanhada pelo governador de Maryland, Wes Moore, a partir da esquerda, o governador de Wisconsin, Tony Evers, o governador da Pensilv\u00e2nia, Josh Shapiro, e a governadora de Nova York, Kathy Hochul.\" class=\"wp-image-32528231\" srcset=\"https:\/\/bdc2020.o0bc.com\/wp-content\/uploads\/2024\/12\/AP24354687231043-6765834f0df4f-scaled.jpg?width=200 200w, https:\/\/bdc2020.o0bc.com\/wp-content\/uploads\/2024\/12\/AP24354687231043-6765834f0df4f-scaled.jpg?width=300 300w, https:\/\/bdc2020.o0bc.com\/wp-content\/uploads\/2024\/12\/AP24354687231043-6765834f0df4f-scaled.jpg?width=400 400w, https:\/\/bdc2020.o0bc.com\/wp-content\/uploads\/2024\/12\/AP24354687231043-6765834f0df4f-scaled.jpg?width=500 500w, https:\/\/bdc2020.o0bc.com\/wp-content\/uploads\/2024\/12\/AP24354687231043-6765834f0df4f-scaled.jpg?width=600 600w, https:\/\/bdc2020.o0bc.com\/wp-content\/uploads\/2024\/12\/AP24354687231043-6765834f0df4f-scaled.jpg?width=700 700w, https:\/\/bdc2020.o0bc.com\/wp-content\/uploads\/2024\/12\/AP24354687231043-6765834f0df4f-scaled.jpg?width=800 800w, https:\/\/bdc2020.o0bc.com\/wp-content\/uploads\/2024\/12\/AP24354687231043-6765834f0df4f-scaled.jpg?width=900 900w\" sizes=\"(max-width: 2560px) 100vw, 2560px\"\/><figcaption class=\"wp-element-caption\">A governadora de Michigan, Gretchen Whitmer, fala, acompanhada pelo governador de Maryland, Wes Moore, a partir da esquerda, o governador de Wisconsin, Tony Evers, o governador da Pensilv\u00e2nia, Josh Shapiro, e a governadora de Nova York, Kathy Hochul, em um evento de campanha para a vice-presidente democrata indicada \u00e0 presid\u00eancia, Kamala Harris, em Riverside Park, em Grand Rapids, Michigan, sexta-feira, 18 de outubro de 2024. <i> \u2013 Foto AP \/ Paul Sancya, Arquivo<\/i><\/figcaption><\/figure>\n<p>Como co-presidente da campanha presidencial de Harris, a governadora do Michigan, Gretchen Whitmer, alertou frequentemente sobre os perigos de uma segunda presid\u00eancia de Trump, descrevendo-o como \u201cperturbado\u201d e declarando que a sua reelei\u00e7\u00e3o significaria que \u201cfracass\u00e1mos como pa\u00eds\u201d.<\/p>\n<p>Mas depois da vit\u00f3ria de Trump, a governadora em segundo mandato manteve-se fora dos holofotes e disse pouco sobre como ir\u00e1 abordar algumas das suas propostas pol\u00edticas, como as deporta\u00e7\u00f5es em massa.<\/p>\n<p>\u201cSei que alguns dos meus colegas tra\u00e7aram estrat\u00e9gias bastante agressivas\u201d, disse Whitmer aos rep\u00f3rteres dias ap\u00f3s a elei\u00e7\u00e3o. \u201cEnquanto penso no que uma administra\u00e7\u00e3o Trump significar\u00e1 para o nosso trabalho, tento concentrar-me onde podemos encontrar algumas prioridades partilhadas.\u201d<\/p>\n<p>Pessoas pr\u00f3ximas de Whitmer descrevem a sua abordagem como uma estrat\u00e9gia de esperar para ver, com a esperan\u00e7a de trabalhar com o presidente eleito em \u00e1reas de interesse comum, como o desenvolvimento econ\u00f3mico.<\/p>\n<p>\u201cJ\u00e1 trabalhamos com a administra\u00e7\u00e3o Trump antes e vamos descobrir como trabalhar com uma administra\u00e7\u00e3o Trump nestes \u00faltimos dois anos do meu mandato\u201d, disse Whitmer.<\/p>\n<p><em>Os redatores da Associated Press, Mike Catalini, em Trenton, Nova Jersey; Jesse Bedayn em Denver; Steve LeBlanc em Boston e Joey Cappelletti em Lansing, Michigan contribu\u00edram para este relat\u00f3rio.<\/em><\/p>\n<div class=\"m-block m-generic-cta\t m-generic-cta--post-content\t m-generic-cta--dark\t m-generic-cta--homepage\t m-generic-cta--email-signup\t\t m-generic-cta-block-style--default \tt-amp__generic-cta\"><\/p>\n<div class=\"m-generic-cta__wrap\">\n<div class=\"m-generic-cta__content\">\n<h3 class=\"m-generic-cta__title\">Alertas extras de not\u00edcias<\/h3>\n<p class=\"m-generic-cta__subtitle\">Receba as \u00faltimas atualiza\u00e7\u00f5es conforme elas acontecem.<\/p>\n<\/p><\/div>\n<\/p><\/div>\n<\/div><\/div>\n<p><script>\n\t\tvar consent=\"grant\";\n\t\t\/* The above code is parsing the JSON data from the local storage and storing it in a variable. *\/\n\t\t\t\t\tconst onetrustStorageConsent = JSON.parse(localStorage.getItem( 'consent_one_trust_bdc' ) );\n\t\t\tif ( ( onetrustStorageConsent !== null ) ) {\n\t\t\t\t\/* Checking to see if the user has consented to the use of cookies.\n\t\t\t\t* If they have not, it is deleting the cookie.\n\t\t\t\t* This will comment for now, until further notice.\n\t\t\t\t*\/\n\t\t\t\t\/\/if ( onetrustStorageConsent.C0002 === false ) {\n\t\t\t\t\/\/\tdocument.cookie=\"_fbp=;expires=Thu, 01 Jan 2010 00:00:00 UTC; path=\/; domain=.boston.com\";\n\t\t\t\t\/\/}\n\t\t\t\t\/* Checking if the user has given consent for the cookie C0002.\n\t\t\t\t* If the user has given consent, the variable consent will be set to 'grant'.\n\t\t\t\t* If the user has not given consent,the variable consent will be set to 'revoke'.\n\t\t\t\t* Documentation https:\/\/developers.facebook.com\/docs\/meta-pixel\/implementation\/gdpr\n\t\t\t\t*\/\n\t\t\t\tif ( onetrustStorageConsent.C0002 !== true ) {\n\t\t\t\t\tconsent=\"revoke\";\n\t\t\t\t}\n\t\t\t}\n\t\t\t\t!function(f,b,e,v,n,t,s)\n\t\t{if(f.fbq)return;n=f.fbq=function(){n.callMethod?\n\t\tn.callMethod.apply(n,arguments):n.queue.push(arguments)};\n\t\tif(!f._fbq)f._fbq=n;n.push=n;n.loaded=!0;n.version='2.0';\n\t\tn.queue=[];t=b.createElement(e);t.async=!0;\n\t\tt.src=v;s=b.getElementsByTagName(e)[0];\n\t\ts.parentNode.insertBefore(t,s)}(window, document,'script',\n\t\t'https:\/\/connect.facebook.net\/en_US\/fbevents.js');\n\t\tfbq('consent', consent);\n\t\tfbq('init', '989222871864976');\n\t\tfbq('track', 'PageView');\n\t<\/script><script type=\"module\">\n\t\tvar consent=\"grant\";\n\t\t\/* The above code is parsing the JSON data from the local storage and storing it in a variable. *\/\n\t\t\tconst onetrustStorageConsent = JSON.parse(localStorage.getItem( 'consent_one_trust_bdc' ) );\n\t\t\t\/* Checking to see if the user has consented to the use of cookies.\n\t\t\t* If they have not, it is deleting the cookie.\n\t\t\t* This will comment for now, until further notice.\n\t\t\t*\/\n\t\t\t\/\/if ( onetrustStorageConsent.C0002 === false ) {\n\t\t\t\/\/\tdocument.cookie=\"_fbp=;expires=Thu, 01 Jan 2010 00:00:00 UTC; path=\/; domain=.boston.com\";\n\t\t\t\/\/}\n\t\t\t\/* Checking if the user has given consent for the cookie C0002.\n\t\t\t* If the user has given consent, the variable consent will be set to 'grant'.\n\t\t\t* If the user has not given consent,the variable consent will be set to 'revoke'.\n\t\t\t* Documentation https:\/\/developers.facebook.com\/docs\/meta-pixel\/implementation\/gdpr\n\t\t\t*\/\n\t\t\tif ( ( onetrustStorageConsent !== null ) && (onetrustStorageConsent.C0002 !== true ) ) {\n\t\t\t\tconsent=\"revoke\";\n\t\t\t}\n\t\t\t\t!function(f,b,e,v,n,t,s){if(f.fbq)return;n=f.fbq=function()\n\t\t{n.callMethod? n.callMethod.apply(n,arguments):n.queue.push(arguments)}\n\t\t;if(!f._fbq)f._fbq=n;\n\t\tn.push=n;n.loaded=!0;n.version='2.0';n.queue=[];t=b.createElement(e);t.async=!0;\n\t\tt.src=v;s=b.getElementsByTagName(e)[0];s.parentNode.insertBefore(t,s)}(window,\n\t\tdocument,'script','https:\/\/connect.facebook.net\/en_US\/fbevents.js');\n\t\tfbq('consent', consent);\n\t\tfbq('init', '813236348753005');\n\t\tfbq('track', \"PageView\");\n\t<\/script><br \/>\n<br \/><br \/>\n<br \/><a href=\"https:\/\/www.boston.com\/news\/politics\/2024\/12\/20\/democratic-governors-donald-trump-election\/\">Source link <\/a><\/p>","protected":false},"excerpt":{"rendered":"<p>Pol\u00edtica Em Massachusetts, a governadora democrata Maura Healey assumiu uma atitude um pouco menos conflituosa em rela\u00e7\u00e3o a Trump do que h\u00e1 quatro anos, quando era procuradora-geral do estado. A&hellip;<\/p>","protected":false},"author":1,"featured_media":79818,"comment_status":"closed","ping_status":"open","sticky":false,"template":"","format":"standard","meta":{"content-type":"","footnotes":""},"categories":[1],"tags":[],"class_list":["post-79817","post","type-post","status-publish","format-standard","has-post-thumbnail","hentry","category-uncategorized"],"_links":{"self":[{"href":"https:\/\/tvbrazilusa.com\/pt\/wp-json\/wp\/v2\/posts\/79817","targetHints":{"allow":["GET"]}}],"collection":[{"href":"https:\/\/tvbrazilusa.com\/pt\/wp-json\/wp\/v2\/posts"}],"about":[{"href":"https:\/\/tvbrazilusa.com\/pt\/wp-json\/wp\/v2\/types\/post"}],"author":[{"embeddable":true,"href":"https:\/\/tvbrazilusa.com\/pt\/wp-json\/wp\/v2\/users\/1"}],"replies":[{"embeddable":true,"href":"https:\/\/tvbrazilusa.com\/pt\/wp-json\/wp\/v2\/comments?post=79817"}],"version-history":[{"count":1,"href":"https:\/\/tvbrazilusa.com\/pt\/wp-json\/wp\/v2\/posts\/79817\/revisions"}],"predecessor-version":[{"id":79819,"href":"https:\/\/tvbrazilusa.com\/pt\/wp-json\/wp\/v2\/posts\/79817\/revisions\/79819"}],"wp:featuredmedia":[{"embeddable":true,"href":"https:\/\/tvbrazilusa.com\/pt\/wp-json\/wp\/v2\/media\/79818"}],"wp:attachment":[{"href":"https:\/\/tvbrazilusa.com\/pt\/wp-json\/wp\/v2\/media?parent=79817"}],"wp:term":[{"taxonomy":"category","embeddable":true,"href":"https:\/\/tvbrazilusa.com\/pt\/wp-json\/wp\/v2\/categories?post=79817"},{"taxonomy":"post_tag","embeddable":true,"href":"https:\/\/tvbrazilusa.com\/pt\/wp-json\/wp\/v2\/tags?post=79817"}],"curies":[{"name":"wp","href":"https:\/\/api.w.org\/{rel}","templated":true}]}}