{"id":79823,"date":"2024-12-20T16:11:03","date_gmt":"2024-12-20T16:11:03","guid":{"rendered":"https:\/\/tvbrazilusa.com\/2024\/12\/20\/professor-substituto-do-condado-de-miami-dade-e-preso-apos-ser-acusado-de-molestar-criancas-wsvn-7news-noticias-de-miami-clima-esportes-fort-lauderdale\/"},"modified":"2024-12-20T16:12:31","modified_gmt":"2024-12-20T16:12:31","slug":"professor-substituto-do-condado-de-miami-dade-e-preso-apos-ser-acusado-de-molestar-criancas-wsvn-7news-noticias-de-miami-clima-esportes-fort-lauderdale","status":"publish","type":"post","link":"https:\/\/tvbrazilusa.com\/pt\/2024\/12\/20\/professor-substituto-do-condado-de-miami-dade-e-preso-apos-ser-acusado-de-molestar-criancas-wsvn-7news-noticias-de-miami-clima-esportes-fort-lauderdale\/","title":{"rendered":"Professor substituto do condado de Miami-Dade \u00e9 preso ap\u00f3s ser acusado de molestar crian\u00e7as &#8211; WSVN 7News | Not\u00edcias de Miami, clima, esportes | Fort Lauderdale"},"content":{"rendered":"<p> <script async src=\"https:\/\/pagead2.googlesyndication.com\/pagead\/js\/adsbygoogle.js?client=ca-pub-8864793242727901\"\r\n     crossorigin=\"anonymous\"><\/script><br \/>\n<\/p>\n<div itemprop=\"articleBody\">\n<p>Uma professora substituta do condado de Miami-Dade foi presa ap\u00f3s ser acusada de molestar crian\u00e7as. <\/p>\n<p>Elmer Melendez, 42 anos, enfrenta v\u00e1rias acusa\u00e7\u00f5es, incluindo abuso sexual obsceno e lascivo de crian\u00e7as de 12 a 16 anos.  <\/p>\n<p>A pol\u00edcia n\u00e3o divulgou detalhes sobre onde ele lecionou.<\/p>\n<p>As Escolas P\u00fablicas de Miami-Dade disseram que ele n\u00e3o lecionar\u00e1 mais em nenhuma de suas escolas.<\/p>\n<p><em>Copyright 2024 Sunbeam Television Corp. Todos os direitos reservados. Este material n\u00e3o pode ser publicado, transmitido, reescrito ou redistribu\u00eddo.<\/em><\/p>\n<div class=\"wp-block-newsletter\">\n\t<strong class=\"wp-block-newsletter__title\">Cadastre-se em nosso boletim informativo para receber as \u00faltimas not\u00edcias diretamente em sua caixa de entrada<\/strong><\/p>\n<\/div><\/div>\n<p><br \/>\n<br \/><a href=\"https:\/\/wsvn.com\/news\/local\/miami-dade\/miami-dade-county-substitute-teacher-arrested-after-being-accused-of-molesting-children\/\">Source link <\/a><\/p>","protected":false},"excerpt":{"rendered":"<p>Uma professora substituta do condado de Miami-Dade foi presa ap\u00f3s ser acusada de molestar crian\u00e7as. Elmer Melendez, 42 anos, enfrenta v\u00e1rias acusa\u00e7\u00f5es, incluindo abuso sexual obsceno e lascivo de crian\u00e7as&hellip;<\/p>","protected":false},"author":1,"featured_media":79824,"comment_status":"closed","ping_status":"open","sticky":false,"template":"","format":"standard","meta":{"content-type":"","footnotes":""},"categories":[1],"tags":[],"class_list":["post-79823","post","type-post","status-publish","format-standard","has-post-thumbnail","hentry","category-uncategorized"],"_links":{"self":[{"href":"https:\/\/tvbrazilusa.com\/pt\/wp-json\/wp\/v2\/posts\/79823","targetHints":{"allow":["GET"]}}],"collection":[{"href":"https:\/\/tvbrazilusa.com\/pt\/wp-json\/wp\/v2\/posts"}],"about":[{"href":"https:\/\/tvbrazilusa.com\/pt\/wp-json\/wp\/v2\/types\/post"}],"author":[{"embeddable":true,"href":"https:\/\/tvbrazilusa.com\/pt\/wp-json\/wp\/v2\/users\/1"}],"replies":[{"embeddable":true,"href":"https:\/\/tvbrazilusa.com\/pt\/wp-json\/wp\/v2\/comments?post=79823"}],"version-history":[{"count":1,"href":"https:\/\/tvbrazilusa.com\/pt\/wp-json\/wp\/v2\/posts\/79823\/revisions"}],"predecessor-version":[{"id":79825,"href":"https:\/\/tvbrazilusa.com\/pt\/wp-json\/wp\/v2\/posts\/79823\/revisions\/79825"}],"wp:featuredmedia":[{"embeddable":true,"href":"https:\/\/tvbrazilusa.com\/pt\/wp-json\/wp\/v2\/media\/79824"}],"wp:attachment":[{"href":"https:\/\/tvbrazilusa.com\/pt\/wp-json\/wp\/v2\/media?parent=79823"}],"wp:term":[{"taxonomy":"category","embeddable":true,"href":"https:\/\/tvbrazilusa.com\/pt\/wp-json\/wp\/v2\/categories?post=79823"},{"taxonomy":"post_tag","embeddable":true,"href":"https:\/\/tvbrazilusa.com\/pt\/wp-json\/wp\/v2\/tags?post=79823"}],"curies":[{"name":"wp","href":"https:\/\/api.w.org\/{rel}","templated":true}]}}