{"id":79857,"date":"2024-12-20T17:00:08","date_gmt":"2024-12-20T17:00:08","guid":{"rendered":"https:\/\/tvbrazilusa.com\/2024\/12\/20\/ministros-tentam-tirar-peso-de-reuniao-marcada-com-lula-para-esta-sexta-20\/"},"modified":"2024-12-20T17:00:09","modified_gmt":"2024-12-20T17:00:09","slug":"ministros-tentam-tirar-peso-de-reuniao-marcada-com-lula-para-esta-sexta-20","status":"publish","type":"post","link":"https:\/\/tvbrazilusa.com\/pt\/2024\/12\/20\/ministros-tentam-tirar-peso-de-reuniao-marcada-com-lula-para-esta-sexta-20\/","title":{"rendered":"Ministros tentam tirar peso de reuni\u00e3o marcada com Lula para esta sexta (20)"},"content":{"rendered":"<p> <script async src=\"https:\/\/pagead2.googlesyndication.com\/pagead\/js\/adsbygoogle.js?client=ca-pub-8864793242727901\"\r\n     crossorigin=\"anonymous\"><\/script><br \/>\n<\/p>\n<div id=\"taboola-read-more\" style=\"display:block; width:100%\">\n<p>O presidente Luiz In\u00e1cio Lula da Silva (PT) reunir\u00e1 nesta sexta-feira (20) seus 38 ministros para um encontro no Pal\u00e1cio do Alvorada. O compromisso ser\u00e1 o primeiro do petista ap\u00f3s o per\u00edodo internado em S\u00e3o Paulo.\n<\/p>\n<p>Ministros ouvidos pela CNN foram categ\u00f3ricos em dizer que n\u00e3o se trata de uma reuni\u00e3o ministerial, mas sim de um almo\u00e7o de confraterniza\u00e7\u00e3o. A ideia \u00e9 que eles ou\u00e7am mais do que sejam ouvidos, j\u00e1 que n\u00e3o s\u00e3o esperados balan\u00e7os individuais de cada pasta. Uma reuni\u00e3o ministerial mais robusta \u00e9 esperada para janeiro.<\/p>\n<p>O tom esperado pela fala de Lula \u00e9 de orienta\u00e7\u00e3o ao time. Questionados se est\u00e3o esperando algum pux\u00e3o de orelha do presidente da Rep\u00fablica, ministros brincaram que \u00e9 final de ano, v\u00e9spera do Natal e que \u201cos cora\u00e7\u00f5es costumam estar mais leves, mais para agradecimentos\u201d.\n<\/p>\n<p>Tamb\u00e9m n\u00e3o se espera que seja um encontro longo porque o presidente Lula ainda se recupera das \u00faltimas intercorr\u00eancias m\u00e9dicas e deve ser poupado de agendas mais extensas.\n<\/p>\n<p>Em algumas ocasi\u00f5es que de fato foram reuni\u00f5es ministeriais, Lula ficou reunido por nove horas com os ministros e foi dada a palavra a cada um deles.\n<\/p>\n<p>A previs\u00e3o \u00e9 de que apenas os ministros Rui Costa (Casa Civil), Alexandre Padilha (Rela\u00e7\u00f5es Institucionais) e Fernando Haddad (Fazenda) devam falar.\n<\/p>\n<p>O presidente chegou a cogitar uma confraterniza\u00e7\u00e3o com a equipe na Granja do Torto, mas foi desaconselhado diante das observa\u00e7\u00f5es m\u00e9dicas. Ele esteve internado no Hospital S\u00edrio-Liban\u00eas na \u00faltima semana para realizar uma cirurgia de emerg\u00eancia na cabe\u00e7a. Voltou \u00e0 Bras\u00edlia na quinta-feira (19).<\/p>\n<p>Segundo Padilha, a expectativa \u00e9 chegar na reuni\u00e3o com not\u00edcias positivas para o presidente sobre o pacote de gastos. Nesta semana, o governo correu para aprovar no Congresso um pacote de medidas para controlar o gasto p\u00fablico e garantir o limite do arcabou\u00e7o fiscal nos pr\u00f3ximos anos.\n<\/p>\n<p>Este pacote \u00e9 composto por uma PEC, um projeto de lei ordin\u00e1ria (PL) e um projeto de lei complementar (PLP). Antes de as mat\u00e9rias chegarem ao Congresso, o governo previa uma economia de R$ 70 bilh\u00f5es.<\/p>\n<p>Fonte: CNN Brasil              <\/p>\n<\/div>\n<p><br \/>\n<br \/><a href=\"https:\/\/diariodobrasilnoticias.com.br\/noticia\/ministros-tentam-tirar-peso-de-reuniao-marcada-com-lula-para-esta-sexta-20-67657d61950f9\">Source link <\/a><\/p>","protected":false},"excerpt":{"rendered":"<p>O presidente Luiz In\u00e1cio Lula da Silva (PT) reunir\u00e1 nesta sexta-feira (20) seus 38 ministros para um encontro no Pal\u00e1cio do Alvorada. O compromisso ser\u00e1 o primeiro do petista ap\u00f3s&hellip;<\/p>","protected":false},"author":1,"featured_media":79858,"comment_status":"closed","ping_status":"open","sticky":false,"template":"","format":"standard","meta":{"content-type":"","footnotes":""},"categories":[16],"tags":[123,2448,5313,1267],"class_list":["post-79857","post","type-post","status-publish","format-standard","has-post-thumbnail","hentry","category-noticias","tag-brasil","tag-diario","tag-noticia","tag-noticias"],"_links":{"self":[{"href":"https:\/\/tvbrazilusa.com\/pt\/wp-json\/wp\/v2\/posts\/79857","targetHints":{"allow":["GET"]}}],"collection":[{"href":"https:\/\/tvbrazilusa.com\/pt\/wp-json\/wp\/v2\/posts"}],"about":[{"href":"https:\/\/tvbrazilusa.com\/pt\/wp-json\/wp\/v2\/types\/post"}],"author":[{"embeddable":true,"href":"https:\/\/tvbrazilusa.com\/pt\/wp-json\/wp\/v2\/users\/1"}],"replies":[{"embeddable":true,"href":"https:\/\/tvbrazilusa.com\/pt\/wp-json\/wp\/v2\/comments?post=79857"}],"version-history":[{"count":1,"href":"https:\/\/tvbrazilusa.com\/pt\/wp-json\/wp\/v2\/posts\/79857\/revisions"}],"predecessor-version":[{"id":79859,"href":"https:\/\/tvbrazilusa.com\/pt\/wp-json\/wp\/v2\/posts\/79857\/revisions\/79859"}],"wp:featuredmedia":[{"embeddable":true,"href":"https:\/\/tvbrazilusa.com\/pt\/wp-json\/wp\/v2\/media\/79858"}],"wp:attachment":[{"href":"https:\/\/tvbrazilusa.com\/pt\/wp-json\/wp\/v2\/media?parent=79857"}],"wp:term":[{"taxonomy":"category","embeddable":true,"href":"https:\/\/tvbrazilusa.com\/pt\/wp-json\/wp\/v2\/categories?post=79857"},{"taxonomy":"post_tag","embeddable":true,"href":"https:\/\/tvbrazilusa.com\/pt\/wp-json\/wp\/v2\/tags?post=79857"}],"curies":[{"name":"wp","href":"https:\/\/api.w.org\/{rel}","templated":true}]}}