{"id":79863,"date":"2024-12-20T17:11:22","date_gmt":"2024-12-20T17:11:22","guid":{"rendered":"https:\/\/tvbrazilusa.com\/2024\/12\/20\/corte-de-gastos-61-deputados-da-base-governista-votaram-contra-o-pacote-veja-detalhes\/"},"modified":"2024-12-20T17:11:23","modified_gmt":"2024-12-20T17:11:23","slug":"corte-de-gastos-61-deputados-da-base-governista-votaram-contra-o-pacote-veja-detalhes","status":"publish","type":"post","link":"https:\/\/tvbrazilusa.com\/pt\/2024\/12\/20\/corte-de-gastos-61-deputados-da-base-governista-votaram-contra-o-pacote-veja-detalhes\/","title":{"rendered":"Corte de gastos: 61 deputados da base governista votaram contra o pacote; veja detalhes"},"content":{"rendered":"<p> <script async src=\"https:\/\/pagead2.googlesyndication.com\/pagead\/js\/adsbygoogle.js?client=ca-pub-8864793242727901\"\r\n     crossorigin=\"anonymous\"><\/script><br \/>\n<\/p>\n<div id=\"taboola-read-more\" style=\"display:block; width:100%\">\n<p>Na contram\u00e3o dos interesses do presidente Luiz In\u00e1cio Lula da Silva (PT), 61 deputados de partidos aliados ao governo petista votaram contra o pacote fiscal de revis\u00e3o de gastos p\u00fablicos.\n<\/p>\n<p>A proposta foi aprovada pela C\u00e2mara em segundo turno nesta quinta-feira, 19, com 348 votos favor\u00e1veis e 146 contr\u00e1rios. O texto, que agora vai ser analisado pelo Senado, aborda os supersal\u00e1rios, o abono salarial e despesas com a educa\u00e7\u00e3o b\u00e1sica.<\/p>\n<p>A principal mudan\u00e7a em rela\u00e7\u00e3o \u00e0s expectativas de Lula diz respeito aos repasses do Fundo de Manuten\u00e7\u00e3o e Desenvolvimento da Educa\u00e7\u00e3o B\u00e1sica e de Valoriza\u00e7\u00e3o dos Profissionais da Educa\u00e7\u00e3o (Fundeb) para o ensino em tempo integral. Apesar de o texto ser priorit\u00e1rio para o governo, a vota\u00e7\u00e3o revelou fissuras entre o Planalto e a base aliada.\n<\/p>\n<p>Partidos como PSD e Uni\u00e3o Brasil, por exemplo, registraram sete e 22 votos contr\u00e1rios, respectivamente, o que evidencia o enfraquecimento da influ\u00eancia lulista no Congresso.\n<\/p>\n<p>Ambos os partidos pressionam o governo por mais espa\u00e7o na reforma ministerial em negocia\u00e7\u00e3o, colocando em segundo plano o apoio \u00e0s medidas propostas.\n<\/p>\n<p>A rela\u00e7\u00e3o entre os partidos aliados e o governo tem se pautado por trocas diretas: para garantir apoio \u00e0s propostas, os parlamentares exigem a libera\u00e7\u00e3o de emendas ao Or\u00e7amento. Mais de R$ 7 bilh\u00f5es foram pagos para viabilizar a vota\u00e7\u00e3o.\n<\/p>\n<p>Veja o n\u00famero de deputados que votaram contra a PEC de corte de gastos<br \/>Psol \u2013 12 deputados<br \/>PP \u2013 9 deputados<br \/>PSD \u2013 7 deputados<br \/>MDB \u2013 6 deputados<br \/>Republicanos \u2013 2 deputados<br \/>PDT \u2013 1 deputado\n<\/p>\n<p>No caso do PT, apenas dois parlamentares se posicionaram contra o projeto: Nat\u00e1lia Bonavides (PT-RN) e Rui Falc\u00e3o (PT-SP). A PEC integra o pacote fiscal apresentado pelo Minist\u00e9rio da Fazenda em novembro, com previs\u00e3o de economizar R$ 71,9 bilh\u00f5es em dois anos.\n<\/p>\n<p>Nos outros projetos enviados pelo governo \u2013 o PLP 210, de 2024, e o PL 4.614, de 2024 \u2013, mais quatro petistas demonstraram insatisfa\u00e7\u00e3o: Dionilso Marcon (PT-RS), Luizianne Lins (PT-CE), Erika Kokay (PT-DF) e Tadeu Veneri (PT-PR).\n<\/p>\n<p>Conforme apurado pelo Poder360, a insatisfa\u00e7\u00e3o dentro do PT se deve ao afastamento dos projetos dos princ\u00edpios do partido de \u201cmanter e conquistar novos direitos\u201d. Parlamentares desaprovam as mudan\u00e7as no abono salarial e o adiamento da reforma sobre os supersal\u00e1rios.\n<\/p>\n<p>Em entrevista ao Poder360, Nat\u00e1lia Bonavides criticou a PEC do governo e disse que ela \u201cdiminui o poder do governo de mudar a vida do povo\u201d. Afirmou ainda que a especula\u00e7\u00e3o financeira \u201cchantageia\u201d o governo para \u201cfazer com que ele n\u00e3o d\u00ea certo\u201d.\n<\/p>\n<div id=\"hd80s9wa1h892edh8192\" class=\"entry-content break-word select-none\">\n<p>\u201cQuerem fazer com que a agenda que foi derrotada nas urnas seja adotada pelo nosso governo\u201d, declarou ao portal. \u201cAo contr\u00e1rio do que querem, o governo conquistou \u00eaxitos colocando em pr\u00e1tica o programa eleito nas urnas de garantia de direitos e de combate \u00e0s desigualdades. N\u00f3s precisamos continuar com essa agenda.\u201d\n<\/p>\n<\/div>\n<p>Fonte: Revista Oeste<\/p>\n<\/p><\/div>\n<p><br \/>\n<br \/><a href=\"https:\/\/diariodobrasilnoticias.com.br\/noticia\/corte-de-gastos-61-deputados-da-base-governista-votaram-contra-o-pacote-veja-detalhes-6765818d45dd3\">Source link <\/a><\/p>","protected":false},"excerpt":{"rendered":"<p>Na contram\u00e3o dos interesses do presidente Luiz In\u00e1cio Lula da Silva (PT), 61 deputados de partidos aliados ao governo petista votaram contra o pacote fiscal de revis\u00e3o de gastos p\u00fablicos.&hellip;<\/p>","protected":false},"author":1,"featured_media":79864,"comment_status":"closed","ping_status":"open","sticky":false,"template":"","format":"standard","meta":{"content-type":"","footnotes":""},"categories":[16],"tags":[123,2448,5313,1267],"class_list":["post-79863","post","type-post","status-publish","format-standard","has-post-thumbnail","hentry","category-noticias","tag-brasil","tag-diario","tag-noticia","tag-noticias"],"_links":{"self":[{"href":"https:\/\/tvbrazilusa.com\/pt\/wp-json\/wp\/v2\/posts\/79863","targetHints":{"allow":["GET"]}}],"collection":[{"href":"https:\/\/tvbrazilusa.com\/pt\/wp-json\/wp\/v2\/posts"}],"about":[{"href":"https:\/\/tvbrazilusa.com\/pt\/wp-json\/wp\/v2\/types\/post"}],"author":[{"embeddable":true,"href":"https:\/\/tvbrazilusa.com\/pt\/wp-json\/wp\/v2\/users\/1"}],"replies":[{"embeddable":true,"href":"https:\/\/tvbrazilusa.com\/pt\/wp-json\/wp\/v2\/comments?post=79863"}],"version-history":[{"count":1,"href":"https:\/\/tvbrazilusa.com\/pt\/wp-json\/wp\/v2\/posts\/79863\/revisions"}],"predecessor-version":[{"id":79865,"href":"https:\/\/tvbrazilusa.com\/pt\/wp-json\/wp\/v2\/posts\/79863\/revisions\/79865"}],"wp:featuredmedia":[{"embeddable":true,"href":"https:\/\/tvbrazilusa.com\/pt\/wp-json\/wp\/v2\/media\/79864"}],"wp:attachment":[{"href":"https:\/\/tvbrazilusa.com\/pt\/wp-json\/wp\/v2\/media?parent=79863"}],"wp:term":[{"taxonomy":"category","embeddable":true,"href":"https:\/\/tvbrazilusa.com\/pt\/wp-json\/wp\/v2\/categories?post=79863"},{"taxonomy":"post_tag","embeddable":true,"href":"https:\/\/tvbrazilusa.com\/pt\/wp-json\/wp\/v2\/tags?post=79863"}],"curies":[{"name":"wp","href":"https:\/\/api.w.org\/{rel}","templated":true}]}}